{"id":60310,"date":"2023-04-01T09:00:39","date_gmt":"2023-04-01T07:00:39","guid":{"rendered":"https:\/\/miradordeatarfe.es\/?p=60310"},"modified":"2023-03-29T16:55:52","modified_gmt":"2023-03-29T14:55:52","slug":"matthew-kraft-investigador-si-no-cambiamos-lo-que-los-profesores-hacen-dentro-del-aula-las-leyes-no-cambiaran-nada","status":"publish","type":"post","link":"https:\/\/miradordeatarfe.es\/?p=60310","title":{"rendered":"Matthew Kraft, investigador: \u201cSi no cambiamos lo que los profesores hacen dentro del aula, las leyes no cambiar\u00e1n nada\u201d"},"content":{"rendered":"<h3 class=\"a_st\" style=\"text-align: justify;\">El profesor de la Universidad de Brown, uno de los referentes en el estudio de la carrera docente en EE UU, defiende las tutor\u00edas individuales y la necesidad de valorar y promover el desarrollo de los profesionales de la educaci\u00f3n<\/h3>\n<p class=\"\" style=\"text-align: justify;\">Matthew Kraft (St. Louis, Missouri, 41 a\u00f1os) comenz\u00f3 a trabajar como profesor de secundaria en California poco despu\u00e9s de graduarse en Relaciones Internacionales en Stanford. Fue en esa \u00e9poca, mientras desarrollaba un programa que el director de un instituto de Berkeley le hab\u00eda encargado para enganchar a adolescentes en riesgo de abandono escolar \u2014\u201cFue un reto enorme y mis alumnos me ense\u00f1aron un mont\u00f3n\u201d\u2014, cuando decidi\u00f3 que quer\u00eda contribuir a mejorar el sistema educativo en su conjunto. Hoy, doctorado en An\u00e1lisis Cuantitativo de Pol\u00edtica Educativa por la Universidad de Harvard, profesor asociado de Educaci\u00f3n y Econom\u00eda en la Universidad de Brown, con su experiencia al hombro como maestro de a pie y sindicalista, es uno de los investigadores de referencia sobre la profesi\u00f3n docente en Estados Unidos. Tambi\u00e9n sobre los programas de tutor\u00edas individualizadas como los que est\u00e1 financiando el Gobierno de Joe Biden para recuperar las p\u00e9rdidas de aprendizaje causadas durante la pandemia de covid. Kraft se ha tomado un a\u00f1o sab\u00e1tico en Brown para viajar a Espa\u00f1a como investigador visitante en la <a href=\"https:\/\/elpais.com\/noticias\/universidad-carlos-iii-madrid\/\" target=\"_blank\" rel=\"noopener\" data-link-track-dtm=\"\">Universidad Carlos III<\/a> y el <a href=\"https:\/\/elpais.com\/educacion\/2022-05-11\/la-jornada-escolar-continua-es-negativa-para-los-ninos-y-agrava-la-brecha-de-genero-las-madres-cobran-1850-euros-menos-al-ano.html\" target=\"_blank\" rel=\"noopener\" data-link-track-dtm=\"\">Centro de Pol\u00edtica Econ\u00f3mica de la escuela de negocios Esade (EsadeEcPol)<\/a>, donde este jueves ofrecer\u00e1 una de las conferencias del encuentro anual del <i>think tank<\/i> en Madrid.<\/p>\n<p class=\"\" style=\"text-align: justify;\"><b>Pregunta<\/b>. \u00bfA qu\u00e9 se refiere cuando habla de tutor\u00edas?<\/p>\n<p class=\"\" style=\"text-align: justify;\"><b>Respuesta<\/b>. Me refiero b\u00e1sicamente a instrucci\u00f3n individual. <a href=\"https:\/\/elpais.com\/educacion\/2023-01-18\/el-auge-de-las-clases-particulares-los-ricos-las-usan-para-diferenciar-a-sus-hijos-los-pobres-para-que-no-se-queden-atras.html\" target=\"_blank\" rel=\"noopener\" data-link-track-dtm=\"\">Hay un mercado privado enorme para este tipo de clases particulares<\/a>. Tambi\u00e9n en Estados Unidos. Es un mercado de unos 6.000 millones de d\u00f3lares al a\u00f1o [algo m\u00e1s de 5.600 millones de euros]. Hay much\u00edsima demanda. Y tambi\u00e9n mucha base cient\u00edfica que demuestra que su eficacia es enorme, mucho mayor que casi cualquier otra intervenci\u00f3n que se haya medido en escuelas de primaria y de secundaria. As\u00ed que la idea es buscar la manera de ofrecerlo en la escuela p\u00fablica, es decir, de dar a los alumnos m\u00e1s instrucci\u00f3n personalizada y de democratizar el acceso a este tipo de ense\u00f1anza. La idea es ofrecer clases dedicadas totalmente a esta instrucci\u00f3n individual o en grupos muy peque\u00f1os, nunca m\u00e1s de cuatro, porque si no se empieza a acercar demasiado a un aula, con sus din\u00e1micas y sus necesidades.<\/p>\n<p class=\"\" style=\"text-align: justify;\"><b>P<\/b>. Estamos hablando, entonces, de tutor\u00edas que se integrar\u00edan dentro del horario lectivo, no de refuerzos extraescolares despu\u00e9s de las clases.<\/p>\n<p class=\"\" style=\"text-align: justify;\"><b>R<\/b>. Eso es. Y es muy importante hacerlo de esa forma porque cuando se ofrecen fuera de la jornada escolar surgen bastantes barreras: unos alumnos tienen dificultades con el transporte si tienen que ir a otro centro, o tienen problemas de acceso a internet si tienen que utilizar alg\u00fan recurso <i>online<\/i>\u2026 Adem\u00e1s, se trata de un programa que creo que no solo puede ser un apoyo acad\u00e9mico, sino socioemocional, por el hecho de que cada alumno pueda tener a alguien que le conozca, que le apoye y le ayude a atravesar su camino escolar.<\/p>\n<p class=\"\" style=\"text-align: justify;\"><b>P<\/b>. Pero para eso har\u00edan falta muchos, muchos profesores.<\/p>\n<p class=\"\" style=\"text-align: justify;\"><b>R.<\/b> Claro, ser\u00eda un programa intensivo a nivel humano y, desde luego, si estamos pensando en aplicarlo en la escuela p\u00fablica, deber\u00edamos tener una oferta m\u00e1s all\u00e1 de los profesores. Pero si, como yo propongo, queremos adem\u00e1s que sea sostenible a largo plazo, tampoco podemos hacerlo solo a base de voluntarios [as\u00ed se est\u00e1 haciendo en muchos de los programas que est\u00e1n poniendo en EE UU]. Por ejemplo, podr\u00edan ejercer como tutores universitarios en pr\u00e1cticas que est\u00e9n cursando carreras de Educaci\u00f3n, lo que les dar\u00eda un mont\u00f3n de experiencia con los alumnos. Tambi\u00e9n se podr\u00edan establecer programas de alumnos voluntarios de secundaria que trabajasen con alumnos de primaria, obviamente con formaci\u00f3n y apoyo\u2026 Yo veo la figura de los tutores como un <i>portfolio<\/i> de posibles perfiles: universitarios en pr\u00e1cticas, alumnos de secundaria voluntarios, profesores jubilados, voluntarios de asociaciones, pero tambi\u00e9n, como un perfil espec\u00edfico dentro de la carrera docente. Porque no queremos tutores que cambien cada semana; la idea es establecer una relaci\u00f3n personal que se mantenga a lo largo de un trimestre, de un curso entero. La base de esta intervenci\u00f3n es esa relaci\u00f3n.<\/p>\n<p class=\"\" style=\"text-align: justify;\"><b>P<\/b>. \u00bfSer\u00eda entonces una especie de evoluci\u00f3n y desarrollo del sistema de desdobles?<\/p>\n<p class=\"\" style=\"text-align: justify;\"><b>R<\/b>. Algo as\u00ed. Yo veo las tutor\u00edas como una versi\u00f3n avanzada de un sistema educativo. Creo que podemos complementar la ense\u00f1anza con grupos de instrucci\u00f3n m\u00e1s personalizada que ayuden a los alumnos a superar sus dificultades, pero tambi\u00e9n que alivie a los docentes de la carga continua de trabajar solo, aislado, con una clase de 30 alumnos.<\/p>\n<p class=\"\" style=\"text-align: justify;\"><b>P<\/b>. Precisamente, usted ha estudiado en profundidad la situaci\u00f3n de la profesi\u00f3n docente en EE UU. \u00bfC\u00f3mo la describir\u00eda?<\/p>\n<p class=\"\" style=\"text-align: justify;\"><b>R<\/b>. Se ha producido un auge y una ca\u00edda de la profesi\u00f3n docente a lo largo de cinco d\u00e9cadas y ahora mismo est\u00e1 en su nivel m\u00e1s bajo. Y no es algo que haya ocurrido de repente, despu\u00e9s de la pandemia; la ca\u00edda comenz\u00f3 en torno a 2010 y las consecuencias se pueden ver, por ejemplo, en la disminuci\u00f3n de inter\u00e9s en la carrera de las nuevas generaciones. Solo el 37% de los padres dicen que les gustar\u00eda que sus hijos fueran profesores, un 50% menos que hace 12 a\u00f1os. Pero eso es solo una parte del problema, el de los profesores del futuro. Los que ya est\u00e1n trabajando manifiestan unos niveles de satisfacci\u00f3n baj\u00edsimos y unos niveles alt\u00edsimos de <i>burn-out<\/i> [el s\u00edndrome del profesor quemado]. Esto ha provocado un nivel creciente de rotaci\u00f3n y abandono, que impide el desarrollo profesional de los profesores y perjudica el aprendizaje del alumnado.<\/p>\n<p class=\"\" style=\"text-align: justify;\"><b>P<\/b>. Y \u00bfc\u00f3mo se arregla eso? Porque supongo es una cuesti\u00f3n de dinero, pero no solo.<\/p>\n<p class=\"\" style=\"text-align: justify;\"><b>R<\/b>. Cuando hablas con los docentes, enseguida te das cuenta de que nadie ha elegido esa profesi\u00f3n para hacerse rico, sino porque le encanta trabajar con los j\u00f3venes y porque quiere cambiar el mundo y contribuir a su comunidad. Pero, al mismo tiempo, tienen que poder vivir dignamente. Y en Estados Unidos, en algunos Estados, a los profesores se les est\u00e1 expulsando de la clase media; se ven obligados a tener un segundo empleo simplemente para poder pagar un piso compartido. En EE UU tenemos que aumentar los sueldos de los docentes. Eso es as\u00ed. Punto. Pero eso no va a cambiar el sistema. Debemos pagarles m\u00e1s, pero no a todos igual. La carrera docente es demasiado plana \u2014una caracter\u00edstica que desincentiva a muchos j\u00f3venes\u2014 y creo que debemos asociar los sueldos a distintas etapas de la profesi\u00f3n, con profesores formadores, profesores que est\u00e9n con un pie en la escuela y otro en la universidad, investigando, desarrollando curr\u00edculos, apoyando a sus colegas\u2026 Hay puestos que s\u00ed tienen ciertos aumentos de sueldo, pero no conllevan ning\u00fan otro reconocimiento fuera del sistema\u2026<\/p>\n<p class=\"\" style=\"text-align: justify;\"><b>P<\/b>. <a href=\"https:\/\/elpais.com\/diario\/1985\/05\/20\/sociedad\/485388003_850215.html\" target=\"_blank\" rel=\"noopener\" data-link-track-dtm=\"\">En Espa\u00f1a ha habido intentos, desde hace m\u00e1s de tres d\u00e9cadas<\/a>, por establecer una carrera docente de ese estilo, con unos escalones y una progresi\u00f3n que tenga que ver con los puestos, los perfiles, los m\u00e9ritos\u2026 Pero Administraciones y maestros nunca han logrado ponerse de acuerdo. \u00bfC\u00f3mo se conjugan las leg\u00edtimas reclamaciones laborales con la necesidad de mejorar el sistema?<\/p>\n<p class=\"\" style=\"text-align: justify;\"><b>R<\/b>. Creo que los propios profesores tienen la oportunidad de pilotar ellos mismos el desarrollo de su profesi\u00f3n y cambiarlo desde dentro. Pero, cuando no se les valora, no tienen m\u00e1s opci\u00f3n que centrarse en aumentos de sueldos iguales para todos, sin ninguna consideraci\u00f3n a las caracter\u00edsticas de cada puesto. Yo creo que a veces lo que pasa es que los administradores, los pol\u00edticos ven que hay una necesidad de mejorar el sistema, pero no se toman la molestia de sentarse con los profesores para abrir un di\u00e1logo sobre la manera de avanzar con ellos, no en su contra. Entonces, las pol\u00edticas se les caen encima. Pero si los docentes se pusieran a la cabeza de la mejora proponiendo un sistema de evaluaci\u00f3n y acompa\u00f1amiento, eso les dar\u00eda argumentos para reclamar mejoras salariales e incentivos que consigan atraer y mantener a los mejores dentro de la profesi\u00f3n.<\/p>\n<figure class=\"a_m a_m-h \" style=\"text-align: justify;\"><span class=\"_db a_m_w _pr lb_btn\"><img data-recalc-dims=\"1\" loading=\"lazy\" decoding=\"async\" class=\"_re lazyload a_m-h\" src=\"https:\/\/i0.wp.com\/imagenes.elpais.com\/resizer\/udwl2-yw2HehuAhS8lUFwJXlD6M%3D\/414x0\/cloudfront-eu-central-1.images.arcpublishing.com\/prisa\/HQ5WIEB4QBB7HCNKMZDKIYJVNU.jpg?resize=414%2C276&#038;ssl=1\" srcset=\"https:\/\/imagenes.elpais.com\/resizer\/udwl2-yw2HehuAhS8lUFwJXlD6M=\/414x0\/cloudfront-eu-central-1.images.arcpublishing.com\/prisa\/HQ5WIEB4QBB7HCNKMZDKIYJVNU.jpg 414w,https:\/\/imagenes.elpais.com\/resizer\/-TK-3dnwrnC8DVd9q_sXnhfOFZU=\/828x0\/cloudfront-eu-central-1.images.arcpublishing.com\/prisa\/HQ5WIEB4QBB7HCNKMZDKIYJVNU.jpg 640w,https:\/\/imagenes.elpais.com\/resizer\/Qggj8NyLJgCI70nJY0DLklhueBI=\/980x0\/cloudfront-eu-central-1.images.arcpublishing.com\/prisa\/HQ5WIEB4QBB7HCNKMZDKIYJVNU.jpg 1000w,https:\/\/imagenes.elpais.com\/resizer\/l7Awv3RA1hNKRXLEM3TOsA7QKv0=\/1960x0\/cloudfront-eu-central-1.images.arcpublishing.com\/prisa\/HQ5WIEB4QBB7HCNKMZDKIYJVNU.jpg 1960w\" alt=\"Matthew Kraft, en su casa en Madrid. \" width=\"414\" height=\"276\" \/><\/span><figcaption class=\"a_m_p\">Matthew Kraft, en su casa en Madrid. <span class=\"a_m_m\">Samuel S\u00e1nchez<\/span><\/figcaption><\/figure>\n<p class=\"\" style=\"text-align: justify;\"><b>P. <\/b>Entonces, \u00bfcree que es necesario evaluar a los profesores?<\/p>\n<p class=\"\" style=\"text-align: justify;\"><b>R<\/b>. En cualquier profesi\u00f3n existe alguna forma de evaluaci\u00f3n. Pero medir la calidad de un profesor, hacerlo bien, de una forma rigurosa, es costoso, porque necesitas muchos elementos de valoraci\u00f3n. Idealmente, el director, los compa\u00f1eros y alguien externo a la escuela les observar\u00edan trabajar en el aula y analizar\u00edan su pr\u00e1ctica docente. Pero en Estados Unidos nos concentramos sobre todo en la idea de que hay malos profesores y, por tanto, hay que medir su desempe\u00f1o para localizarlos y despedirles. Y no digo que esta sea la \u00fanica raz\u00f3n de la p\u00e9rdida de atractivo de la profesi\u00f3n, pero es una de ellas. Adem\u00e1s, parece que hemos olvidado que es un trabajo muy dif\u00edcil. Es un reto enorme convertirse en un profesor eficaz. Hay dos v\u00edas ideol\u00f3gicas para el proceso de rendici\u00f3n de cuentas: mejorar el profesorado despidiendo a los peores y reemplaz\u00e1ndolos, o mejorando el trabajo de la gran mayor\u00eda, de los que no se les da tan bien y de los que ya son buenos, que pueden llegar a ser buen\u00edsimos. Obviamente, hay que garantizar unos m\u00ednimos, pero por eso mismo, en lugar de defender a todos con independencia de su desempe\u00f1o, los sindicatos podr\u00edan ser los encargados de mantener ese nivel m\u00ednimo, promoviendo una cultura de mejora continua y con ello, adem\u00e1s, pueden evitar las pol\u00edticas de evaluaci\u00f3n externa.<\/p>\n<p class=\"\" style=\"text-align: justify;\"><b>P<\/b>. <a href=\"https:\/\/elpais.com\/educacion\/2023-01-24\/el-gobierno-descarta-implantar-un-examen-especial-para-acceder-a-las-carreras-de-educacion-infantil-y-primaria.html\" target=\"_blank\" rel=\"noopener\" data-link-track-dtm=\"\">Ahora que se ha iniciado de nuevo un proceso para establecer una carrera docente en Espa\u00f1a<\/a>. \u00bfQu\u00e9 lecciones se pueden aprender del caso estadounidense?<\/p>\n<p class=\"\" style=\"text-align: justify;\"><b>R<\/b>. Una lecci\u00f3n clave es que la implementaci\u00f3n de una pol\u00edtica es lo m\u00e1s importante para lograr su \u00e9xito. Podemos escribir una ley preciosa, pero si la implementamos de una manera desequilibrada o meramente burocr\u00e1tica, no va a cambiar la forma de ense\u00f1ar. Y si no cambiamos lo que los profesores est\u00e1n haciendo de verdad dentro del aula, las leyes no cambiar\u00e1n nada. Y para tener \u00e9xito hay que involucrar a los profesores. No digo que, si est\u00e1n en contra de una ley, debamos pararla, lo que digo es que hay que tener en cuenta sus propuestas de c\u00f3mo llevar a cabo las reformas. Otra idea es que las condiciones laborales no solo impactan en la atracci\u00f3n o no de nuevos docentes, sino en la efectividad y eficacia de los que ya est\u00e1n trabajando. Un profesor no es un robot, capaz de ofrecer la misma ense\u00f1anza en cualquier contexto. Obviamente, el salario es importante, pero hay bastantes posibilidades de mejorar las condiciones laborales por otras v\u00edas. Las infraestructuras, por ejemplo, son importantes y tambi\u00e9n el n\u00famero de alumnos por aula, pero nuestras investigaciones han demostrado que lo que m\u00e1s valoran los profesores son cuestiones como el liderazgo del director, la cooperaci\u00f3n y la confianza entre los compa\u00f1eros, el tiempo para planear su curr\u00edculo y reunirse en equipos o el apoyo de otros perfiles como psic\u00f3logos y trabajadores sociales.<\/p>\n<p class=\"\" style=\"text-align: justify;\"><b>P<\/b>. En Espa\u00f1a tambi\u00e9n se ha hablado mucho de descentralizaci\u00f3n educativa y de autonom\u00eda de los centros. En su opini\u00f3n, \u00bfcu\u00e1les son las bondades y los problemas de un sistema tan descentralizado como el estadounidense?<\/p>\n<p class=\"\" style=\"text-align: justify;\"><b>R<\/b>. Por un lado, es bastante dif\u00edcil lograr el mismo nivel de rigor en la consecuci\u00f3n del curr\u00edculo, debido a la independencia de las escuelas y su distancia con las pol\u00edticas a nivel federal. Es realmente dif\u00edcil generalizar pol\u00edticas que han funcionado a nivel local. Pero, por otro lado, esa independencia permite a los mejores directores y profesores innovar y generar nuevas ideas; es incre\u00edble lo que pueden hacer cuando no tienen limitaciones y barreras. Sin embargo, de nuevo, un sistema tan descentralizado hace dif\u00edcil replicar esas buenas pr\u00e1cticas.<\/p>\n<p><a class=\"a_md_a_n\" title=\"Ver todas las noticias de J. A. Auni\u00f3n\" href=\"https:\/\/elpais.com\/autor\/juan-antonio-aunion\/#?rel=author_top\"><strong>J. A. Auni\u00f3n<\/strong><\/a><\/p>\n<header class=\"a_e _g _g-xs\">\n<div class=\"a_e_m\">\n<figure class=\"a_m a_m-h \"><figcaption class=\"a_m_p\">FOTO: Matthew Kraft, especialista en educaci\u00f3n de la Universidad de Brown, en su casa en Madrid.<span class=\"a_m_m\">Samuel S\u00e1nchez<\/span><\/figcaption><\/figure>\n<\/div>\n<\/header>\n<div class=\"a_md _g _g-xs \">\n<figure class=\"a_md_i a_m-h c_m--nf\"><span class=\"a_m_w _db\">https:\/\/elpais.com\/educacion\/2023-03-15\/matthew-kraft-investigador-si-no-cambiamos-lo-que-los-profesores-hacen-dentro-del-aula-las-leyes-no-cambiaran-nada.html<\/span><\/figure>\n<div class=\"a_md_txt\">\n<div class=\"a_md_a\" data-dtm-region=\"articulo_firma\">\u00a0<\/div>\n<\/div>\n<\/div>\n","protected":false},"excerpt":{"rendered":"<p>El profesor de la Universidad de Brown, uno de los referentes en el estudio de&#8230;<\/p>\n","protected":false},"author":1,"featured_media":60311,"comment_status":"closed","ping_status":"closed","sticky":false,"template":"","format":"standard","meta":{"_coblocks_attr":"","_coblocks_dimensions":"","_coblocks_responsive_height":"","_coblocks_accordion_ie_support":"","jetpack_post_was_ever_published":false,"_jetpack_newsletter_access":"","_jetpack_dont_email_post_to_subs":false,"_jetpack_newsletter_tier_id":0,"_jetpack_memberships_contains_paywalled_content":false,"_jetpack_memberships_contains_paid_content":false,"footnotes":"","jetpack_publicize_message":"","jetpack_publicize_feature_enabled":true,"jetpack_social_post_already_shared":false,"jetpack_social_options":{"image_generator_settings":{"template":"highway","default_image_id":0,"enabled":false},"version":2}},"categories":[187,44,7671,15],"tags":[27,10201],"class_list":["post-60310","post","type-post","status-publish","format-standard","has-post-thumbnail","hentry","category-centros-educativos","category-noticias-de-hoy","category-politica","category-ultimas-noticias","tag-educacion","tag-tutorias"],"jetpack_publicize_connections":[],"jetpack_featured_media_url":"https:\/\/i0.wp.com\/miradordeatarfe.es\/wp-content\/uploads\/2023\/03\/10.png?fit=678%2C494&ssl=1","jetpack_likes_enabled":true,"jetpack_sharing_enabled":true,"_links":{"self":[{"href":"https:\/\/miradordeatarfe.es\/index.php?rest_route=\/wp\/v2\/posts\/60310","targetHints":{"allow":["GET"]}}],"collection":[{"href":"https:\/\/miradordeatarfe.es\/index.php?rest_route=\/wp\/v2\/posts"}],"about":[{"href":"https:\/\/miradordeatarfe.es\/index.php?rest_route=\/wp\/v2\/types\/post"}],"author":[{"embeddable":true,"href":"https:\/\/miradordeatarfe.es\/index.php?rest_route=\/wp\/v2\/users\/1"}],"replies":[{"embeddable":true,"href":"https:\/\/miradordeatarfe.es\/index.php?rest_route=%2Fwp%2Fv2%2Fcomments&post=60310"}],"version-history":[{"count":1,"href":"https:\/\/miradordeatarfe.es\/index.php?rest_route=\/wp\/v2\/posts\/60310\/revisions"}],"predecessor-version":[{"id":60312,"href":"https:\/\/miradordeatarfe.es\/index.php?rest_route=\/wp\/v2\/posts\/60310\/revisions\/60312"}],"wp:featuredmedia":[{"embeddable":true,"href":"https:\/\/miradordeatarfe.es\/index.php?rest_route=\/wp\/v2\/media\/60311"}],"wp:attachment":[{"href":"https:\/\/miradordeatarfe.es\/index.php?rest_route=%2Fwp%2Fv2%2Fmedia&parent=60310"}],"wp:term":[{"taxonomy":"category","embeddable":true,"href":"https:\/\/miradordeatarfe.es\/index.php?rest_route=%2Fwp%2Fv2%2Fcategories&post=60310"},{"taxonomy":"post_tag","embeddable":true,"href":"https:\/\/miradordeatarfe.es\/index.php?rest_route=%2Fwp%2Fv2%2Ftags&post=60310"}],"curies":[{"name":"wp","href":"https:\/\/api.w.org\/{rel}","templated":true}]}}