{"id":60378,"date":"2023-04-06T08:23:55","date_gmt":"2023-04-06T06:23:55","guid":{"rendered":"https:\/\/miradordeatarfe.es\/?p=60378"},"modified":"2023-04-04T20:25:22","modified_gmt":"2023-04-04T18:25:22","slug":"como-afectara-a-nuestras-democracias-el-desarrollo-incontrolado-de-la-inteligencia-artificial","status":"publish","type":"post","link":"https:\/\/miradordeatarfe.es\/?p=60378","title":{"rendered":"\u00bfC\u00f3mo afectar\u00e1 a nuestras democracias el desarrollo incontrolado de la Inteligencia Artificial?"},"content":{"rendered":"<h3 style=\"text-align: justify;\">Desde hace unos meses, el gran p\u00fablico -casi todos nosotros nos incluimos ah\u00ed- estamos empezando a ser conscientes del poder de la <a href=\"https:\/\/cadenaser.com\/nacional\/2023\/02\/10\/inteligencia-artificial-revolucion-ayuda-o-trampa-en-la-docencia-cadena-ser\/\" target=\"_blank\" rel=\"noopener\">inteligencia artificial,<\/a> de lo que implica, de lo que puede hacer. De lo que lleva mucho tiempo haciendo bajo el radar, pero que ahora, en gran parte gracias a aplicaciones como <a href=\"https:\/\/cadenaser.com\/nacional\/2023\/02\/10\/chat-gpt-tampoco-es-infalible-algunos-errores-de-bulto-de-la-inteligencia-artificial-del-momento-cadena-ser\/\" target=\"_blank\" rel=\"noopener\">ChatGPT<\/a>, hemos empezado todos a conocer.<\/h3>\n<p>Que gente de semejante nivel, con acceso a mucha informaci\u00f3n, est\u00e9 lanzando este aviso a navegantes, esto nos interpela a todos, principalmente a las autoridades, aunque haga ya mucho tiempo que los avances tecnol\u00f3gicos escapan a la capacidad de control y regulaci\u00f3n de cualquier pa\u00eds o comunidad de estados<\/p>\n<p style=\"text-align: justify;\">Al principio nos parec\u00eda muy gracioso, mira el chat, voy a meter mi nombre, a ver qu\u00e9 dice, voy a pedirle que me escriba un texto. \u00a1Ay, los chavales!, qu\u00e9 gamberros, que van a pedirle al chat que les haga los trabajos de clase. En paralelo, tambi\u00e9n hemos asistido a c\u00f3mo la inteligencia artificial crea im\u00e1genes. Aqu\u00ed tambi\u00e9n: \u00a1ay qu\u00e9 gracioso!, mira estas im\u00e1genes creadas con inteligencia artificial con caras de mujeres representando cada una a una comunidad aut\u00f3noma. Voy a decirle, dis\u00e9\u00f1ame &#8216;nosequ\u00e9&#8217;.<\/p>\n<p style=\"text-align: justify;\">Sin embargo, para muchos, el mayor ba\u00f1o de realidad ha llegado en esta \u00faltima semana, cuando nos hemos topado con una imagen del papa Francisco con un abrigo blanco enorme, tipo rapero. Y nos lo hemos cre\u00eddo. O hemos dudado. \u00bfEsto es verdad o no? No lo era. Como tampoco lo eran las im\u00e1genes de una supuesta detenci\u00f3n de Trump que han corrido por todas partes.<\/p>\n<p style=\"text-align: justify;\">Esto de crear im\u00e1genes falsas y que un usuario no pueda saber si son falsas abre una puerta peligros\u00edsima. A todos los niveles. Decimos siempre: ojo con cualquier cosa que favorezca la difusi\u00f3n de informaci\u00f3n falsa. Pero es que esto lo lleva ya a otros niveles.<\/p>\n<p style=\"text-align: justify;\">Siempre ha habido gente, empresas, grupos de presi\u00f3n, interesados en condicionar elecciones. \u00bfQu\u00e9 puede pasar en estas pr\u00f3ximas elecciones municipales cuando alguien publique la imagen de un candidato en no s\u00e9 qu\u00e9 pueblo de Espa\u00f1a haciendo algo malo, que realmente no haya hecho? O llev\u00e1ndolo a v\u00eddeos. \u00bfQu\u00e9 poder de desestabilizaci\u00f3n puede tener alguien con la capacidad de crear un v\u00eddeo en el que un mandatario o quien sea aparezca diciendo algo que realmente no ha dicho? O llevado a la voz. Imaginente dentro de meses, a\u00f1os como mucho, que se pueda crear una r\u00e9plica exacta de mi voz y les llegue una nota de Whatsapp en el que aparezco yo diciendo algo delictivo, por ejemplo. \u00bfCu\u00e1nto vamos a tardar en ver a una turba protestando o incluso linchando a alguien por algo que realmente no ha dicho, pero que sea v\u00edctima de un v\u00eddeo en el que parezca que s\u00ed lo ha dicho? \u00bfSomos conscientes del nivel de vulnerabilidad al que se exponen nuestros procesos pol\u00edticos democr\u00e1ticos y nuestras sociedades?<\/p>\n<p style=\"text-align: justify;\">Incluso nosotros mismos. El otro d\u00eda le\u00edamos un reportaje en &#8216;El pa\u00eds&#8217; sobre los falsos v\u00eddeos porno. Gente que usando la inteligencia artificial para hacer da\u00f1o crea v\u00eddeos porno hiperrealistas con la cara de personas -casi siempre mujeres- que no han grabado ese v\u00eddeo. Pero que van a ver corriendo por internet un v\u00eddeo porno con su cara y que nadie sea capaz de detectar que es falso. El para\u00edso para hombres machistas que encuentran ah\u00ed una forma de chantajear o vengarse, por ejemplo, de una mujer que ya no quiera estar con ellos.<\/p>\n<p style=\"text-align: justify;\">Todo esto es real, todo esto est\u00e1 pasando. Estamos en un mundo en el que, progresivamente, va a perder sentido el \u00abyo conf\u00edo en lo que veo con mis ojos\u00bb o el \u00abyo conf\u00edo en lo que escucho por m\u00ed mismo\u00bb.<\/p>\n<p style=\"text-align: justify;\">Obviamente, la inteligencia artificial tiene mil cosas buenas. Esto es important\u00edsimo subrayarlo. Es una herramienta fundamental hacia el progreso. Y desde luego ning\u00fan an\u00e1lisis se puede hacer desde ludismo, del no a los avances tecnol\u00f3gicos. Obviamente no.<\/p>\n<p style=\"text-align: justify;\">Pero que nos enfrentamos a un escenario incierto, eso es una evidencia. Y por eso tiene una trascendencia enorme<a href=\"https:\/\/cadenaser.com\/nacional\/2023\/03\/29\/musk-y-otros-cientificos-piden-el-cese-inmediato-de-los-experimentos-con-inteligencia-artificial-cadena-ser\/\" target=\"_blank\" rel=\"noopener\"> la carta que han firmado hoy mil investigadores<\/a>, intelectuales y empresarios vinculados a la inteligencia artificial advirtiendo de que esto est\u00e1 yendo demasiado deprisa, y pidiendo una moratoria de seis meses en el desarrollo de esta inteligencia. Que se pare, al menos seis meses, la carrera sin control en la que han entrado el desarrollo de esta tecnolog\u00eda. Es verdad que tiene un tono quiz\u00e1 excesivamente apocal\u00edptico, pero tambi\u00e9n es verdad que si uno se pone a leer lo que plantean, asusta un poco. Dicen:<\/p>\n<p style=\"text-align: justify;\"><i>\u00abHacemos un llamamiento a todos los laboratorios de Inteligencia Artificial para que pausen de inmediato durante al menos seis meses el entrenamiento de los sistemas m\u00e1s potentes que GPT-4. La sociedad ha hecho una pausa en otras tecnolog\u00edas con efectos potencialmente catastr\u00f3ficos en la sociedad. La IA avanzada podr\u00eda representar un cambio profundo en la historia de la vida en la Tierra, y deber\u00eda planificarse y gestionarse con el cuidado y los recursos correspondientes. Este tipo de decisiones no deben delegarse en l\u00edderes tecnol\u00f3gicos no electos\u00bb.<\/i><\/p>\n<p style=\"text-align: justify;\">Es parad\u00f3jico que entre los mil firmantes de esta carta abierta haya nombres como el de Elon Musk, fundador de Tesla y due\u00f1o de Twitter, que es la definici\u00f3n de l\u00edder tecnol\u00f3gico no electo que juega a poner y quitar normas que moldeen el di\u00e1logo social. Pero tambi\u00e9n hay otros empresarios del mundo tecnol\u00f3gico de primer nivel, como Steve Wozniak, cofundador de Apple. O Jaan Tallinn, cofundador de Skype. O el historiador Harari, autor del libro superventas &#8216;Sapiens&#8217;. Y aqu\u00ed en Espa\u00f1a lo firman Carles Serra, director del Instituto de Inteligencia Artificial del CSIC o Ram\u00f3n L\u00f3pez de M\u00e1ntaras, uno de los mayores expertos europeos en inteligencia artificial. Quiero decir, esto no es un grupito de desinformados asustaviejas.<\/p>\n<p style=\"text-align: justify;\">Que gente de semejante nivel, con acceso a mucha informaci\u00f3n, est\u00e9 lanzando este aviso a navegantes, esto nos interpela a todos, principalmente a las autoridades, aunque haga ya mucho tiempo que los avances tecnol\u00f3gicos escapan a la capacidad de control y regulaci\u00f3n de cualquier pa\u00eds o comunidad de estados.<\/p>\n<p><a class=\"au-wb\" title=\"Aimar Bretos\" href=\"https:\/\/cadenaser.com\/autor\/aimar_bretos_loidi\/a\/\"><strong>Aimar Bretos<\/strong><\/a><\/p>\n<p>CADENA SER<\/p>\n<p>https:\/\/cadenaser.com\/nacional\/2023\/03\/29\/como-afectara-a-nuestras-democracias-el-desarrollo-incontrolado-de-la-inteligencia-artificial-cadena-ser\/<\/p>\n","protected":false},"excerpt":{"rendered":"<p>Desde hace unos meses, el gran p\u00fablico -casi todos nosotros nos incluimos ah\u00ed- estamos empezando&#8230;<\/p>\n","protected":false},"author":1,"featured_media":60379,"comment_status":"closed","ping_status":"closed","sticky":false,"template":"","format":"standard","meta":{"_coblocks_attr":"","_coblocks_dimensions":"","_coblocks_responsive_height":"","_coblocks_accordion_ie_support":"","jetpack_post_was_ever_published":false,"_jetpack_newsletter_access":"","_jetpack_dont_email_post_to_subs":false,"_jetpack_newsletter_tier_id":0,"_jetpack_memberships_contains_paywalled_content":false,"_jetpack_memberships_contains_paid_content":false,"footnotes":"","jetpack_publicize_message":"","jetpack_publicize_feature_enabled":true,"jetpack_social_post_already_shared":false,"jetpack_social_options":{"image_generator_settings":{"template":"highway","default_image_id":0,"enabled":false},"version":2}},"categories":[1161,44,6937,6920,15],"tags":[3666,5456,10204],"class_list":["post-60378","post","type-post","status-publish","format-standard","has-post-thumbnail","hentry","category-ciudadania","category-noticias-de-hoy","category-sociedad","category-tecnologia","category-ultimas-noticias","tag-inteligencia-artificial","tag-investigadores","tag-poderes-publicos"],"jetpack_publicize_connections":[],"jetpack_featured_media_url":"https:\/\/i0.wp.com\/miradordeatarfe.es\/wp-content\/uploads\/2023\/03\/images-3.jpg?fit=290%2C174&ssl=1","jetpack_likes_enabled":true,"jetpack_sharing_enabled":true,"_links":{"self":[{"href":"https:\/\/miradordeatarfe.es\/index.php?rest_route=\/wp\/v2\/posts\/60378","targetHints":{"allow":["GET"]}}],"collection":[{"href":"https:\/\/miradordeatarfe.es\/index.php?rest_route=\/wp\/v2\/posts"}],"about":[{"href":"https:\/\/miradordeatarfe.es\/index.php?rest_route=\/wp\/v2\/types\/post"}],"author":[{"embeddable":true,"href":"https:\/\/miradordeatarfe.es\/index.php?rest_route=\/wp\/v2\/users\/1"}],"replies":[{"embeddable":true,"href":"https:\/\/miradordeatarfe.es\/index.php?rest_route=%2Fwp%2Fv2%2Fcomments&post=60378"}],"version-history":[{"count":1,"href":"https:\/\/miradordeatarfe.es\/index.php?rest_route=\/wp\/v2\/posts\/60378\/revisions"}],"predecessor-version":[{"id":60380,"href":"https:\/\/miradordeatarfe.es\/index.php?rest_route=\/wp\/v2\/posts\/60378\/revisions\/60380"}],"wp:featuredmedia":[{"embeddable":true,"href":"https:\/\/miradordeatarfe.es\/index.php?rest_route=\/wp\/v2\/media\/60379"}],"wp:attachment":[{"href":"https:\/\/miradordeatarfe.es\/index.php?rest_route=%2Fwp%2Fv2%2Fmedia&parent=60378"}],"wp:term":[{"taxonomy":"category","embeddable":true,"href":"https:\/\/miradordeatarfe.es\/index.php?rest_route=%2Fwp%2Fv2%2Fcategories&post=60378"},{"taxonomy":"post_tag","embeddable":true,"href":"https:\/\/miradordeatarfe.es\/index.php?rest_route=%2Fwp%2Fv2%2Ftags&post=60378"}],"curies":[{"name":"wp","href":"https:\/\/api.w.org\/{rel}","templated":true}]}}