{"id":60386,"date":"2023-04-02T11:32:05","date_gmt":"2023-04-02T09:32:05","guid":{"rendered":"https:\/\/miradordeatarfe.es\/?p=60386"},"modified":"2023-10-21T20:22:17","modified_gmt":"2023-10-21T18:22:17","slug":"atarfenos-del-mundo-de-la-ciencia-maria-santamarina-sancho","status":"publish","type":"post","link":"https:\/\/miradordeatarfe.es\/?p=60386","title":{"rendered":"ATARFE\u00d1OS DEL MUNDO DE LA CIENCIA: MARIA SANTAMARINA SANCHO"},"content":{"rendered":"<h3>Mar\u00eda Santamarina Sancho. Doctora en Ciencias de la Educaci\u00f3n. Soy t\u00e9cnica de educaci\u00f3n del Vicerrectorado\u00a0 e Extensi\u00f3n Universitaria y Patrimonio de la UGR y PDI del CM \u00abLa Inmaculada\u00bb (UGR)<\/h3>\n<p>La ciencia es fundamental en nuestra vida. Nos permite \u00abobservar\u00bb lo que sucede a nuestro alrededor, predecir, incluso, lo que va a suceder, y sacar conclusiones. Seguro que en tu d\u00eda a d\u00eda te has dado cuenta de que investigar y experimenta\u00a0 todo lo que te llama la atenci\u00f3n es un aprendizaje divertido y muy enriquecedor. Si a\u00fan no lo has comprobado, \u00a1no dudes en empezar! Puedes hacerlo con peque\u00f1as cosas y seguro que seguir\u00e1s con grandes descubrimientos.<\/p>\n<p>Estoy convencida de que alguna vez te has preguntado c\u00f3mo se producen algunos fen\u00f3menos de la naturaleza, por ejemplo, pero la ciencia es mucho m\u00e1s&#8230; La ciencia es tambi\u00e9n saber\u00a0 c\u00f3mo aprendemos a leer y a escribir, c\u00f3mo han evolucionado las personas, los animales, las tecnolog\u00edas&#8230; Te reto a que empieces con esos\u00a0 peque\u00f1os detalles que te rodean y que despiertan tu curiosidad. Te dar\u00e1s cuenta de que la ciencia \u00abengancha\u00bb, de que aprender sobre nuestro mundo\u00a0y nuestra sociedad te hace m\u00e1s sabio y m\u00e1s libre.<\/p>\n<h3>\u00a1Desc\u00fabrelo!<\/h3>\n<p><a href=\"https:\/\/i0.wp.com\/miradordeatarfe.es\/wp-content\/uploads\/2023\/03\/SANTAMARINA.png?ssl=1\"><img data-recalc-dims=\"1\" loading=\"lazy\" decoding=\"async\" class=\"alignnone wp-image-60387 \" src=\"https:\/\/i0.wp.com\/miradordeatarfe.es\/wp-content\/uploads\/2023\/03\/SANTAMARINA.png?resize=481%2C465&#038;ssl=1\" alt=\"\" width=\"481\" height=\"465\" srcset=\"https:\/\/i0.wp.com\/miradordeatarfe.es\/wp-content\/uploads\/2023\/03\/SANTAMARINA.png?w=353&amp;ssl=1 353w, https:\/\/i0.wp.com\/miradordeatarfe.es\/wp-content\/uploads\/2023\/03\/SANTAMARINA.png?resize=300%2C290&amp;ssl=1 300w\" sizes=\"auto, (max-width: 481px) 100vw, 481px\" \/><\/a><\/p>\n","protected":false},"excerpt":{"rendered":"<p>Mar\u00eda Santamarina Sancho. Doctora en Ciencias de la Educaci\u00f3n. Soy t\u00e9cnica de educaci\u00f3n del Vicerrectorado\u00a0&#8230;<\/p>\n","protected":false},"author":1,"featured_media":60388,"comment_status":"closed","ping_status":"closed","sticky":false,"template":"","format":"standard","meta":{"_coblocks_attr":"","_coblocks_dimensions":"","_coblocks_responsive_height":"","_coblocks_accordion_ie_support":"","jetpack_post_was_ever_published":false,"_jetpack_newsletter_access":"","_jetpack_dont_email_post_to_subs":false,"_jetpack_newsletter_tier_id":0,"_jetpack_memberships_contains_paywalled_content":false,"_jetpack_memberships_contains_paid_content":false,"footnotes":"","jetpack_publicize_message":"","jetpack_publicize_feature_enabled":true,"jetpack_social_post_already_shared":false,"jetpack_social_options":{"image_generator_settings":{"template":"highway","default_image_id":0,"enabled":false},"version":2}},"categories":[9597,10778,6539],"tags":[81,9598],"class_list":["post-60386","post","type-post","status-publish","format-standard","has-post-thumbnail","hentry","category-cientificos-atarfenos","category-feria-de-la-ciencia-atarfe","category-personajes-de-ataref","tag-atarfe","tag-cientificos-atarfenos"],"jetpack_publicize_connections":[],"jetpack_featured_media_url":"https:\/\/i0.wp.com\/miradordeatarfe.es\/wp-content\/uploads\/2023\/03\/unnamed-file.jpg?fit=300%2C200&ssl=1","jetpack_likes_enabled":true,"jetpack_sharing_enabled":true,"_links":{"self":[{"href":"https:\/\/miradordeatarfe.es\/index.php?rest_route=\/wp\/v2\/posts\/60386","targetHints":{"allow":["GET"]}}],"collection":[{"href":"https:\/\/miradordeatarfe.es\/index.php?rest_route=\/wp\/v2\/posts"}],"about":[{"href":"https:\/\/miradordeatarfe.es\/index.php?rest_route=\/wp\/v2\/types\/post"}],"author":[{"embeddable":true,"href":"https:\/\/miradordeatarfe.es\/index.php?rest_route=\/wp\/v2\/users\/1"}],"replies":[{"embeddable":true,"href":"https:\/\/miradordeatarfe.es\/index.php?rest_route=%2Fwp%2Fv2%2Fcomments&post=60386"}],"version-history":[{"count":1,"href":"https:\/\/miradordeatarfe.es\/index.php?rest_route=\/wp\/v2\/posts\/60386\/revisions"}],"predecessor-version":[{"id":60389,"href":"https:\/\/miradordeatarfe.es\/index.php?rest_route=\/wp\/v2\/posts\/60386\/revisions\/60389"}],"wp:featuredmedia":[{"embeddable":true,"href":"https:\/\/miradordeatarfe.es\/index.php?rest_route=\/wp\/v2\/media\/60388"}],"wp:attachment":[{"href":"https:\/\/miradordeatarfe.es\/index.php?rest_route=%2Fwp%2Fv2%2Fmedia&parent=60386"}],"wp:term":[{"taxonomy":"category","embeddable":true,"href":"https:\/\/miradordeatarfe.es\/index.php?rest_route=%2Fwp%2Fv2%2Fcategories&post=60386"},{"taxonomy":"post_tag","embeddable":true,"href":"https:\/\/miradordeatarfe.es\/index.php?rest_route=%2Fwp%2Fv2%2Ftags&post=60386"}],"curies":[{"name":"wp","href":"https:\/\/api.w.org\/{rel}","templated":true}]}}