{"id":60396,"date":"2023-04-03T11:00:28","date_gmt":"2023-04-03T09:00:28","guid":{"rendered":"https:\/\/miradordeatarfe.es\/?p=60396"},"modified":"2023-04-02T14:57:11","modified_gmt":"2023-04-02T12:57:11","slug":"60396","status":"publish","type":"post","link":"https:\/\/miradordeatarfe.es\/?p=60396","title":{"rendered":"ATARFE: AYER PROCESION\u00d3 LA IMAGEN DE NUESTRO PADRE JES\u00daS DE LA PACIENCIA"},"content":{"rendered":"<h3 dir=\"auto\">Los disc\u00edpulos fueron e hicieron como les hab\u00eda mandado Jes\u00fas. Llevaron la burra y el burrito, y pusieron encima sus mantos, sobre los cuales se sent\u00f3 Jes\u00fas.<\/h3>\n<div dir=\"auto\">Hab\u00eda mucha gente que tend\u00eda sus mantos sobre el camino; otros cortaban ramas de los \u00e1rboles y las esparc\u00edan en el camino. Tanto la gente que iba delante de \u00e9l como la que iba detr\u00e1s, gritaba:<\/div>\n<div dir=\"auto\">\u00a1Hosanna\u00a0 al Hijo de David!<\/div>\n<div dir=\"auto\">\u00a1Bendito el que viene en el nombre del Se\u00f1or!\u00a0<\/div>\n<div dir=\"auto\">\u00a1Hosanna en las alturas!<\/div>\n<div dir=\"auto\">\u00a0<\/div>\n<div dir=\"auto\">Cuando Jes\u00fas entr\u00f3 en Jerusal\u00e9n, toda la ciudad se conmovi\u00f3.<\/div>\n<div dir=\"auto\">\u00a0<\/div>\n<div dir=\"auto\">\u00bfQui\u00e9n es \u00e9ste? preguntaban.<\/div>\n<div dir=\"auto\">\u00c9ste es el profeta Jes\u00fas, de Nazaret de Galilea\u2014contestaba la gente. Mateo 21:1-11<\/div>\n<div dir=\"auto\">\u00a0<\/div>\n<div dir=\"auto\">Desde hace unos a\u00f1os contamos los atarfe\u00f1os con un nuevo elemento que enriquece nuestro patrimonio art\u00edstico. Nos referimos a Nuestro Padre Jes\u00fas de la Paciencia en su Entrada Triunfal en Jerusal\u00e9n, salido de la gubia de<strong> Ventura G\u00f3mez<\/strong>, imaginero sevillano disc\u00edpulo de <strong>Luis \u00c1lvarez Duarte<\/strong>.<\/div>\n<div dir=\"auto\">\u00a0<\/div>\n<div dir=\"auto\">Imagen bendecida en 2021 por el p\u00e1rroco Jos\u00e9 Ignacio Mart\u00ednez, <strong>procesion\u00f3 por primera vez el Domingo de Ramos de 2022.<\/strong><\/div>\n<div dir=\"auto\">Este Domingo de Ramos lo ha realizado de nuevo estrenando la imagen algunos enseres.<\/div>\n<div dir=\"auto\">\u00a0<\/div>\n<div dir=\"auto\">Los estrenos y el cambio de color en la fachada de la ermita de Santa Ana generaron una est\u00e9tica diferente a la vivida el a\u00f1o pasado. Lo que seguro que no cambi\u00f3 es el fervor vivido por la feligres\u00eda atarfe\u00f1a.<\/div>\n<div dir=\"auto\">\u00a0<\/div>\n<div dir=\"auto\"><strong>Gacetilla y curiosidades elvirenses.<\/strong><\/div>\n<div dir=\"auto\">\u00a0<\/div>\n<div dir=\"auto\"><a href=\"https:\/\/i0.wp.com\/miradordeatarfe.es\/wp-content\/uploads\/2023\/04\/1680439118058-scaled.jpg?ssl=1\"><img data-recalc-dims=\"1\" loading=\"lazy\" decoding=\"async\" class=\"alignnone wp-image-60397 size-full\" src=\"https:\/\/i0.wp.com\/miradordeatarfe.es\/wp-content\/uploads\/2023\/04\/1680439118058-scaled.jpg?resize=640%2C853&#038;ssl=1\" alt=\"\" width=\"640\" height=\"853\" srcset=\"https:\/\/i0.wp.com\/miradordeatarfe.es\/wp-content\/uploads\/2023\/04\/1680439118058-scaled.jpg?w=1920&amp;ssl=1 1920w, https:\/\/i0.wp.com\/miradordeatarfe.es\/wp-content\/uploads\/2023\/04\/1680439118058-scaled.jpg?resize=225%2C300&amp;ssl=1 225w, https:\/\/i0.wp.com\/miradordeatarfe.es\/wp-content\/uploads\/2023\/04\/1680439118058-scaled.jpg?resize=768%2C1024&amp;ssl=1 768w, https:\/\/i0.wp.com\/miradordeatarfe.es\/wp-content\/uploads\/2023\/04\/1680439118058-scaled.jpg?resize=1152%2C1536&amp;ssl=1 1152w, https:\/\/i0.wp.com\/miradordeatarfe.es\/wp-content\/uploads\/2023\/04\/1680439118058-scaled.jpg?resize=1536%2C2048&amp;ssl=1 1536w, https:\/\/i0.wp.com\/miradordeatarfe.es\/wp-content\/uploads\/2023\/04\/1680439118058-scaled.jpg?resize=1320%2C1760&amp;ssl=1 1320w\" sizes=\"auto, (max-width: 640px) 100vw, 640px\" \/><\/a><\/div>\n<div dir=\"auto\">\u00a0<\/div>\n<div dir=\"auto\">\u00a0<\/div>\n","protected":false},"excerpt":{"rendered":"<p>Los disc\u00edpulos fueron e hicieron como les hab\u00eda mandado Jes\u00fas. Llevaron la burra y el&#8230;<\/p>\n","protected":false},"author":1,"featured_media":60398,"comment_status":"closed","ping_status":"closed","sticky":false,"template":"","format":"standard","meta":{"_coblocks_attr":"","_coblocks_dimensions":"","_coblocks_responsive_height":"","_coblocks_accordion_ie_support":"","jetpack_post_was_ever_published":false,"_jetpack_newsletter_access":"","_jetpack_dont_email_post_to_subs":false,"_jetpack_newsletter_tier_id":0,"_jetpack_memberships_contains_paywalled_content":false,"_jetpack_memberships_contains_paid_content":false,"footnotes":"","jetpack_publicize_message":"","jetpack_publicize_feature_enabled":true,"jetpack_social_post_already_shared":false,"jetpack_social_options":{"image_generator_settings":{"template":"highway","default_image_id":0,"enabled":false},"version":2}},"categories":[2,12,1161,1225,38,44,15],"tags":[10206,10207],"class_list":["post-60396","post","type-post","status-publish","format-standard","has-post-thumbnail","hentry","category-atarfe","category-cultura","category-ciudadania","category-ha-de-atarfe","category-opinion-de-jose-enrique-granados","category-noticias-de-hoy","category-ultimas-noticias","tag-borriquilla","tag-cristo-de-la-paciencia"],"jetpack_publicize_connections":[],"jetpack_featured_media_url":"https:\/\/i0.wp.com\/miradordeatarfe.es\/wp-content\/uploads\/2023\/04\/1680439118049-2.jpg?fit=1433%2C1232&ssl=1","jetpack_likes_enabled":true,"jetpack_sharing_enabled":true,"_links":{"self":[{"href":"https:\/\/miradordeatarfe.es\/index.php?rest_route=\/wp\/v2\/posts\/60396","targetHints":{"allow":["GET"]}}],"collection":[{"href":"https:\/\/miradordeatarfe.es\/index.php?rest_route=\/wp\/v2\/posts"}],"about":[{"href":"https:\/\/miradordeatarfe.es\/index.php?rest_route=\/wp\/v2\/types\/post"}],"author":[{"embeddable":true,"href":"https:\/\/miradordeatarfe.es\/index.php?rest_route=\/wp\/v2\/users\/1"}],"replies":[{"embeddable":true,"href":"https:\/\/miradordeatarfe.es\/index.php?rest_route=%2Fwp%2Fv2%2Fcomments&post=60396"}],"version-history":[{"count":4,"href":"https:\/\/miradordeatarfe.es\/index.php?rest_route=\/wp\/v2\/posts\/60396\/revisions"}],"predecessor-version":[{"id":60402,"href":"https:\/\/miradordeatarfe.es\/index.php?rest_route=\/wp\/v2\/posts\/60396\/revisions\/60402"}],"wp:featuredmedia":[{"embeddable":true,"href":"https:\/\/miradordeatarfe.es\/index.php?rest_route=\/wp\/v2\/media\/60398"}],"wp:attachment":[{"href":"https:\/\/miradordeatarfe.es\/index.php?rest_route=%2Fwp%2Fv2%2Fmedia&parent=60396"}],"wp:term":[{"taxonomy":"category","embeddable":true,"href":"https:\/\/miradordeatarfe.es\/index.php?rest_route=%2Fwp%2Fv2%2Fcategories&post=60396"},{"taxonomy":"post_tag","embeddable":true,"href":"https:\/\/miradordeatarfe.es\/index.php?rest_route=%2Fwp%2Fv2%2Ftags&post=60396"}],"curies":[{"name":"wp","href":"https:\/\/api.w.org\/{rel}","templated":true}]}}