{"id":60406,"date":"2023-04-05T11:32:31","date_gmt":"2023-04-05T09:32:31","guid":{"rendered":"https:\/\/miradordeatarfe.es\/?p=60406"},"modified":"2023-04-02T17:42:05","modified_gmt":"2023-04-02T15:42:05","slug":"de-sanidades-por-juan-de-dios-villanueva-roa","status":"publish","type":"post","link":"https:\/\/miradordeatarfe.es\/?p=60406","title":{"rendered":"\u00abDe sanidades\u00bb por Juan de Dios Villanueva Roa"},"content":{"rendered":"<h3 style=\"text-align: justify;\">\u00c9l no se pone malo nunca, ni los suyos. Pero si ocurriera, ah\u00ed est\u00e1 la sanidad privada, que para eso se la puede costear.<\/h3>\n<p style=\"text-align: justify;\">Y esa sanidad cuyo fin es ganar dinero a costa de restablecer la salud a sus clientes a quienes tambi\u00e9n llama pacientes, pues est\u00e1 ah\u00ed, al servicio de unos pocos. Yo estuve muchos a\u00f1os siendo atendido por la privada, pero desde hace otros muchos que no me quiten a mi m\u00e9dico de cabecera, aunque cada vez tarden m\u00e1s en darme cita con \u00e9l y con los especialistas, aunque cada vez que vaya a uno de especialidades me lo cambien y el tiempo se est\u00e9 convirtiendo en un ente indeterminable.<\/p>\n<p style=\"text-align: justify;\">Me dicen que hay especialistas a quienes les han quitado las guardias vespertinas en hospitales p\u00fablicos, mientras la privada les ofrece esa tarea durante el tiempo que la p\u00fablica se la quita ajustando los horarios a los pacientes.<\/p>\n<p style=\"text-align: justify;\">Tambi\u00e9n me dicen que les recomiendan rebajar el nivel de los tratamientos, que los m\u00e1s caros dejen de prescribirlos, porque no estamos para despilfarros ah\u00ed, y que quien los necesite, si se los puede costear, que se los pague, pero eso de para todos igual, que en la p\u00fablica ya no. Luego dice Juanma que esto va bien; y lleva raz\u00f3n, va bien como iba cuando yo era un ni\u00f1o y me recib\u00eda don Tom\u00e1s en su consulta porque apreciaba a la guardia civil, y ya est\u00e1. Las cosas van bien, Juanma, para quien puede pag\u00e1rselas, pero si haces lo que en Galicia y pones las m\u00e1quinas entregadas a la p\u00fablica en la privada, ya ir\u00e1n diferentes, porque ser\u00e1n usadas solo con quienes pagan. Gente de bien.<\/p>\n","protected":false},"excerpt":{"rendered":"<p>\u00c9l no se pone malo nunca, ni los suyos. Pero si ocurriera, ah\u00ed est\u00e1 la&#8230;<\/p>\n","protected":false},"author":1,"featured_media":60407,"comment_status":"closed","ping_status":"closed","sticky":false,"template":"","format":"standard","meta":{"_coblocks_attr":"","_coblocks_dimensions":"","_coblocks_responsive_height":"","_coblocks_accordion_ie_support":"","jetpack_post_was_ever_published":false,"_jetpack_newsletter_access":"","_jetpack_dont_email_post_to_subs":false,"_jetpack_newsletter_tier_id":0,"_jetpack_memberships_contains_paywalled_content":false,"_jetpack_memberships_contains_paid_content":false,"footnotes":"","jetpack_publicize_message":"","jetpack_publicize_feature_enabled":true,"jetpack_social_post_already_shared":false,"jetpack_social_options":{"image_generator_settings":{"template":"highway","default_image_id":0,"enabled":false},"version":2}},"categories":[1161,9772,44,6937,15,10],"tags":[172,10209],"class_list":["post-60406","post","type-post","status-publish","format-standard","has-post-thumbnail","hentry","category-ciudadania","category-opinion-de-juan-de-dios-villanueva","category-noticias-de-hoy","category-sociedad","category-ultimas-noticias","category-salud","tag-andalucia","tag-sanidad-prvada"],"jetpack_publicize_connections":[],"jetpack_featured_media_url":"https:\/\/i0.wp.com\/miradordeatarfe.es\/wp-content\/uploads\/2023\/04\/Sin-titulo.jpg?fit=300%2C168&ssl=1","jetpack_likes_enabled":true,"jetpack_sharing_enabled":true,"_links":{"self":[{"href":"https:\/\/miradordeatarfe.es\/index.php?rest_route=\/wp\/v2\/posts\/60406","targetHints":{"allow":["GET"]}}],"collection":[{"href":"https:\/\/miradordeatarfe.es\/index.php?rest_route=\/wp\/v2\/posts"}],"about":[{"href":"https:\/\/miradordeatarfe.es\/index.php?rest_route=\/wp\/v2\/types\/post"}],"author":[{"embeddable":true,"href":"https:\/\/miradordeatarfe.es\/index.php?rest_route=\/wp\/v2\/users\/1"}],"replies":[{"embeddable":true,"href":"https:\/\/miradordeatarfe.es\/index.php?rest_route=%2Fwp%2Fv2%2Fcomments&post=60406"}],"version-history":[{"count":1,"href":"https:\/\/miradordeatarfe.es\/index.php?rest_route=\/wp\/v2\/posts\/60406\/revisions"}],"predecessor-version":[{"id":60408,"href":"https:\/\/miradordeatarfe.es\/index.php?rest_route=\/wp\/v2\/posts\/60406\/revisions\/60408"}],"wp:featuredmedia":[{"embeddable":true,"href":"https:\/\/miradordeatarfe.es\/index.php?rest_route=\/wp\/v2\/media\/60407"}],"wp:attachment":[{"href":"https:\/\/miradordeatarfe.es\/index.php?rest_route=%2Fwp%2Fv2%2Fmedia&parent=60406"}],"wp:term":[{"taxonomy":"category","embeddable":true,"href":"https:\/\/miradordeatarfe.es\/index.php?rest_route=%2Fwp%2Fv2%2Fcategories&post=60406"},{"taxonomy":"post_tag","embeddable":true,"href":"https:\/\/miradordeatarfe.es\/index.php?rest_route=%2Fwp%2Fv2%2Ftags&post=60406"}],"curies":[{"name":"wp","href":"https:\/\/api.w.org\/{rel}","templated":true}]}}