{"id":6042,"date":"2016-01-20T07:22:06","date_gmt":"2016-01-20T07:22:06","guid":{"rendered":"http:\/\/miradordeatarfe.es\/?p=6042"},"modified":"2016-01-18T10:25:23","modified_gmt":"2016-01-18T10:25:23","slug":"el-despido-como-represlia-puede-salir-muy-caro","status":"publish","type":"post","link":"https:\/\/miradordeatarfe.es\/?p=6042","title":{"rendered":"El Despido como REPRESALIA puede salir muy caro"},"content":{"rendered":"<p><strong>Cuidado con las conversaciones de WHATSAPP que pueden ser utilizadas como prueba en juicio.\u00a0<\/strong><!--more--><\/p>\n<p>El trabajador, que hab\u00eda iniciado su relaci\u00f3n con la empresa en octubre de 2014 con un contrato por obra o servicio determinado, tuvo la osad\u00eda de manifestarle a su jefe \u2013el viernes 19 de junio- \u00a0que le correspond\u00edan quince d\u00edas de vacaciones y que ten\u00eda intenci\u00f3n de disfrutarlas.Al empresario no debi\u00f3 gustarle tan intr\u00e9pida iniciativa, as\u00ed que hizo sus cuentas, sopes\u00f3 que en el peor de los casos por la antig\u00fcedad del trabajador la indemnizaci\u00f3n no ser\u00eda muy superior a mil euros y, el martes 23 de junio, comunic\u00f3 al trabajador que la obra en la que estaba trabajando hab\u00eda concluido, y con ella su contrato de trabajo.<\/p>\n<p>Es jurisprudencia consolidada que cuando el despido se produce como reacci\u00f3n a una previa demanda del trabajador el despido debe considerarse nulo, puesto que vulnera del derecho constitucional del trabajador a la tutela judicial efectiva.\u00a0Si como consecuencia de interponer una demanda reclamando cualquier derecho se pierde el empleo, dif\u00edcilmente se encontrar\u00eda el amparo judicial, de tal modo que permitir esa conducta empresarial impedir\u00eda o limitar\u00eda el ejercicio de la acci\u00f3n jurisdiccional. Es lo que se conoce en la jurisdicci\u00f3n social como garant\u00eda de indemnidad.<\/p>\n<p>Pero en casos como este, en los que todav\u00eda no se ha llegado a interponer la demanda, la prueba de lo realmente acontecido resulta muy complicada. Sin embargo, en este concreto supuesto, el trabajador hab\u00eda manifestado su reivindicaci\u00f3n a trav\u00e9s del grupo de <strong>WHATSAPP<\/strong> de la empresa, en el que estaban incluidos el jefe y todos los empleados.<\/p>\n<p>Interpuesta la correspondiente demanda por despido con vulneraci\u00f3n de derechos fundamentales, la sentencia ha declarado <strong>nulo<\/strong> el despido, lo que supone la readmisi\u00f3n del trabajador y el abono y cotizaci\u00f3n de los salarios de tr\u00e1mite, y adem\u00e1s condena al empresario a abonar al trabajador una <strong>indemnizaci\u00f3n adicional por la lesi\u00f3n del derecho fundamental de doce mil euros<\/strong>. En total m\u00e1s de veintitr\u00e9s mil euros.<\/p>\n<p>&nbsp;<\/p>\n<p>Os dejo la sentencia, por si alguien la quiere leer.<\/p>\n<p><a href=\"http:\/\/www.herminioduarte.com\/2016\/01\/06\/el-despido-como-represalia-puede-salir-muy-caro\/\">http:\/\/www.herminioduarte.com\/2016\/01\/06\/el-despido-como-represalia-puede-salir-muy-caro\/<\/a><\/p>\n","protected":false},"excerpt":{"rendered":"<p>Cuidado con las conversaciones de WHATSAPP que pueden ser utilizadas como prueba en juicio.\u00a0<\/p>\n","protected":false},"author":1,"featured_media":6043,"comment_status":"closed","ping_status":"closed","sticky":false,"template":"","format":"standard","meta":{"_coblocks_attr":"","_coblocks_dimensions":"","_coblocks_responsive_height":"","_coblocks_accordion_ie_support":"","jetpack_post_was_ever_published":false,"_jetpack_newsletter_access":"","_jetpack_dont_email_post_to_subs":false,"_jetpack_newsletter_tier_id":0,"_jetpack_memberships_contains_paywalled_content":false,"_jetpack_memberships_contains_paid_content":false,"footnotes":"","jetpack_publicize_message":"","jetpack_publicize_feature_enabled":true,"jetpack_social_post_already_shared":false,"jetpack_social_options":{"image_generator_settings":{"template":"highway","default_image_id":0,"enabled":false},"version":2}},"categories":[1161,9,44,15],"tags":[2032,1846,156,2031],"class_list":["post-6042","post","type-post","status-publish","format-standard","has-post-thumbnail","hentry","category-ciudadania","category-medio-ambiente","category-noticias-de-hoy","category-ultimas-noticias","tag-despido","tag-indenizacion","tag-paro","tag-sentencia"],"jetpack_publicize_connections":[],"jetpack_featured_media_url":"https:\/\/i0.wp.com\/miradordeatarfe.es\/wp-content\/uploads\/2016\/01\/DES.png?fit=295%2C171&ssl=1","jetpack_likes_enabled":true,"jetpack_sharing_enabled":true,"_links":{"self":[{"href":"https:\/\/miradordeatarfe.es\/index.php?rest_route=\/wp\/v2\/posts\/6042","targetHints":{"allow":["GET"]}}],"collection":[{"href":"https:\/\/miradordeatarfe.es\/index.php?rest_route=\/wp\/v2\/posts"}],"about":[{"href":"https:\/\/miradordeatarfe.es\/index.php?rest_route=\/wp\/v2\/types\/post"}],"author":[{"embeddable":true,"href":"https:\/\/miradordeatarfe.es\/index.php?rest_route=\/wp\/v2\/users\/1"}],"replies":[{"embeddable":true,"href":"https:\/\/miradordeatarfe.es\/index.php?rest_route=%2Fwp%2Fv2%2Fcomments&post=6042"}],"version-history":[{"count":2,"href":"https:\/\/miradordeatarfe.es\/index.php?rest_route=\/wp\/v2\/posts\/6042\/revisions"}],"predecessor-version":[{"id":6045,"href":"https:\/\/miradordeatarfe.es\/index.php?rest_route=\/wp\/v2\/posts\/6042\/revisions\/6045"}],"wp:featuredmedia":[{"embeddable":true,"href":"https:\/\/miradordeatarfe.es\/index.php?rest_route=\/wp\/v2\/media\/6043"}],"wp:attachment":[{"href":"https:\/\/miradordeatarfe.es\/index.php?rest_route=%2Fwp%2Fv2%2Fmedia&parent=6042"}],"wp:term":[{"taxonomy":"category","embeddable":true,"href":"https:\/\/miradordeatarfe.es\/index.php?rest_route=%2Fwp%2Fv2%2Fcategories&post=6042"},{"taxonomy":"post_tag","embeddable":true,"href":"https:\/\/miradordeatarfe.es\/index.php?rest_route=%2Fwp%2Fv2%2Ftags&post=6042"}],"curies":[{"name":"wp","href":"https:\/\/api.w.org\/{rel}","templated":true}]}}