{"id":60445,"date":"2023-04-17T09:19:24","date_gmt":"2023-04-17T07:19:24","guid":{"rendered":"https:\/\/miradordeatarfe.es\/?p=60445"},"modified":"2023-04-16T10:48:23","modified_gmt":"2023-04-16T08:48:23","slug":"que-son-los-desplazados-climaticos-y-que-proteccion-tienen","status":"publish","type":"post","link":"https:\/\/miradordeatarfe.es\/?p=60445","title":{"rendered":"Qu\u00e9 son los desplazados clim\u00e1ticos y qu\u00e9 protecci\u00f3n tienen"},"content":{"rendered":"<h3 style=\"text-align: justify;\">El clima extremo est\u00e1 impulsando cada vez m\u00e1s los desplazamientos en regiones como \u00c1frica, Asia, Am\u00e9rica del Norte, o Am\u00e9rica Central y del Sur.\u00a0 En 2021 hubo 23,7 millones de desplazamientos internos por motivos clim\u00e1ticos en el mundo, y no hay cifras oficiales sobre los desplazamientos entre pa\u00edses.Estos desplazados por motivos clim\u00e1ticos no adquieren el estatus de refugiado ya que el clima no se contempla entre los motivos para pedir asilo<\/h3>\n<div id=\"article-content\" class=\"flex flex-col-reverse lg:flex-row\">\n<div id=\"article-context\" class=\"lg:w-40 lg:min-w-context md:pr-6\" style=\"text-align: justify;\">\u00a0<\/div>\n<div id=\"article-text\" class=\"max-w-regular-content\">\n<p class=\"prs-paragraph\" style=\"text-align: justify;\">En 2021, \u00faltimo a\u00f1o del que hay datos disponibles, 23,7 millones de personas tuvieron que dejar sus casas y desplazarse dentro de su propio pa\u00eds huyendo por motivos relacionados con el clima, seg\u00fan el <a href=\"https:\/\/www.internal-displacement.org\/sites\/default\/files\/publications\/documents\/IDMC_GRID_2022_LR.pdf\">Centro para el Monitoreo del Desplazamiento Interno (IDMC por sus siglas en ingl\u00e9s)<\/a>, organizaci\u00f3n internacional que surge del Consejo Noruego para Refugiados. La mayor\u00eda de los desplazados lo son de pa\u00edses empobrecidos que <a href=\"https:\/\/maldita.es\/clima\/20220207\/paises-pobres-sienten-desproporcionadamente-cambio-climatico\/\">son los que m\u00e1s sufren los efectos de la crisis clim\u00e1tica<\/a> aunque son los que menos han contribuido a ella. Por otro lado, se desconoce el n\u00famero de personas que han tenido que huir m\u00e1s all\u00e1 de las fronteras de su pa\u00eds por este motivo.<\/p>\n<p class=\"prs-paragraph\" style=\"text-align: justify;\">\u00bfC\u00f3mo se protege a las personas desplazadas por el cambio clim\u00e1tico? \u00bfEs correcto llamarles \u201crefugiados clim\u00e1ticos\u201d? <b>Los tres expertos consultados por <\/b><b>Maldita.es<\/b><b> coinciden en que no, ya que el clima no est\u00e1 recogido como tal en la Convenci\u00f3n de Ginebra que regula los motivos para conseguir el estatus de refugiado y conseguir asilo<\/b>. Sin embargo, s\u00ed que existe un tratado internacional, la Convenci\u00f3n de Kampala, solo aplicable a los 33 pa\u00edses miembro de la Uni\u00f3n Africana que lo ratificaron, que obliga a estos a proteger y ayudar a las personas desplazadas internamente en estos pa\u00edses por motivos como el cambio clim\u00e1tico.<\/p>\n<h2 class=\"prs-h2\" style=\"text-align: justify;\">Cerca de 24 millones de desplazados internos por motivos relacionados con el clima en 2021<\/h2>\n<p class=\"prs-paragraph\" style=\"text-align: justify;\">\u201cLos extremos clim\u00e1ticos y meteorol\u00f3gicos est\u00e1n impulsando cada vez m\u00e1s desplazamientos en \u00c1frica, Asia, Am\u00e9rica del Norte, y Am\u00e9rica Central y del Sur, con peque\u00f1os Estados insulares en el Caribe y el Pac\u00edfico Sur que se ven afectados de manera desproporcionada en relaci\u00f3n con el peque\u00f1o tama\u00f1o de su poblaci\u00f3n\u201d, se\u00f1ala <a href=\"https:\/\/report.ipcc.ch\/ar6syr\/pdf\/IPCC_AR6_SYR_LongerReport.pdf\">en su \u00faltimo informe<\/a> el Grupo Intergubernamental para el Cambio Clim\u00e1tico (IPCC por sus siglas en ingl\u00e9s), una organizaci\u00f3n cient\u00edfica creada por Naciones Unidas y la Organizaci\u00f3n Meteorol\u00f3gica Mundial para revisar estudios relacionados con la crisis clim\u00e1tica.<\/p>\n<p class=\"prs-paragraph\" style=\"text-align: justify;\">Seg\u00fan afirma a Maldita.es Susana Borr\u00e0s, miembro de la United Nations Network on Migration, la mayor parte de las migraciones clim\u00e1ticas se producen sin cruzar fronteras internacionales. Explica que esto es debido a que quienes se encuentran m\u00e1s afectados por los efectos del cambio clim\u00e1tico son las personas \u201cm\u00e1s ecodependientes, m\u00e1s vulnerabilizadas y por lo tanto con menos capacidades de asumir un proceso migratorio internacional\u201d.<\/p>\n<p class=\"prs-paragraph\" style=\"text-align: justify;\">Seg\u00fan indica el <a href=\"https:\/\/www.internal-displacement.org\/sites\/default\/files\/publications\/documents\/IDMC_GRID_2022_LR.pdf\">IDMC en su \u00faltimo informe<\/a>, los desastres relacionados con el clima causaron en 2021, \u00faltimo a\u00f1o del que hay datos, <a href=\"https:\/\/www.internal-displacement.org\/global-report\/grid2022\/\">23,7 millones de desplazamientos internos<\/a>. A la cabeza de los pa\u00edses m\u00e1s afectados por desplazamientos internos estaba Afganist\u00e1n, con 1,4 millones de desplazados, seguido de China donde 943.000 personas tuvieron que desplazarse dentro del pa\u00eds.<\/p>\n<p class=\"prs-paragraph\" style=\"text-align: justify;\">De esos desplazamientos por desastres, la mayor\u00eda de los relacionados con el clima fueron por ciclones y otras tormentas (11,5 millones), seguidos de cerca por las inundaciones (10,1 millones). En tercer lugar estos desplazamientos fueron provocados por incendios forestales (451.000) y en cuarto por las sequ\u00edas (240.000).<\/p>\n<div class=\"prs-raw\" style=\"text-align: justify;\">\n<div class=\"flourish-embed flourish-chart\" data-src=\"visualisation\/13173620\">\n<div class=\"flourish-credit\"><a href=\"https:\/\/i0.wp.com\/miradordeatarfe.es\/wp-content\/uploads\/2023\/04\/Screenshot-2023-04-04-at-20-21-17-Que-son-los-desplazados-climaticos-y-que-proteccion-tienen-%C2%B7-Maldita.es-Periodismo-para-que-no-te-la-cuelen.png?ssl=1\"><img data-recalc-dims=\"1\" loading=\"lazy\" decoding=\"async\" class=\"alignnone wp-image-60446 size-full\" src=\"https:\/\/i0.wp.com\/miradordeatarfe.es\/wp-content\/uploads\/2023\/04\/Screenshot-2023-04-04-at-20-21-17-Que-son-los-desplazados-climaticos-y-que-proteccion-tienen-%C2%B7-Maldita.es-Periodismo-para-que-no-te-la-cuelen.png?resize=640%2C452&#038;ssl=1\" alt=\"\" width=\"640\" height=\"452\" srcset=\"https:\/\/i0.wp.com\/miradordeatarfe.es\/wp-content\/uploads\/2023\/04\/Screenshot-2023-04-04-at-20-21-17-Que-son-los-desplazados-climaticos-y-que-proteccion-tienen-%C2%B7-Maldita.es-Periodismo-para-que-no-te-la-cuelen.png?w=713&amp;ssl=1 713w, https:\/\/i0.wp.com\/miradordeatarfe.es\/wp-content\/uploads\/2023\/04\/Screenshot-2023-04-04-at-20-21-17-Que-son-los-desplazados-climaticos-y-que-proteccion-tienen-%C2%B7-Maldita.es-Periodismo-para-que-no-te-la-cuelen.png?resize=300%2C212&amp;ssl=1 300w\" sizes=\"auto, (max-width: 640px) 100vw, 640px\" \/><\/a><\/div>\n<div class=\"flourish-credit\"><a href=\"https:\/\/public.flourish.studio\/visualisation\/13173620\/?utm_source=showcase&amp;utm_campaign=visualisation\/13173620\" target=\"_top\" rel=\"noopener\"><img decoding=\"async\" src=\"https:\/\/public.flourish.studio\/resources\/bosh.svg\" alt=\"Flourish logo\" \/>A Flourish chart<\/a><\/div>\n<\/div>\n<\/div>\n<h2 class=\"prs-h2\" style=\"text-align: justify;\">Sin cifras de desplazados internacionales por el clima<\/h2>\n<p class=\"prs-paragraph\" style=\"text-align: justify;\">Sin embargo, aunque hay datos sobre las migraciones por motivos clim\u00e1ticos dentro de las propias fronteras de los pa\u00edses, las organizaciones internacionales como la Organizaci\u00f3n Mundial de las Migraciones o el Alto Comisionado de las Naciones Unidas para los Refugiados (ACNUR) no dan cifras claras sobre el n\u00famero de personas que salen de sus pa\u00edses por estos motivos. \u201cNo hay cifras claras porque es dif\u00edcil identificar las causas de los desplazamientos\u201d, se\u00f1ala Beatriz Felipe, que adem\u00e1s puntualiza que los Estados recogen esas cifras de manera interna pero no sobre la emigraci\u00f3n m\u00e1s all\u00e1 de sus fronteras.<\/p>\n<p class=\"prs-paragraph\" style=\"text-align: justify;\">Esto tambi\u00e9n <a href=\"https:\/\/eacnur.org\/es\/actualidad\/noticias\/emergencias\/refugiados-climaticos\">lo indica ACNUR<\/a>, que dice que \u201cla denominaci\u00f3n refugiado clim\u00e1tico no est\u00e1 contemplada en el derecho internacional, por lo que tampoco existen datos exactos sobre el n\u00famero de personas que abandonan sus hogares como consecuencia del cambio clim\u00e1tico\u201d.<\/p>\n<h2 class=\"prs-h2\" style=\"text-align: justify;\">El clima no se contempla entre los motivos para recibir el estatus de refugiado<\/h2>\n<p class=\"prs-paragraph\" style=\"text-align: justify;\">A menudo se utiliza el t\u00e9rmino \u201crefugiado clim\u00e1tico\u201d para referirse a las personas desplazadas por motivos medioambientales, pero seg\u00fan se\u00f1ala Sergio Salinas, doctor en Derecho en la Universidad de Zaragoza, no es correcto. Seg\u00fan explica, el t\u00e9rmino refugiado tiene un significado legal concreto que se define en la <a href=\"https:\/\/www.acnur.org\/5b0766944.pdf\">Convenci\u00f3n de Ginebra<\/a>, que no contempla el clima entre las causas que permiten la atribuci\u00f3n de ese estatuto. \u201cNo existe ning\u00fan estatuto espec\u00edfico para ese tipo de desplazados porque es una categor\u00eda no tipificada en derecho internacional\u201d, afirma Salinas. Esto tambi\u00e9n <a href=\"https:\/\/eacnur.org\/es\/actualidad\/noticias\/emergencias\/refugiados-climaticos\">lo indica ACNUR<\/a>, que afirma que el t\u00e9rmino \u201crefugiado clim\u00e1tico\u201d es \u201cconfuso\u201d por ese mismo motivo.<\/p>\n<p class=\"prs-paragraph\" style=\"text-align: justify;\">Susana Borr\u00e0s tambi\u00e9n a\u00f1ade que, aunque los efectos del cambio clim\u00e1tico vulneren los derechos humanos, \u201cla causa clim\u00e1tica\/ambiental no est\u00e1 considerada como un motivo que genere un riesgo de persecuci\u00f3n dentro de este marco normativo\u201d. Adem\u00e1s, se\u00f1ala \u201chay una laguna jur\u00eddica internacional\u201d.<\/p>\n<p class=\"prs-paragraph\" style=\"text-align: justify;\">En este aspecto, seg\u00fan indica Borr\u00e0s, un hito significativo fue la adopci\u00f3n del <a href=\"https:\/\/unfccc.int\/sites\/default\/files\/spanish_paris_agreement.pdf\">Acuerdo de Par\u00eds 2015<\/a>, primer tratado internacional sobre cambio clim\u00e1tico que menciona la migraci\u00f3n, el g\u00e9nero y los derechos humanos. En este se dice que \u201cel cambio clim\u00e1tico es una preocupaci\u00f3n com\u00fan de la humanidad\u201d y que \u201clas Partes deber\u00edan, al tomar medidas para abordar el cambio clim\u00e1tico, respetar, promover y considerar sus respectivas obligaciones en materia de derechos humanos\u201d entre ellos los derechos de las personas \u00abmigrantes\u00bb.<\/p>\n<p class=\"prs-paragraph\" style=\"text-align: justify;\">Sobre la relaci\u00f3n entre los desplazamientos y el clima tambi\u00e9n se habl\u00f3 en el <a href=\"https:\/\/www.acnur.org\/5c782d124\">Pacto Mundial sobre Refugiados<\/a>, aprobado el 17 de diciembre de 2018 por la Asamblea General de las Naciones Unidas. En este se indica que \u201cel clima, la degradaci\u00f3n ambiental y los desastres naturales no provocan, en s\u00ed mismos, los desplazamientos de refugiados, pero interact\u00faan cada vez m\u00e1s con las causas de estos movimientos\u201d.<\/p>\n<h2 class=\"prs-h2\" style=\"text-align: justify;\">La convenci\u00f3n de Kampala, ratificada por 33 miembros de la Uni\u00f3n Africana desde 2009 hasta la actualidad, contempla la protecci\u00f3n de desplazados internos por el cambio clim\u00e1tico<\/h2>\n<p class=\"prs-paragraph\" style=\"text-align: justify;\">Seg\u00fan se\u00f1alan tanto Susana Borr\u00e0s como Beatriz Felipe a Maldita.es, s\u00ed existe un tratado que habla de protecci\u00f3n a desplazados clim\u00e1ticos a nivel internacional (aunque s\u00f3lo en el continente africano) y que es vinculante, es decir, que obliga a los Estados firmantes a cumplirlo: la <a href=\"https:\/\/au.int\/sites\/default\/files\/treaties\/36846-treaty-kampala_convention.pdf\">Convenci\u00f3n de Kampala<\/a>.<\/p>\n<p class=\"prs-paragraph\" style=\"text-align: justify;\">En este tratado, creado en 2009 y al que se han ido anexionando pa\u00edses miembro de la Uni\u00f3n Africana hasta ser <a href=\"https:\/\/au.int\/sites\/default\/files\/treaties\/36846-sl-AFRICAN_UNION_CONVENTION_FOR_THE_PROTECTION_AND_ASSISTANCE_OF_INTERNALLY_DISPLACED_PERSONS_IN_AFRICA_KAMPALA_CONVENTION_1.pdf\">ratificado por 33 de ellos<\/a>, se <b>obliga a que los Estados adopten medidas \u201cpara proteger y ayudar a las personas que han sido desplazadas internamente debido a los desastres naturales o producidos por el ser humano, incluyendo el cambio clim\u00e1tico\u201d.<\/b><\/p>\n<div class=\"flex justify-center\">\n<figure class=\"prs-image\" style=\"text-align: justify;\"><img data-recalc-dims=\"1\" decoding=\"async\" class=\"\" src=\"https:\/\/i0.wp.com\/maldita.es\/uploads\/images\/2023\/03\/641db4ef2f818image3-png.png?w=640&#038;ssl=1\" \/><\/figure>\n<p>&nbsp;<\/p>\n<\/div>\n<\/div>\n<\/div>\n","protected":false},"excerpt":{"rendered":"<p>El clima extremo est\u00e1 impulsando cada vez m\u00e1s los desplazamientos en regiones como \u00c1frica, Asia,&#8230;<\/p>\n","protected":false},"author":1,"featured_media":60447,"comment_status":"closed","ping_status":"closed","sticky":false,"template":"","format":"standard","meta":{"_coblocks_attr":"","_coblocks_dimensions":"","_coblocks_responsive_height":"","_coblocks_accordion_ie_support":"","jetpack_post_was_ever_published":false,"_jetpack_newsletter_access":"","_jetpack_dont_email_post_to_subs":false,"_jetpack_newsletter_tier_id":0,"_jetpack_memberships_contains_paywalled_content":false,"_jetpack_memberships_contains_paid_content":false,"footnotes":"","jetpack_publicize_message":"","jetpack_publicize_feature_enabled":true,"jetpack_social_post_already_shared":false,"jetpack_social_options":{"image_generator_settings":{"template":"highway","default_image_id":0,"enabled":false},"version":2}},"categories":[1161,9,44,7671,6937,15],"tags":[642,1012,10216,679],"class_list":["post-60445","post","type-post","status-publish","format-standard","has-post-thumbnail","hentry","category-ciudadania","category-medio-ambiente","category-noticias-de-hoy","category-politica","category-sociedad","category-ultimas-noticias","tag-clima","tag-derechos","tag-movimientos-climaticos","tag-refugiados"],"jetpack_publicize_connections":[],"jetpack_featured_media_url":"https:\/\/i0.wp.com\/miradordeatarfe.es\/wp-content\/uploads\/2023\/04\/641db524e7b47mirgrantes-clima-ticos-huellas-2-jpg.jpg?fit=1600%2C675&ssl=1","jetpack_likes_enabled":true,"jetpack_sharing_enabled":true,"_links":{"self":[{"href":"https:\/\/miradordeatarfe.es\/index.php?rest_route=\/wp\/v2\/posts\/60445","targetHints":{"allow":["GET"]}}],"collection":[{"href":"https:\/\/miradordeatarfe.es\/index.php?rest_route=\/wp\/v2\/posts"}],"about":[{"href":"https:\/\/miradordeatarfe.es\/index.php?rest_route=\/wp\/v2\/types\/post"}],"author":[{"embeddable":true,"href":"https:\/\/miradordeatarfe.es\/index.php?rest_route=\/wp\/v2\/users\/1"}],"replies":[{"embeddable":true,"href":"https:\/\/miradordeatarfe.es\/index.php?rest_route=%2Fwp%2Fv2%2Fcomments&post=60445"}],"version-history":[{"count":1,"href":"https:\/\/miradordeatarfe.es\/index.php?rest_route=\/wp\/v2\/posts\/60445\/revisions"}],"predecessor-version":[{"id":60448,"href":"https:\/\/miradordeatarfe.es\/index.php?rest_route=\/wp\/v2\/posts\/60445\/revisions\/60448"}],"wp:featuredmedia":[{"embeddable":true,"href":"https:\/\/miradordeatarfe.es\/index.php?rest_route=\/wp\/v2\/media\/60447"}],"wp:attachment":[{"href":"https:\/\/miradordeatarfe.es\/index.php?rest_route=%2Fwp%2Fv2%2Fmedia&parent=60445"}],"wp:term":[{"taxonomy":"category","embeddable":true,"href":"https:\/\/miradordeatarfe.es\/index.php?rest_route=%2Fwp%2Fv2%2Fcategories&post=60445"},{"taxonomy":"post_tag","embeddable":true,"href":"https:\/\/miradordeatarfe.es\/index.php?rest_route=%2Fwp%2Fv2%2Ftags&post=60445"}],"curies":[{"name":"wp","href":"https:\/\/api.w.org\/{rel}","templated":true}]}}