{"id":6046,"date":"2016-01-20T06:32:37","date_gmt":"2016-01-20T06:32:37","guid":{"rendered":"http:\/\/miradordeatarfe.es\/?p=6046"},"modified":"2016-01-18T10:36:49","modified_gmt":"2016-01-18T10:36:49","slug":"no-des-la-factura-a-los-comerciales-de-las-electricas","status":"publish","type":"post","link":"https:\/\/miradordeatarfe.es\/?p=6046","title":{"rendered":"No des la factura a los comerciales de las el\u00e9ctricas"},"content":{"rendered":"<div>\n<p>Desesperaci\u00f3n, avaricia, supervivencia\u2026no sabemos el <strong>motivo exacto que impulsa a un comercial aut\u00f3nomo de una compa\u00f1\u00eda el\u00e9ctrica<\/strong> a llamar a la puerta de nuestra vivienda. Pero los comerciales llaman a tu puerta con sus trajes encorbatados o sus minifaldas de ligar uno tras otro, formulando todos, y \u00a0de forma exquisita, \u00a0la misma pregunta.\u00a0<strong>\u201c\u00bfPuedo ver su \u00faltima factura el\u00e9ctrica?\u201d.<\/strong><\/p>\n<p><!--more--><\/p>\n<h2>\u00bfPor qu\u00e9 los comerciales de las compa\u00f1\u00edas el\u00e9ctricas me piden la factura el\u00e9ctrica?<\/h2>\n<p><strong>Los datos de la factura el\u00e9ctrica<\/strong> es lo que busca el comercial depredador, ya que con dichos datos puede realizar un cambio en la compa\u00f1\u00eda el\u00e9ctrica del abonado con o sin su permiso, a pesar, de que dicho cambio, sin permiso, sea ilegal. <strong>Se han dado casos de comerciales que directamente \u201croban\u201d cartas de las facturas el\u00e9ctricas<\/strong> en los buzones para poder realizar un cambio de nombre al abonado y llevarse de esa forma la comisi\u00f3n, de la que viven. Otros comerciales que <strong>fingen ser de una compa\u00f1\u00eda que no son<\/strong> para conseguir dichos datos del cliente.<\/p>\n<h2>Tretas de los comerciales aut\u00f3nomos para conseguir tu factura el\u00e9ctrica.<\/h2>\n<p>Frases que <strong>deben hacer saltar la alarma<\/strong> al ser pronunciadas en la puerta de tu casa por un encorbatado comercial.<\/p>\n<ul>\n<li>Debemos realizar una <strong>comprobaci\u00f3n<\/strong> a su factura el\u00e9ctrica.<\/li>\n<li>Si nos proporciona la factura realizamos en un momento los cambios y as\u00ed no le vendr\u00e1n m\u00e1s facturas con el <strong>consumo estimado<\/strong>.<\/li>\n<li>Hay un<strong> &#8216;error&#8217; en la factura<\/strong> y si le cambiamos la tarifa le haremos un <strong>descuento<\/strong> y pagar\u00e1 menos.<\/li>\n<li>Tenemos unas <strong>nuevas tarifas<\/strong> con las que va a ahorrar mucho dinero&#8230;<\/li>\n<\/ul>\n<h2>Objetivo de dichos comerciales.<\/h2>\n<p>La comisi\u00f3n se la ganan<strong> por cada cliente que consiguen para la compa\u00f1\u00eda el\u00e9ctrica<\/strong> que les ha contratado como comerciales o que ha contratado sus servicios como comerciales aut\u00f3nomos. Intentan pillar a <strong>desprevenidos, confiados o a jubilados de buena fe<\/strong> que no tienen clara la misi\u00f3n de dichos comerciales. Enredar a los <strong>jubilados<\/strong> tiene especial \u00abdelito\u00bb, ya que en algunos casos se trata de gente vulnerable o influenciable.<\/p>\n<h2>Precauciones b\u00e1sicas para evitar a los comerciales aut\u00f3nomos de las el\u00e9ctricas.<\/h2>\n<p>Recuerde que <strong>cuando algo es bueno para usted nunca vienen a ofrec\u00e9rtelo a la puerta de su casa<\/strong>. D\u00e9 instrucciones a sus familiares, especialmente a los mayores de que <strong>no sigan las instrucciones de dichos comerciales<\/strong> sea cual sea el argumento y <strong>nunca les ense\u00f1e la factura<\/strong> el\u00e9ctrica. A los comerciales p\u00eddales que se identifiquen ellos y que <strong>identifiquen<\/strong> la empresa por la que trabajan, que <strong>dejen por escrito<\/strong> su propuesta, oferta o incidencia y que si acaso&#8230;. ya<strong> llamaremos nosotros a la compa\u00f1\u00eda<\/strong> de la que dicen ser representantes.<\/p>\n<h3>Ay\u00fadanos a evitar la desinformaci\u00f3n de la que sacan provecho los comerciales de las el\u00e9ctricas.<\/h3>\n<p>Si\u00a0 tienen m\u00e1s informaci\u00f3n al respecto de los comerciales aut\u00f3nomos de las el\u00e9ctricas, desean defender su postura, saben el importe de dichas comisiones, conocen las estrategias m\u00e1s utilizadas o quieren aconsejar precauciones adicionales, pueden comentar este art\u00edculo o <strong>compartir-lo en las redes sociales<\/strong>.<\/p>\n<\/div>\n<p>PUBLICADO EN : <a href=\"http:\/\/valoryprecio.com\/comercial-autonomo-compania-electrica\">http:\/\/valoryprecio.com\/comercial-autonomo-compania-electrica<\/a><\/p>\n<p>&nbsp;<\/p>\n","protected":false},"excerpt":{"rendered":"<p>Desesperaci\u00f3n, avaricia, supervivencia\u2026no sabemos el motivo exacto que impulsa a un comercial aut\u00f3nomo de una&#8230;<\/p>\n","protected":false},"author":1,"featured_media":6047,"comment_status":"closed","ping_status":"closed","sticky":false,"template":"","format":"standard","meta":{"_coblocks_attr":"","_coblocks_dimensions":"","_coblocks_responsive_height":"","_coblocks_accordion_ie_support":"","jetpack_post_was_ever_published":false,"_jetpack_newsletter_access":"","_jetpack_dont_email_post_to_subs":false,"_jetpack_newsletter_tier_id":0,"_jetpack_memberships_contains_paywalled_content":false,"_jetpack_memberships_contains_paid_content":false,"footnotes":"","jetpack_publicize_message":"","jetpack_publicize_feature_enabled":true,"jetpack_social_post_already_shared":false,"jetpack_social_options":{"image_generator_settings":{"template":"highway","default_image_id":0,"enabled":false},"version":2}},"categories":[1161,186,9,44,15],"tags":[2033,164,2034,116],"class_list":["post-6046","post","type-post","status-publish","format-standard","has-post-thumbnail","hentry","category-ciudadania","category-instituciones","category-medio-ambiente","category-noticias-de-hoy","category-ultimas-noticias","tag-comerciales","tag-consumo","tag-descuentos","tag-electricidad"],"jetpack_publicize_connections":[],"jetpack_featured_media_url":"https:\/\/i0.wp.com\/miradordeatarfe.es\/wp-content\/uploads\/2016\/01\/Cu-cat-au-scazut-consumul-si-productia-de-energie-electrica-in-primele-sapte-luni-ale-anului.jpg?fit=588%2C331&ssl=1","jetpack_likes_enabled":true,"jetpack_sharing_enabled":true,"_links":{"self":[{"href":"https:\/\/miradordeatarfe.es\/index.php?rest_route=\/wp\/v2\/posts\/6046","targetHints":{"allow":["GET"]}}],"collection":[{"href":"https:\/\/miradordeatarfe.es\/index.php?rest_route=\/wp\/v2\/posts"}],"about":[{"href":"https:\/\/miradordeatarfe.es\/index.php?rest_route=\/wp\/v2\/types\/post"}],"author":[{"embeddable":true,"href":"https:\/\/miradordeatarfe.es\/index.php?rest_route=\/wp\/v2\/users\/1"}],"replies":[{"embeddable":true,"href":"https:\/\/miradordeatarfe.es\/index.php?rest_route=%2Fwp%2Fv2%2Fcomments&post=6046"}],"version-history":[{"count":1,"href":"https:\/\/miradordeatarfe.es\/index.php?rest_route=\/wp\/v2\/posts\/6046\/revisions"}],"predecessor-version":[{"id":6048,"href":"https:\/\/miradordeatarfe.es\/index.php?rest_route=\/wp\/v2\/posts\/6046\/revisions\/6048"}],"wp:featuredmedia":[{"embeddable":true,"href":"https:\/\/miradordeatarfe.es\/index.php?rest_route=\/wp\/v2\/media\/6047"}],"wp:attachment":[{"href":"https:\/\/miradordeatarfe.es\/index.php?rest_route=%2Fwp%2Fv2%2Fmedia&parent=6046"}],"wp:term":[{"taxonomy":"category","embeddable":true,"href":"https:\/\/miradordeatarfe.es\/index.php?rest_route=%2Fwp%2Fv2%2Fcategories&post=6046"},{"taxonomy":"post_tag","embeddable":true,"href":"https:\/\/miradordeatarfe.es\/index.php?rest_route=%2Fwp%2Fv2%2Ftags&post=6046"}],"curies":[{"name":"wp","href":"https:\/\/api.w.org\/{rel}","templated":true}]}}