{"id":60489,"date":"2023-04-08T11:00:22","date_gmt":"2023-04-08T09:00:22","guid":{"rendered":"https:\/\/miradordeatarfe.es\/?p=60489"},"modified":"2023-04-05T17:02:34","modified_gmt":"2023-04-05T15:02:34","slug":"atarfe-informacion-municipal-23","status":"publish","type":"post","link":"https:\/\/miradordeatarfe.es\/?p=60489","title":{"rendered":"ATARFE : INFORMACI\u00d3N MUNICIPAL"},"content":{"rendered":"<div class=\"\" dir=\"auto\">\n<div id=\":rai:\" class=\"x1iorvi4 x1pi30zi x1swvt13 x1l90r2v\" data-ad-comet-preview=\"message\" data-ad-preview=\"message\">\n<div class=\"x78zum5 xdt5ytf xz62fqu x16ldp7u\">\n<div class=\"xu06os2 x1ok221b\">\n<div class=\"x11i5rnm xat24cr x1mh8g0r x1vvkbs xdj266r x126k92a\">\n<h3 dir=\"auto\">IMPORTANTE!!!! Suspensi\u00f3n temporal de la QUEMA.<\/h3>\n<div dir=\"auto\">Orden de 31 de marzo de 2023. JUNTA DE ANDALUC\u00cdA. Suspensi\u00f3n de las autorizaciones y notificaciones de quema.<\/div>\n<div dir=\"auto\">\u00a0<\/div>\n<div dir=\"auto\">Suspender temporalmente los efectos de las autorizaciones y notificaciones de quema adoptadas o comunicadas, as\u00ed como el plazo de presentaci\u00f3n de las solicitudes y comunicaciones de quema al amparo del Decreto 247\/2001, de 13 de noviembre, por el que se aprueba el Reglamento de Prevenci\u00f3n y Lucha contra los Incendios Forestales.<\/div>\n<div dir=\"auto\">Segundo. \u00c1mbito territorial de aplicaci\u00f3n. <\/div>\n<div dir=\"auto\">\u00a0<\/div>\n<div dir=\"auto\">La suspensi\u00f3n temporal de los efectos y del plazo de presentaci\u00f3n de las solicitudes de autorizaci\u00f3n y comunicaciones se extiende a las quemas en los terrenos forestales y las zonas de influencia forestal de todo el territorio de la Comunidad Aut\u00f3noma de Andaluc\u00eda.<\/div>\n<div dir=\"auto\">\u00a0<\/div>\n<div dir=\"auto\">Tercero. \u00c1mbito temporal de la suspensi\u00f3n.La suspensi\u00f3n temporal dictada en la presente orden se extender\u00e1 hasta las 23:59 horas del d\u00eda 10 de abril de 2023.<\/div>\n<div dir=\"auto\">\u00a0<\/div>\n<\/div>\n<\/div>\n<\/div>\n<\/div>\n<\/div>\n<div class=\"x1n2onr6\"><a href=\"https:\/\/i0.wp.com\/miradordeatarfe.es\/wp-content\/uploads\/2023\/04\/339143316_544194894284161_1932846397905467435_n.png?ssl=1\"><img data-recalc-dims=\"1\" loading=\"lazy\" decoding=\"async\" class=\"alignnone wp-image-60490 size-full\" src=\"https:\/\/i0.wp.com\/miradordeatarfe.es\/wp-content\/uploads\/2023\/04\/339143316_544194894284161_1932846397905467435_n.png?resize=600%2C503&#038;ssl=1\" alt=\"\" width=\"600\" height=\"503\" srcset=\"https:\/\/i0.wp.com\/miradordeatarfe.es\/wp-content\/uploads\/2023\/04\/339143316_544194894284161_1932846397905467435_n.png?w=600&amp;ssl=1 600w, https:\/\/i0.wp.com\/miradordeatarfe.es\/wp-content\/uploads\/2023\/04\/339143316_544194894284161_1932846397905467435_n.png?resize=300%2C252&amp;ssl=1 300w\" sizes=\"auto, (max-width: 600px) 100vw, 600px\" \/><\/a><\/div>\n<div>\u00a0<\/div>\n<div><strong>REPLANTEO DE LOS TERRENOS JUNTO AL TANATORIO<\/strong><\/div>\n<div>\u00a0<\/div>\n<div>\n<div class=\"\" dir=\"auto\">\n<div id=\":rb4:\" class=\"x1iorvi4 x1pi30zi x1swvt13 x1l90r2v\" data-ad-comet-preview=\"message\" data-ad-preview=\"message\">\n<div class=\"x78zum5 xdt5ytf xz62fqu x16ldp7u\">\n<div class=\"xu06os2 x1ok221b\">\n<div class=\"x11i5rnm xat24cr x1mh8g0r x1vvkbs xdj266r x126k92a\">\n<div dir=\"auto\">El viernes se firm\u00f3 el acta de replanteo para la construcci\u00f3n de un nuevo jard\u00edn bot\u00e1nico situado en las inmediaciones del nuevo centro infantil, frente al tanatorio.<\/div>\n<div dir=\"auto\">\u00a0<\/div>\n<div dir=\"auto\">El nuevo espacio ir\u00e1 dirigido al \u00e1mbito educativo y de ocio, generando en nuestro municipio nuevos espacios verdes.<\/div>\n<div dir=\"auto\"><a href=\"https:\/\/i0.wp.com\/miradordeatarfe.es\/wp-content\/uploads\/2023\/04\/339410348_1618762175275271_4926424642968977781_n.png?ssl=1\"><img data-recalc-dims=\"1\" loading=\"lazy\" decoding=\"async\" class=\"alignnone wp-image-60491 size-full\" src=\"https:\/\/i0.wp.com\/miradordeatarfe.es\/wp-content\/uploads\/2023\/04\/339410348_1618762175275271_4926424642968977781_n.png?resize=431%2C324&#038;ssl=1\" alt=\"\" width=\"431\" height=\"324\" srcset=\"https:\/\/i0.wp.com\/miradordeatarfe.es\/wp-content\/uploads\/2023\/04\/339410348_1618762175275271_4926424642968977781_n.png?w=431&amp;ssl=1 431w, https:\/\/i0.wp.com\/miradordeatarfe.es\/wp-content\/uploads\/2023\/04\/339410348_1618762175275271_4926424642968977781_n.png?resize=300%2C226&amp;ssl=1 300w\" sizes=\"auto, (max-width: 431px) 100vw, 431px\" \/><\/a> <a href=\"https:\/\/i0.wp.com\/miradordeatarfe.es\/wp-content\/uploads\/2023\/04\/339657819_1176532812985303_658117878579798732_n.jpg?ssl=1\"><img data-recalc-dims=\"1\" loading=\"lazy\" decoding=\"async\" class=\"alignnone wp-image-60492 size-full\" src=\"https:\/\/i0.wp.com\/miradordeatarfe.es\/wp-content\/uploads\/2023\/04\/339657819_1176532812985303_658117878579798732_n.jpg?resize=600%2C450&#038;ssl=1\" alt=\"\" width=\"600\" height=\"450\" srcset=\"https:\/\/i0.wp.com\/miradordeatarfe.es\/wp-content\/uploads\/2023\/04\/339657819_1176532812985303_658117878579798732_n.jpg?w=600&amp;ssl=1 600w, https:\/\/i0.wp.com\/miradordeatarfe.es\/wp-content\/uploads\/2023\/04\/339657819_1176532812985303_658117878579798732_n.jpg?resize=300%2C225&amp;ssl=1 300w\" sizes=\"auto, (max-width: 600px) 100vw, 600px\" \/><\/a> <a href=\"https:\/\/i0.wp.com\/miradordeatarfe.es\/wp-content\/uploads\/2023\/04\/339738013_173807145526968_1498097157818452169_n.png?ssl=1\"><img data-recalc-dims=\"1\" loading=\"lazy\" decoding=\"async\" class=\"alignnone wp-image-60493 size-full\" src=\"https:\/\/i0.wp.com\/miradordeatarfe.es\/wp-content\/uploads\/2023\/04\/339738013_173807145526968_1498097157818452169_n.png?resize=640%2C398&#038;ssl=1\" alt=\"\" width=\"640\" height=\"398\" srcset=\"https:\/\/i0.wp.com\/miradordeatarfe.es\/wp-content\/uploads\/2023\/04\/339738013_173807145526968_1498097157818452169_n.png?w=773&amp;ssl=1 773w, https:\/\/i0.wp.com\/miradordeatarfe.es\/wp-content\/uploads\/2023\/04\/339738013_173807145526968_1498097157818452169_n.png?resize=300%2C187&amp;ssl=1 300w, https:\/\/i0.wp.com\/miradordeatarfe.es\/wp-content\/uploads\/2023\/04\/339738013_173807145526968_1498097157818452169_n.png?resize=768%2C478&amp;ssl=1 768w\" sizes=\"auto, (max-width: 640px) 100vw, 640px\" \/><\/a><\/div>\n<\/div>\n<div dir=\"auto\">\n<div class=\"\" dir=\"auto\">\n<div id=\":rbm:\" class=\"x1iorvi4 x1pi30zi x1swvt13 x1l90r2v\" data-ad-comet-preview=\"message\" data-ad-preview=\"message\">\n<div class=\"x78zum5 xdt5ytf xz62fqu x16ldp7u\">\n<div class=\"xu06os2 x1ok221b\">\n<div class=\"x11i5rnm xat24cr x1mh8g0r x1vvkbs xdj266r x126k92a\">\n<div dir=\"auto\">\u00a0<\/div>\n<div dir=\"auto\"><strong>FELICITACI\u00d3N PARA LAS HERMANAS\u00a0 FERN\u00c1NDEZ PALOMARES<\/strong><\/div>\n<div dir=\"auto\">\u00a0<\/div>\n<div dir=\"auto\">Enhorabuena a la campeona y subampeona atarfe\u00f1as: Natalia Fern\u00e1ndez Palomares e Ylenia Mar\u00eda Fern\u00e1ndez Palomares\u00a0 Campeonas de Andaluc\u00eda!<\/div>\n<div dir=\"auto\">\u00a0<\/div>\n<div dir=\"auto\">ATARFE ES DEPORTE, ORGULLOSOS DE NUESTROS DEPORTISTAS<\/div>\n<\/div>\n<div dir=\"auto\"><a href=\"https:\/\/i0.wp.com\/miradordeatarfe.es\/wp-content\/uploads\/2023\/04\/339734113_233190615936466_3767348624678257376_n.jpg?ssl=1\"><img data-recalc-dims=\"1\" loading=\"lazy\" decoding=\"async\" class=\"alignnone size-medium wp-image-60494\" src=\"https:\/\/i0.wp.com\/miradordeatarfe.es\/wp-content\/uploads\/2023\/04\/339734113_233190615936466_3767348624678257376_n.jpg?resize=300%2C225&#038;ssl=1\" alt=\"\" width=\"300\" height=\"225\" srcset=\"https:\/\/i0.wp.com\/miradordeatarfe.es\/wp-content\/uploads\/2023\/04\/339734113_233190615936466_3767348624678257376_n.jpg?resize=300%2C225&amp;ssl=1 300w, https:\/\/i0.wp.com\/miradordeatarfe.es\/wp-content\/uploads\/2023\/04\/339734113_233190615936466_3767348624678257376_n.jpg?resize=768%2C576&amp;ssl=1 768w, https:\/\/i0.wp.com\/miradordeatarfe.es\/wp-content\/uploads\/2023\/04\/339734113_233190615936466_3767348624678257376_n.jpg?w=1024&amp;ssl=1 1024w\" sizes=\"auto, (max-width: 300px) 100vw, 300px\" \/><\/a> <a href=\"https:\/\/i0.wp.com\/miradordeatarfe.es\/wp-content\/uploads\/2023\/04\/339749511_9522870351058158_3701852227151853148_n.jpg?ssl=1\"><img data-recalc-dims=\"1\" loading=\"lazy\" decoding=\"async\" class=\"alignnone size-medium wp-image-60495\" src=\"https:\/\/i0.wp.com\/miradordeatarfe.es\/wp-content\/uploads\/2023\/04\/339749511_9522870351058158_3701852227151853148_n.jpg?resize=300%2C225&#038;ssl=1\" alt=\"\" width=\"300\" height=\"225\" srcset=\"https:\/\/i0.wp.com\/miradordeatarfe.es\/wp-content\/uploads\/2023\/04\/339749511_9522870351058158_3701852227151853148_n.jpg?resize=300%2C225&amp;ssl=1 300w, https:\/\/i0.wp.com\/miradordeatarfe.es\/wp-content\/uploads\/2023\/04\/339749511_9522870351058158_3701852227151853148_n.jpg?resize=768%2C576&amp;ssl=1 768w, https:\/\/i0.wp.com\/miradordeatarfe.es\/wp-content\/uploads\/2023\/04\/339749511_9522870351058158_3701852227151853148_n.jpg?w=1024&amp;ssl=1 1024w\" sizes=\"auto, (max-width: 300px) 100vw, 300px\" \/><\/a> <a href=\"https:\/\/i0.wp.com\/miradordeatarfe.es\/wp-content\/uploads\/2023\/04\/339141790_3486454524899744_914684787164661379_n.jpg?ssl=1\"><img data-recalc-dims=\"1\" loading=\"lazy\" decoding=\"async\" class=\"alignnone size-medium wp-image-60496\" src=\"https:\/\/i0.wp.com\/miradordeatarfe.es\/wp-content\/uploads\/2023\/04\/339141790_3486454524899744_914684787164661379_n.jpg?resize=300%2C225&#038;ssl=1\" alt=\"\" width=\"300\" height=\"225\" srcset=\"https:\/\/i0.wp.com\/miradordeatarfe.es\/wp-content\/uploads\/2023\/04\/339141790_3486454524899744_914684787164661379_n.jpg?resize=300%2C225&amp;ssl=1 300w, https:\/\/i0.wp.com\/miradordeatarfe.es\/wp-content\/uploads\/2023\/04\/339141790_3486454524899744_914684787164661379_n.jpg?resize=768%2C576&amp;ssl=1 768w, https:\/\/i0.wp.com\/miradordeatarfe.es\/wp-content\/uploads\/2023\/04\/339141790_3486454524899744_914684787164661379_n.jpg?w=1024&amp;ssl=1 1024w\" sizes=\"auto, (max-width: 300px) 100vw, 300px\" \/><\/a> <a href=\"https:\/\/i0.wp.com\/miradordeatarfe.es\/wp-content\/uploads\/2023\/04\/339415632_1599743267171670_228623315180359584_n.jpg?ssl=1\"><img data-recalc-dims=\"1\" loading=\"lazy\" decoding=\"async\" class=\"alignnone size-medium wp-image-60497\" src=\"https:\/\/i0.wp.com\/miradordeatarfe.es\/wp-content\/uploads\/2023\/04\/339415632_1599743267171670_228623315180359584_n.jpg?resize=228%2C300&#038;ssl=1\" alt=\"\" width=\"228\" height=\"300\" srcset=\"https:\/\/i0.wp.com\/miradordeatarfe.es\/wp-content\/uploads\/2023\/04\/339415632_1599743267171670_228623315180359584_n.jpg?resize=228%2C300&amp;ssl=1 228w, https:\/\/i0.wp.com\/miradordeatarfe.es\/wp-content\/uploads\/2023\/04\/339415632_1599743267171670_228623315180359584_n.jpg?w=458&amp;ssl=1 458w\" sizes=\"auto, (max-width: 228px) 100vw, 228px\" \/><\/a><\/div>\n<\/div>\n<div dir=\"auto\">\u00a0<\/div>\n<\/div>\n<\/div>\n<\/div>\n<\/div>\n<\/div>\n<\/div>\n<\/div>\n<\/div>\n<\/div>\n","protected":false},"excerpt":{"rendered":"<p>IMPORTANTE!!!! Suspensi\u00f3n temporal de la QUEMA. Orden de 31 de marzo de 2023. JUNTA DE&#8230;<\/p>\n","protected":false},"author":1,"featured_media":60498,"comment_status":"closed","ping_status":"closed","sticky":false,"template":"","format":"standard","meta":{"_coblocks_attr":"","_coblocks_dimensions":"","_coblocks_responsive_height":"","_coblocks_accordion_ie_support":"","jetpack_post_was_ever_published":false,"_jetpack_newsletter_access":"","_jetpack_dont_email_post_to_subs":false,"_jetpack_newsletter_tier_id":0,"_jetpack_memberships_contains_paywalled_content":false,"_jetpack_memberships_contains_paid_content":false,"footnotes":"","jetpack_publicize_message":"","jetpack_publicize_feature_enabled":true,"jetpack_social_post_already_shared":false,"jetpack_social_options":{"image_generator_settings":{"template":"highway","default_image_id":0,"enabled":false},"version":2}},"categories":[2,6916,1161,186,44,15],"tags":[4293,989],"class_list":["post-60489","post","type-post","status-publish","format-standard","has-post-thumbnail","hentry","category-atarfe","category-ayuntamiento-de-atarfe","category-ciudadania","category-instituciones","category-noticias-de-hoy","category-ultimas-noticias","tag-ayuntamiento-de-atarfe","tag-noticias"],"jetpack_publicize_connections":[],"jetpack_featured_media_url":"https:\/\/i0.wp.com\/miradordeatarfe.es\/wp-content\/uploads\/2023\/04\/Sin-titulo.jpeg?fit=222%2C108&ssl=1","jetpack_likes_enabled":true,"jetpack_sharing_enabled":true,"_links":{"self":[{"href":"https:\/\/miradordeatarfe.es\/index.php?rest_route=\/wp\/v2\/posts\/60489","targetHints":{"allow":["GET"]}}],"collection":[{"href":"https:\/\/miradordeatarfe.es\/index.php?rest_route=\/wp\/v2\/posts"}],"about":[{"href":"https:\/\/miradordeatarfe.es\/index.php?rest_route=\/wp\/v2\/types\/post"}],"author":[{"embeddable":true,"href":"https:\/\/miradordeatarfe.es\/index.php?rest_route=\/wp\/v2\/users\/1"}],"replies":[{"embeddable":true,"href":"https:\/\/miradordeatarfe.es\/index.php?rest_route=%2Fwp%2Fv2%2Fcomments&post=60489"}],"version-history":[{"count":1,"href":"https:\/\/miradordeatarfe.es\/index.php?rest_route=\/wp\/v2\/posts\/60489\/revisions"}],"predecessor-version":[{"id":60499,"href":"https:\/\/miradordeatarfe.es\/index.php?rest_route=\/wp\/v2\/posts\/60489\/revisions\/60499"}],"wp:featuredmedia":[{"embeddable":true,"href":"https:\/\/miradordeatarfe.es\/index.php?rest_route=\/wp\/v2\/media\/60498"}],"wp:attachment":[{"href":"https:\/\/miradordeatarfe.es\/index.php?rest_route=%2Fwp%2Fv2%2Fmedia&parent=60489"}],"wp:term":[{"taxonomy":"category","embeddable":true,"href":"https:\/\/miradordeatarfe.es\/index.php?rest_route=%2Fwp%2Fv2%2Fcategories&post=60489"},{"taxonomy":"post_tag","embeddable":true,"href":"https:\/\/miradordeatarfe.es\/index.php?rest_route=%2Fwp%2Fv2%2Ftags&post=60489"}],"curies":[{"name":"wp","href":"https:\/\/api.w.org\/{rel}","templated":true}]}}