{"id":60517,"date":"2023-04-11T11:01:23","date_gmt":"2023-04-11T09:01:23","guid":{"rendered":"https:\/\/miradordeatarfe.es\/?p=60517"},"modified":"2023-04-20T11:52:22","modified_gmt":"2023-04-20T09:52:22","slug":"ya-esta-bien-paisanos-por-juan-de-dios-villanueva-roa","status":"publish","type":"post","link":"https:\/\/miradordeatarfe.es\/?p=60517","title":{"rendered":"\u00abYa est\u00e1 bien, paisanos\u00bb por Juan de Dios Villanueva Roa"},"content":{"rendered":"<h3>Esta provincia sigue siendo mal mirada tambi\u00e9n para las cosas del transporte.<\/h3>\n<p style=\"text-align: justify;\">No la voy a comparar con M\u00e1laga, porque entonces ya ser\u00eda para montar una feria de agravios. Adem\u00e1s, eso nos llevar\u00eda a ninguna parte. Las causas son evidentes y todos las sabemos, y ahora no hay tiempo para destriparlas, pero que todos callen aqu\u00ed, que no se salva nadie, porque cuando salen, autom\u00e1ticamente se aposentan en el lugar al que llegan, aunque su destino sigue siendo Granada.<\/p>\n<p style=\"text-align: justify;\">Pruebas tenemos de todos los partidos, de todos. Y tambi\u00e9n de todos los escenarios sociales, que parece que dentro hay mucho orgullo y fuera mucha verg\u00fcenza. Y viene esto al caso del agravio que esta tierra nazar\u00ed sufre con los transportes, tambi\u00e9n con los transportes.<\/p>\n<p style=\"text-align: justify;\">El hecho de que RENFE nos ponga los billetes m\u00e1s escasos y m\u00e1s caros de la pen\u00ednsula solo demuestra la incapacidad de quienes la dirigen con respecto a Granada, su desdoro y su ignorancia. Y que est\u00e1n ocupando un cargo que no deben ocupar. Que sean echados ya es lo m\u00e1s suave que se puede pedir.<\/p>\n<p style=\"text-align: justify;\">De aviones no vamos a hablar hoy, que se me est\u00e1 acabando el espacio, pero ah\u00ed tambi\u00e9n hay tanto que decir que mejor nos callamos por ahora. Las personas que hemos elegido vivir aqu\u00ed seguimos siendo castigados por quienes gobiernan, tanto desde Sevilla, que nos colocan candidatos a alcalde y nos venden como logros lo que es pura gesti\u00f3n, mucha de ella que no aguantar\u00eda una m\u00ednima comparaci\u00f3n con otras provincias (salvo C\u00e1diz, que lo aguanta todo), como desde Madrid, que contin\u00faan dej\u00e1ndonos sin transportes adecuados a nuestras posibilidades y necesidades.<\/p>\n<p style=\"text-align: justify;\">No pasa nada por exigir, tambi\u00e9n en Semana Santa.<\/p>\n","protected":false},"excerpt":{"rendered":"<p>Esta provincia sigue siendo mal mirada tambi\u00e9n para las cosas del transporte. No la voy&#8230;<\/p>\n","protected":false},"author":1,"featured_media":60518,"comment_status":"closed","ping_status":"closed","sticky":false,"template":"","format":"standard","meta":{"_coblocks_attr":"","_coblocks_dimensions":"","_coblocks_responsive_height":"","_coblocks_accordion_ie_support":"","jetpack_post_was_ever_published":false,"_jetpack_newsletter_access":"","_jetpack_dont_email_post_to_subs":false,"_jetpack_newsletter_tier_id":0,"_jetpack_memberships_contains_paywalled_content":false,"_jetpack_memberships_contains_paid_content":false,"footnotes":"","jetpack_publicize_message":"","jetpack_publicize_feature_enabled":true,"jetpack_social_post_already_shared":false,"jetpack_social_options":{"image_generator_settings":{"template":"highway","default_image_id":0,"enabled":false},"version":2}},"categories":[1161,9772,44,6937,15],"tags":[10226],"class_list":["post-60517","post","type-post","status-publish","format-standard","has-post-thumbnail","hentry","category-ciudadania","category-opinion-de-juan-de-dios-villanueva","category-noticias-de-hoy","category-sociedad","category-ultimas-noticias","tag-transporte-de-granada"],"jetpack_publicize_connections":[],"jetpack_featured_media_url":"https:\/\/i0.wp.com\/miradordeatarfe.es\/wp-content\/uploads\/2023\/04\/Fotos-patrimonio-ferroviario-abandonado-Guadix-Baza-Lorca_1744636532_172033398_1024x683.jpg?fit=1024%2C682&ssl=1","jetpack_likes_enabled":true,"jetpack_sharing_enabled":true,"_links":{"self":[{"href":"https:\/\/miradordeatarfe.es\/index.php?rest_route=\/wp\/v2\/posts\/60517","targetHints":{"allow":["GET"]}}],"collection":[{"href":"https:\/\/miradordeatarfe.es\/index.php?rest_route=\/wp\/v2\/posts"}],"about":[{"href":"https:\/\/miradordeatarfe.es\/index.php?rest_route=\/wp\/v2\/types\/post"}],"author":[{"embeddable":true,"href":"https:\/\/miradordeatarfe.es\/index.php?rest_route=\/wp\/v2\/users\/1"}],"replies":[{"embeddable":true,"href":"https:\/\/miradordeatarfe.es\/index.php?rest_route=%2Fwp%2Fv2%2Fcomments&post=60517"}],"version-history":[{"count":1,"href":"https:\/\/miradordeatarfe.es\/index.php?rest_route=\/wp\/v2\/posts\/60517\/revisions"}],"predecessor-version":[{"id":60519,"href":"https:\/\/miradordeatarfe.es\/index.php?rest_route=\/wp\/v2\/posts\/60517\/revisions\/60519"}],"wp:featuredmedia":[{"embeddable":true,"href":"https:\/\/miradordeatarfe.es\/index.php?rest_route=\/wp\/v2\/media\/60518"}],"wp:attachment":[{"href":"https:\/\/miradordeatarfe.es\/index.php?rest_route=%2Fwp%2Fv2%2Fmedia&parent=60517"}],"wp:term":[{"taxonomy":"category","embeddable":true,"href":"https:\/\/miradordeatarfe.es\/index.php?rest_route=%2Fwp%2Fv2%2Fcategories&post=60517"},{"taxonomy":"post_tag","embeddable":true,"href":"https:\/\/miradordeatarfe.es\/index.php?rest_route=%2Fwp%2Fv2%2Ftags&post=60517"}],"curies":[{"name":"wp","href":"https:\/\/api.w.org\/{rel}","templated":true}]}}