{"id":6052,"date":"2016-01-22T08:23:07","date_gmt":"2016-01-22T08:23:07","guid":{"rendered":"http:\/\/miradordeatarfe.es\/?p=6052"},"modified":"2016-01-19T19:17:52","modified_gmt":"2016-01-19T19:17:52","slug":"el-nino-y-el-cambio-climatico-responsables-del-caotico-clima-que-viviremos-este-ano","status":"publish","type":"post","link":"https:\/\/miradordeatarfe.es\/?p=6052","title":{"rendered":"El Ni\u00f1o y el cambio clim\u00e1tico, responsables del ca\u00f3tico clima que viviremos este a\u00f1o"},"content":{"rendered":"<div class=\"subtitle bkn mce sk2\">\n<p>\u00abSabemos que el clima est\u00e1 forzado por el hombre y el\u00a0a\u00f1o pasado, anormalmente c\u00e1lido a escala global, confirma la realidad del cambio clim\u00e1tico\u00bb, explica a eldiario.es Manola Brunet.\u00a0 \u00abEntre finales de invierno y primavera puede haber\u00a0mucha precipitaci\u00f3n en regiones como Alemania o las islas brit\u00e1nicas, y una gran sequ\u00eda en el mediterr\u00e1neo\u00bb, cuenta eldiario.es Bel\u00e9n Rodr\u00edguez.<\/p>\n<p><!--more--><\/p>\n<p>Un estudio publicado en &#8216;Nature&#8217; asegura que los eventos extremos asociados a El Ni\u00f1o <strong>aumentar\u00e1n en frecuencia debido al calentamiento global<\/strong>.<\/p>\n<p><b>El Ni\u00f1o<\/b> es un fen\u00f3meno clim\u00e1tico relacionado con el calentamiento del <a class=\"mw-redirect\" title=\"Pac\u00edfico\" href=\"https:\/\/es.wikipedia.org\/wiki\/Pac%C3%ADfico\">Pac\u00edfico<\/a> oriental ecuatorial, el cual se manifiesta err\u00e1ticamente c\u00edclico \u2014<a class=\"mw-redirect\" title=\"Arthur Strahler\" href=\"https:\/\/es.wikipedia.org\/wiki\/Arthur_Strahler\">Arthur Strahler<\/a> habla de <strong>ciclos de entre tres y ocho a\u00f1os<\/strong>\u2014,que consiste en realidad en la fase c\u00e1lida del patr\u00f3n clim\u00e1tico del Pac\u00edfico ecuatorial denominado <a title=\"El Ni\u00f1o-Oscilaci\u00f3n del Sur\" href=\"https:\/\/es.wikipedia.org\/wiki\/El_Ni%C3%B1o-Oscilaci%C3%B3n_del_Sur\">El Ni\u00f1o-Oscilaci\u00f3n del Sur<\/a> (<i>El Ni\u00f1o-Southern Oscillation<\/i>, ENSO por sus siglas en ingl\u00e9s), donde la fase de enfriamiento recibe el nombre de <a title=\"La Ni\u00f1a (clima)\" href=\"https:\/\/es.wikipedia.org\/wiki\/La_Ni%C3%B1a_%28clima%29\">La Ni\u00f1a<\/a>. Este fen\u00f3meno, en sus manifestaciones m\u00e1s intensas, <strong>provoca estragos en la zona intertropical y ecuatorial debido a las intensas lluvias, afectando principalmente a la regi\u00f3n costera del Pac\u00edfico de Am\u00e9rica del Sur.<\/strong><\/p>\n<div id=\"edi-body\" class=\"mce-body mce no-sticky-adv-socios\">\n<p class=\"mce\" style=\"text-align: justify;\">El a\u00f1o 2015 ha sido especialmente anormal con respecto al clima. Temperaturas sobre cero en el polo norte en pleno diciembre, la floraci\u00f3n del desierto de Atacama o el hurac\u00e1n m\u00e1s fuerte jam\u00e1s registrado\u00a0son solo algunas de las anomal\u00edas de un a\u00f1o que, a falta de que se confirmen los datos, se convertir\u00e1 adem\u00e1s en el m\u00e1s caluroso desde que se tienen registros. Pero parece que esto no terminar\u00e1 aqu\u00ed y que, en parte debido al fen\u00f3meno de El Ni\u00f1o, 2016 tambi\u00e9n ser\u00e1 un a\u00f1o que marcar\u00e1 r\u00e9cords hist\u00f3ricos.<\/p>\n<p class=\"mce\" style=\"text-align: justify;\">\u00abHa sido un a\u00f1o tremendamente extra\u00f1o\u00bb, afirma Manola Brunet, directora del Centro en Cambio Clim\u00e1tico de la Universitat Rovira i Virgilli. Ahora bien, habr\u00eda que puntualizar que solo se deber\u00eda considerar extra\u00f1o si nos olvidamos de la presencia del ser humano, ya que \u00absabemos que el clima est\u00e1 forzado por el hombre y este a\u00f1o, anormalmente c\u00e1lido a escala global, confirma la realidad del cambio clim\u00e1tico, ya que ha excedido los r\u00e9cords de El Ni\u00f1o de a\u00f1os anteriores\u00bb, explica Brunet.<\/p>\n<div class=\"no-adv-socios\" style=\"text-align: justify;\"><\/div>\n<div class=\"inset cf width643\" style=\"text-align: justify;\">\n<div class=\"media-holder\">\n<div class=\"mg \"><img data-recalc-dims=\"1\" loading=\"lazy\" decoding=\"async\" src=\"https:\/\/i0.wp.com\/images.eldiario.es\/sociedad\/estudios-asocian-Nino-sequias-Mediterraneo_EDIIMA20160115_0624_18.jpg?resize=640%2C316\" alt=\"Algunos estudios asocian El Ni\u00f1o con sequ\u00edas en el Mediterr\u00e1neo\" width=\"640\" height=\"316\" \/><\/div>\n<div class=\"caption-inside\">\n<p>Algunos estudios asocian El Ni\u00f1o con sequ\u00edas en el Mediterr\u00e1neo <span class=\"font\">EFE<\/span><\/p>\n<\/div>\n<\/div>\n<\/div>\n<p class=\"mce\" style=\"text-align: justify;\">El Ni\u00f1o es uno de fen\u00f3menos clim\u00e1ticos m\u00e1s importante del planeta y se produce de forma natural en periodos de entre 3 y 7 a\u00f1os. Se origina en los tr\u00f3picos y se caracteriza por el cambio de sentido de las corrientes de aguas c\u00e1lidas que viajan del sur hacia el ecuador. \u00abEs un fen\u00f3meno por el que tanto la atm\u00f3sfera como el oc\u00e9ano dejan de funcionar de la manera que lo hacen habitualmente\u00bb, explica Brunet.<\/p>\n<p class=\"mce\" style=\"text-align: justify;\">Pese a que el impacto m\u00e1s evidente se produce en los pa\u00edses de la costa pac\u00edfica, especialmente en Am\u00e9rica y en ciertas regiones de Asia, El Ni\u00f1o extiende su influencia a la mayor\u00eda de los continentes y los oc\u00e9anos del mundo. \u00abEn nuestras latitudes la relaci\u00f3n no es tan directa, pero s\u00ed que se ha demostrado que hay relaci\u00f3n\u00bb, explica Bel\u00e9n Rodr\u00edguez, profesora de la Universidad Complutense de Madrid y miembro del grupo TROPA, especializado en variabilidad del clima.<\/p>\n<h3 style=\"text-align: justify;\">Posibles sequ\u00edas en el Mediterr\u00e1neo<\/h3>\n<p class=\"mce\" style=\"text-align: justify;\">Seg\u00fan esta investigadora, algunos estudios muestran la influencia en Europa de este fen\u00f3meno, haciendo que \u00abentre finales de invierno y primavera haya mucha precipitaci\u00f3n en regiones como Alemania o las islas brit\u00e1nicas, y una gran sequ\u00eda en el mediterr\u00e1neo\u00bb, algo que es posible que suceda en este 2016.<\/p>\n<p class=\"mce\" style=\"text-align: justify;\">Sin duda, El Ni\u00f1o es el principal factor que ha influido en el clima de 2015 y que lo har\u00e1 en este 2016, m\u00e1xime cuando los datos m\u00e1s recientes indican que \u00e9ste est\u00e1 siendo uno de los m\u00e1s intensos desde que se tienen registros. Seg\u00fan Ileana Blade, profesora de la Universidad de Barcelona, \u00ablo m\u00e1s destacado del a\u00f1o es que finalmente se ha producido un ni\u00f1o\u00a0y\u00a0que \u00e9ste es, en muchos aspectos, el m\u00e1s pronunciado que se ha registrado\u00bb. Sin embargo, el cambio clim\u00e1tico tambi\u00e9n influye de forma importante en el clima a nivel global.<\/p>\n<h3 style=\"text-align: justify;\">\u00bfC\u00f3mo afecta el cambio clim\u00e1tico a El Ni\u00f1o?<\/h3>\n<p class=\"mce\" style=\"text-align: justify;\">Aunque los mecanismos y los efectos de El Ni\u00f1o en el clima son relativamente bien conocidos por los cient\u00edficos, no est\u00e1 tan claro c\u00f3mo se ve influido por el calentamiento global. \u00abHay que tener en cuenta que El Ni\u00f1o es un fen\u00f3meno natural\u00bb, explica Brunet. \u00abSi la presencia de gases de efecto invernadero puede alterar, modificar o modular la frecuencia, la intensidad o las caracter\u00edsticas de este fen\u00f3meno, es un tema que est\u00e1 abierto a debate y sobre el que no se puede realizar ninguna afirmaci\u00f3n rotunda\u00bb.<\/p>\n<p class=\"mce\" style=\"text-align: justify;\">Sin embargo, el pasado a\u00f1o un estudio publicado en la revista Nature aseguraba que los eventos extremos asociados a El Ni\u00f1o aumentar\u00e1n en frecuencia debido al calentamiento global. Seg\u00fan Rodr\u00edguez, es probable que los eventos clim\u00e1ticos an\u00f3malos de este a\u00f1o hayan sido debidos tanto a El Ni\u00f1o como al cambio clim\u00e1tico y ha asegurado que \u00abhay modelos que muestran que El Ni\u00f1o aumentar\u00e1 su amplitud y su frecuencia en presencia de gases de efecto invernadero\u00bb.<\/p>\n<div class=\"inset cf width643\" style=\"text-align: justify;\">\n<div class=\"media-holder\">\n<div class=\"mg \"><img data-recalc-dims=\"1\" loading=\"lazy\" decoding=\"async\" src=\"https:\/\/i0.wp.com\/images.eldiario.es\/sociedad\/Unicef-millones-menores-afectados-Nino_EDIIMA20160115_0623_18.jpg?resize=640%2C316\" alt=\"Unicef teme que 11 millones de menores se vean afectados por El Ni\u00f1o\" width=\"640\" height=\"316\" \/><\/div>\n<div class=\"caption-inside\">\n<p>Unicef teme que 11 millones de menores se vean afectados por El Ni\u00f1o <span class=\"font\">EFE<\/span><\/p>\n<\/div>\n<\/div>\n<\/div>\n<p class=\"mce\" style=\"text-align: justify;\">Para Blade, el principal problema es que no disponemos de suficientes datos para realizar afirmaciones rotundas sobre ciertos aspectos del clima. Sobre la existencia de modelos que indican una<strong> relaci\u00f3n entre la El Ni\u00f1o y el cambio clim\u00e1tico,<\/strong> esta investigadora asegura que \u00abcuando no tenemos datos suficientes, hacemos modelos, pero si los modelos no est\u00e1n de acuerdo unos con otros, como sucede en este caso, la incertidumbre es muy grande\u00bb.<\/p>\n<p class=\"mce\" style=\"text-align: justify;\">Alterado o no por el cambio clim\u00e1tico, El Ni\u00f1o es un fen\u00f3meno que tiene un enorme impacto en muchas regiones del planeta, que ya se est\u00e1n viendo afectadas por el calentamiento global, un efecto latente que, seg\u00fan las investigadoras, hay que sumar a cualquier otra condici\u00f3n clim\u00e1tica. La intensidad de El Ni\u00f1o actual ha puesto sobre aviso a gran parte de la comunidad internacional y algunas organizaciones internacionales, como Oxfam\u00a0o Unicef, alertan de las terribles consecuencias que podr\u00eda tener este fen\u00f3meno, en t\u00e9rminos de hambre, escasez de agua y propagaci\u00f3n de enfermedades.<\/p>\n<p class=\"mce\" style=\"text-align: justify;\">\n<\/div>\n<\/div>\n","protected":false},"excerpt":{"rendered":"<p>\u00abSabemos que el clima est\u00e1 forzado por el hombre y el\u00a0a\u00f1o pasado, anormalmente c\u00e1lido a&#8230;<\/p>\n","protected":false},"author":1,"featured_media":6053,"comment_status":"closed","ping_status":"closed","sticky":false,"template":"","format":"standard","meta":{"_coblocks_attr":"","_coblocks_dimensions":"","_coblocks_responsive_height":"","_coblocks_accordion_ie_support":"","jetpack_post_was_ever_published":false,"_jetpack_newsletter_access":"","_jetpack_dont_email_post_to_subs":false,"_jetpack_newsletter_tier_id":0,"_jetpack_memberships_contains_paywalled_content":false,"_jetpack_memberships_contains_paid_content":false,"footnotes":"","jetpack_publicize_message":"","jetpack_publicize_feature_enabled":true,"jetpack_social_post_already_shared":false,"jetpack_social_options":{"image_generator_settings":{"template":"highway","default_image_id":0,"enabled":false},"version":2}},"categories":[9,44,15],"tags":[271,642,2038,2039],"class_list":["post-6052","post","type-post","status-publish","format-standard","has-post-thumbnail","hentry","category-medio-ambiente","category-noticias-de-hoy","category-ultimas-noticias","tag-cambio-climatico","tag-clima","tag-el-nino","tag-sequias"],"jetpack_publicize_connections":[],"jetpack_featured_media_url":"https:\/\/i0.wp.com\/miradordeatarfe.es\/wp-content\/uploads\/2016\/01\/inusual-floracion-desierto-Atacama-Chile_EDIIMA20160115_0608_4.jpg?fit=643%2C362&ssl=1","jetpack_likes_enabled":true,"jetpack_sharing_enabled":true,"_links":{"self":[{"href":"https:\/\/miradordeatarfe.es\/index.php?rest_route=\/wp\/v2\/posts\/6052","targetHints":{"allow":["GET"]}}],"collection":[{"href":"https:\/\/miradordeatarfe.es\/index.php?rest_route=\/wp\/v2\/posts"}],"about":[{"href":"https:\/\/miradordeatarfe.es\/index.php?rest_route=\/wp\/v2\/types\/post"}],"author":[{"embeddable":true,"href":"https:\/\/miradordeatarfe.es\/index.php?rest_route=\/wp\/v2\/users\/1"}],"replies":[{"embeddable":true,"href":"https:\/\/miradordeatarfe.es\/index.php?rest_route=%2Fwp%2Fv2%2Fcomments&post=6052"}],"version-history":[{"count":1,"href":"https:\/\/miradordeatarfe.es\/index.php?rest_route=\/wp\/v2\/posts\/6052\/revisions"}],"predecessor-version":[{"id":6054,"href":"https:\/\/miradordeatarfe.es\/index.php?rest_route=\/wp\/v2\/posts\/6052\/revisions\/6054"}],"wp:featuredmedia":[{"embeddable":true,"href":"https:\/\/miradordeatarfe.es\/index.php?rest_route=\/wp\/v2\/media\/6053"}],"wp:attachment":[{"href":"https:\/\/miradordeatarfe.es\/index.php?rest_route=%2Fwp%2Fv2%2Fmedia&parent=6052"}],"wp:term":[{"taxonomy":"category","embeddable":true,"href":"https:\/\/miradordeatarfe.es\/index.php?rest_route=%2Fwp%2Fv2%2Fcategories&post=6052"},{"taxonomy":"post_tag","embeddable":true,"href":"https:\/\/miradordeatarfe.es\/index.php?rest_route=%2Fwp%2Fv2%2Ftags&post=6052"}],"curies":[{"name":"wp","href":"https:\/\/api.w.org\/{rel}","templated":true}]}}