{"id":60571,"date":"2023-04-12T10:50:43","date_gmt":"2023-04-12T08:50:43","guid":{"rendered":"https:\/\/miradordeatarfe.es\/?p=60571"},"modified":"2023-04-11T09:46:03","modified_gmt":"2023-04-11T07:46:03","slug":"huerto-alegre-un-proyecto-de-innovacion-educativa-con-la-alegria-por-bandera","status":"publish","type":"post","link":"https:\/\/miradordeatarfe.es\/?p=60571","title":{"rendered":"HUERTO ALEGRE: Un proyecto de innovaci\u00f3n educativa con la alegr\u00eda por bandera"},"content":{"rendered":"<header class=\"entry-header\"><\/header>\n<div class=\"entry-content clearfix\">\n<h3 style=\"text-align: justify;\"><em><strong><a href=\"https:\/\/www.huertoalegre.com\/\" target=\"_blank\" rel=\"noopener\">Huerto Alegre<\/a> celebra su 40\u00ba aniversario con seis encuentros con trabajadores, equipo fundador, docentes, j\u00f3venes, con Francesco Tonucci y con otros centros de Educaci\u00f3n Ambiental<\/strong><\/em><\/h3>\n<figure id=\"attachment_68466\" class=\"wp-caption aligncenter\" style=\"text-align: justify;\" aria-describedby=\"caption-attachment-68466\"><figcaption id=\"caption-attachment-68466\" class=\"wp-caption-text\"><\/figcaption><\/figure>\n<p style=\"text-align: justify;\">Desde sus or\u00edgenes los ocho impulsores de la Granja Escuela Huerto Alegre: Javier Ruiz, Francis Aguilar, Aurelia Calzada, Manolo Riveiro, Lucrecia Aguilar, Ernesto P\u00e1ramo, Roser Buscarons y Mari Luz D\u00edaz quisieron que en este espacio reinara la alegr\u00eda junto con la educaci\u00f3n ambiental, la cooperaci\u00f3n y la ilusi\u00f3n,\u2026 Eran j\u00f3venes y, por tanto, su loable pretensi\u00f3n no era otra que la de construir un mundo nuevo incorporando peque\u00f1as aportaciones para hacer m\u00e1s habitable nuestro planeta y para lo que, en 1982, se constituyeron en cooperativa de Educaci\u00f3n Ambiental. As\u00ed, con escasos recursos pero con much\u00edsimas ilusiones arranc\u00f3 Huerto Alegre, en una cortijada abandonada, de unas siete hect\u00e1reas, localizada en el t\u00e9rmino municipal de Albu\u00f1uelas y a 40 kil\u00f3metros de la capital.<\/p>\n<figure id=\"attachment_68476\" class=\"wp-caption aligncenter\" style=\"text-align: justify;\" aria-describedby=\"caption-attachment-68476\"><img data-recalc-dims=\"1\" loading=\"lazy\" decoding=\"async\" class=\"wp-image-68476 size-full\" src=\"https:\/\/i0.wp.com\/static-ms.ideal.es\/wp-content\/uploads\/sites\/17\/2023\/04\/AAM_40-aniversario-de-huerto-alegre-10.jpg?resize=624%2C351&#038;ssl=1\" sizes=\"auto, (max-width: 624px) 100vw, 624px\" srcset=\"\/\/static-ms.ideal.es\/wp-content\/uploads\/sites\/17\/2023\/04\/AAM_40-aniversario-de-huerto-alegre-10.jpg 624w, \/\/static-ms.ideal.es\/wp-content\/uploads\/sites\/17\/2023\/04\/AAM_40-aniversario-de-huerto-alegre-10-300x169.jpg 300w\" alt=\"\" width=\"624\" height=\"351\" \/><figcaption id=\"caption-attachment-68476\" class=\"wp-caption-text\"><em><strong>Cuatro de los impulsores en en el encuentro conmemorativo<\/strong><\/em> ::A. A.<\/figcaption><\/figure>\n<p style=\"text-align: justify;\">Un proyecto pionero a nivel del estado espa\u00f1ol -junto con la granja Escuela La limpia, en Guadalajara- que a lo largo de sus cuatro d\u00e9cadas de existencia no ha cesado de mejorar su oferta de actividades y sus instalaciones, e incluso ampliarlas, con la incorporaci\u00f3n en 1994 del Aula de la Naturaleza de Ermita Vieja, estando adem\u00e1s en el germen de ya consolidado Parque de las Ciencias de Andaluc\u00eda, en Granada. Usuarios de sus espacios se van sumando a esta gran familia que quedan marcados de por vida, significando para muchos un antes y un despu\u00e9s de su paso por sus instalaciones, tal y como se est\u00e1 poniendo de manifiesto en los diferentes encuentros llevados a cabo para celebrar los 40 a\u00f1os de vida organizados a lo largo de 2023 por el equipo humano que mantiene vivo este proyecto, tal y como pudimos comprobar cuando los fundadores y amigos de los primeros tiempos se reun\u00edan este mes para celebrar, al igual que har\u00e1n con docentes colaboradores en abril; con j\u00f3venes en mayo, con el gran pedagogo Franceso Tonucci en junio y con otros centros y entidades de educaci\u00f3n ambiental a las puertas del oto\u00f1o.<\/p>\n<figure id=\"attachment_68467\" class=\"wp-caption aligncenter\" style=\"text-align: justify;\" aria-describedby=\"caption-attachment-68467\"><img data-recalc-dims=\"1\" loading=\"lazy\" decoding=\"async\" class=\"wp-image-68467 size-full\" src=\"https:\/\/i0.wp.com\/static-ms.ideal.es\/wp-content\/uploads\/sites\/17\/2023\/04\/AAM_40-aniversario-de-huerto-alegre-01.jpg?resize=624%2C351&#038;ssl=1\" sizes=\"auto, (max-width: 624px) 100vw, 624px\" srcset=\"\/\/static-ms.ideal.es\/wp-content\/uploads\/sites\/17\/2023\/04\/AAM_40-aniversario-de-huerto-alegre-01.jpg 624w, \/\/static-ms.ideal.es\/wp-content\/uploads\/sites\/17\/2023\/04\/AAM_40-aniversario-de-huerto-alegre-01-300x169.jpg 300w\" alt=\"\" width=\"624\" height=\"351\" \/><figcaption id=\"caption-attachment-68467\" class=\"wp-caption-text\"><em><strong>En un momento del acto<\/strong><\/em> ::A.A.<\/figcaption><\/figure>\n<p style=\"text-align: justify;\">Quienes en la actualidad visiten las instalaciones de Huerto Alegre no pueden ni imaginar las condiciones en las que se lo encontraron sus impulsores cuarenta a\u00f1os atr\u00e1s. El abandono, la dejadez y la desidia hab\u00edan convertido la cortijada en un lugar t\u00e9trico. O tal vez s\u00ed, contemplando algunas im\u00e1genes de entonces en las que se les ve a ellos reconstruyendo con sus propias manos suelos, paredes y techos. Por un lado, Lucrecia y Javier subidos al andamio; Ernesto, con su barba poblada y palustre en mano izquierda, arreglando el tejado; Rose, con los alicates haciendo el enmallado; Manolo, con su esp\u00e1tula eliminando los restos de yeso sobre los azulejos; Mari Luz abriendo una nueva ventana, con martillo y cincel. Y siempre alegres, preparando unas papas fritas en la chimenea o tomando un reparador almuerzo en el centro del patio, rodeados de cascajo. Trabajos a los que se sumaron algunos familiares y amigos para poder por fin recibir los primeros ni\u00f1os y ni\u00f1as del Patronato de Escuelas Infantiles en 1983. Un proyecto que ha tenido muchas ramificaciones en forma de decenas de publicaciones, proyectos conjuntos con otras instituciones, desde el Patronato de la Alhambra y el Generalife a la Junta de Andaluc\u00eda, Ayuntamiento de Granada, Diputaci\u00f3n de Ja\u00e9n, etc.<\/p>\n<figure id=\"attachment_68468\" class=\"wp-caption aligncenter\" style=\"text-align: justify;\" aria-describedby=\"caption-attachment-68468\"><img data-recalc-dims=\"1\" loading=\"lazy\" decoding=\"async\" class=\"wp-image-68468 size-full\" src=\"https:\/\/i0.wp.com\/static-ms.ideal.es\/wp-content\/uploads\/sites\/17\/2023\/04\/AAM_-40-aniversario-de-huerto-alegre-02.jpg?resize=624%2C351&#038;ssl=1\" sizes=\"auto, (max-width: 624px) 100vw, 624px\" srcset=\"\/\/static-ms.ideal.es\/wp-content\/uploads\/sites\/17\/2023\/04\/AAM_-40-aniversario-de-huerto-alegre-02.jpg 624w, \/\/static-ms.ideal.es\/wp-content\/uploads\/sites\/17\/2023\/04\/AAM_-40-aniversario-de-huerto-alegre-02-300x169.jpg 300w\" alt=\"\" width=\"624\" height=\"351\" \/><figcaption id=\"caption-attachment-68468\" class=\"wp-caption-text\"><em><strong>Intervenci\u00f3n de Juan Mata<\/strong><\/em> ::A.A.<\/figcaption><\/figure>\n<p style=\"text-align: justify;\"><strong>Reconocimientos<\/strong><\/p>\n<p style=\"text-align: justify;\">Gracias a ese esfuerzo conjunto cada temporada ofertan numerosas actividades dirigidas a la comunidad escolar, social, profesionales de la educaci\u00f3n y el medio ambiente, familias, naturalistas, tanto granadinos como de otras provincias. Calculan que anualmente Huerto Alegre tiene un impacto social sobre 150.000 personas, gracias a su implicaci\u00f3n en programas como \u2018La Alhambra Educa\u2019, la coordinaci\u00f3n de la Red Andaluza de Ecoescuelas, Recapacicla, Museo de la Fundaci\u00f3n Rodr\u00edguez Acosta, Ecoturismo, etc. Trabajo que se ha visto reconocido con distintos galardones como el Premio Andaluc\u00eda de Cultura y Medio Ambiente (1994), Medalla de Andaluc\u00eda (1996), Arco Iris de Cooperativismo e Iniciativa empresarial con perspectiva de G\u00e9nero(2004), Galard\u00f3n Andanatura (2006), Bandera de Andaluc\u00eda (2007), Meridiana (2015), ADICAE, (2016), entre otros. A trav\u00e9s de su p\u00e1gina web (www.huertoalegre.com) y redes sociales tienen una presencia constante y ofertan su amplia gama de actividades dirigidas a escolares, familias y ofrecimiento de espacios para celebraci\u00f3n de cursos, jornadas o encuentros, relacionados con la tem\u00e1tica medioambiental.<\/p>\n<figure id=\"attachment_68469\" class=\"wp-caption aligncenter\" style=\"text-align: justify;\" aria-describedby=\"caption-attachment-68469\"><img data-recalc-dims=\"1\" loading=\"lazy\" decoding=\"async\" class=\"wp-image-68469 size-full\" src=\"https:\/\/i0.wp.com\/static-ms.ideal.es\/wp-content\/uploads\/sites\/17\/2023\/04\/AAM_40-aniversario-de-huerto-alegre-03.jpg?resize=624%2C351&#038;ssl=1\" sizes=\"auto, (max-width: 624px) 100vw, 624px\" srcset=\"\/\/static-ms.ideal.es\/wp-content\/uploads\/sites\/17\/2023\/04\/AAM_40-aniversario-de-huerto-alegre-03.jpg 624w, \/\/static-ms.ideal.es\/wp-content\/uploads\/sites\/17\/2023\/04\/AAM_40-aniversario-de-huerto-alegre-03-300x169.jpg 300w\" alt=\"\" width=\"624\" height=\"351\" \/><figcaption id=\"caption-attachment-68469\" class=\"wp-caption-text\"><em><strong>Paco Olvera se dirige a los asistentes<\/strong> <\/em>:: A.A.<\/figcaption><\/figure>\n<p style=\"text-align: justify;\">Larga vida a este proyecto ya consolidado, definido como Centro de Innovaci\u00f3n Educativa, con una veintena de personas en su plantilla que se ha convertido en todo un referente de la Educaci\u00f3n Ambiental de nuestro pa\u00eds por el que, en sus cuatro d\u00e9cadas, calculan han pasado m\u00e1s de 200.000 escolares, de 4 a 17 a\u00f1os.<\/p>\n<p style=\"text-align: justify;\">El <strong>pr\u00f3ximo encuentro tendr\u00e1 lugar el s\u00e1bado, 15 de abril, con docentes, alumnado y familias<\/strong> que han participado en el devenir de Huerto Alegre a los largo de los a\u00f1os y con los que los impulsores han conformado un equipo con la intenci\u00f3n de compartir y mejorar la tarea educativa para impulsar conjuntamente la educaci\u00f3n ambiental y estilos de vida sostenibles. El programa dar\u00e1 comienzo a las diez y media con la acogida de los asistentes, seguir\u00e1 con una mesa redonda sobre \u2018El papel de los centros de educaci\u00f3n ambiental en la Comunidad Escolar\u2019 y las vivencias personales como docentes en Huerto Alegre. Posteriormente se visitar\u00e1n las instalaciones del aula de naturaleza y un paseo por el entorno para concluir con una comida para todos los presentes.<\/p>\n<p style=\"text-align: justify;\"><strong>IM\u00c1GENES PARA EL RECUERDO, 2 DE FEBRERO DE 2023<\/strong><\/p>\n<figure id=\"attachment_68491\" class=\"wp-caption aligncenter\" style=\"text-align: justify;\" aria-describedby=\"caption-attachment-68491\"><a href=\"https:\/\/drive.google.com\/file\/d\/1VgJKTrhImDYTemO_-kbgL_8XlUoE4e5P\/view?usp=sharing\"><img data-recalc-dims=\"1\" loading=\"lazy\" decoding=\"async\" class=\"wp-image-68491 size-full\" src=\"https:\/\/i0.wp.com\/static-ms.ideal.es\/wp-content\/uploads\/sites\/17\/2023\/04\/AAM_40-aniversario-de-huerto-alegre-26.jpg?resize=624%2C351&#038;ssl=1\" sizes=\"auto, (max-width: 624px) 100vw, 624px\" srcset=\"\/\/static-ms.ideal.es\/wp-content\/uploads\/sites\/17\/2023\/04\/AAM_40-aniversario-de-huerto-alegre-26.jpg 624w, \/\/static-ms.ideal.es\/wp-content\/uploads\/sites\/17\/2023\/04\/AAM_40-aniversario-de-huerto-alegre-26-300x169.jpg 300w\" alt=\"\" width=\"624\" height=\"351\" \/><\/a><figcaption id=\"caption-attachment-68491\" class=\"wp-caption-text\"><em><strong>Foto del grupo asistente al encuentro<\/strong><\/em> (Pulsar sobre la imagen para agrandar) ::A.A.<\/figcaption><\/figure>\n<figure id=\"attachment_68505\" class=\"wp-caption aligncenter\" style=\"text-align: justify;\" aria-describedby=\"caption-attachment-68505\"><img data-recalc-dims=\"1\" loading=\"lazy\" decoding=\"async\" class=\"size-full wp-image-68505\" src=\"https:\/\/i0.wp.com\/static-ms.ideal.es\/wp-content\/uploads\/sites\/17\/2023\/04\/AAM_40-aniversario-de-huerto-alegre-04_.jpg?resize=624%2C351&#038;ssl=1\" sizes=\"auto, (max-width: 624px) 100vw, 624px\" srcset=\"\/\/static-ms.ideal.es\/wp-content\/uploads\/sites\/17\/2023\/04\/AAM_40-aniversario-de-huerto-alegre-04_.jpg 624w, \/\/static-ms.ideal.es\/wp-content\/uploads\/sites\/17\/2023\/04\/AAM_40-aniversario-de-huerto-alegre-04_-300x169.jpg 300w\" alt=\"\" width=\"624\" height=\"351\" \/><figcaption id=\"caption-attachment-68505\" class=\"wp-caption-text\"><em><strong>Andrea Villarrubia les dedic\u00f3 un texto <\/strong><\/em>:: A.A.<\/figcaption><\/figure>\n<figure id=\"attachment_68477\" class=\"wp-caption aligncenter\" style=\"text-align: justify;\" aria-describedby=\"caption-attachment-68477\"><img data-recalc-dims=\"1\" loading=\"lazy\" decoding=\"async\" class=\"wp-image-68477 size-full\" src=\"https:\/\/i0.wp.com\/static-ms.ideal.es\/wp-content\/uploads\/sites\/17\/2023\/04\/AAM_40-aniversario-de-huerto-alegre-11.jpg?resize=624%2C351&#038;ssl=1\" sizes=\"auto, (max-width: 624px) 100vw, 624px\" srcset=\"\/\/static-ms.ideal.es\/wp-content\/uploads\/sites\/17\/2023\/04\/AAM_40-aniversario-de-huerto-alegre-11.jpg 624w, \/\/static-ms.ideal.es\/wp-content\/uploads\/sites\/17\/2023\/04\/AAM_40-aniversario-de-huerto-alegre-11-300x169.jpg 300w\" alt=\"\" width=\"624\" height=\"351\" \/><figcaption id=\"caption-attachment-68477\" class=\"wp-caption-text\"><em><strong>Paqui Fuillerat<\/strong><\/em> ::A.A.<\/figcaption><\/figure>\n<p style=\"text-align: justify;\"><img data-recalc-dims=\"1\" loading=\"lazy\" decoding=\"async\" class=\"aligncenter size-full wp-image-68475\" src=\"https:\/\/i0.wp.com\/static-ms.ideal.es\/wp-content\/uploads\/sites\/17\/2023\/04\/AAM_40-aniversario-de-huerto-alegre-09.jpg?resize=624%2C351&#038;ssl=1\" sizes=\"auto, (max-width: 624px) 100vw, 624px\" srcset=\"\/\/static-ms.ideal.es\/wp-content\/uploads\/sites\/17\/2023\/04\/AAM_40-aniversario-de-huerto-alegre-09.jpg 624w, \/\/static-ms.ideal.es\/wp-content\/uploads\/sites\/17\/2023\/04\/AAM_40-aniversario-de-huerto-alegre-09-300x169.jpg 300w\" alt=\"\" width=\"624\" height=\"351\" \/><\/p>\n<figure id=\"attachment_68474\" class=\"wp-caption aligncenter\" aria-describedby=\"caption-attachment-68474\"><img data-recalc-dims=\"1\" loading=\"lazy\" decoding=\"async\" class=\"wp-image-68474 size-full\" src=\"https:\/\/i0.wp.com\/static-ms.ideal.es\/wp-content\/uploads\/sites\/17\/2023\/04\/AAM_40-aniversario-de-huerto-alegre-08.jpg?resize=624%2C351&#038;ssl=1\" sizes=\"auto, (max-width: 624px) 100vw, 624px\" srcset=\"\/\/static-ms.ideal.es\/wp-content\/uploads\/sites\/17\/2023\/04\/AAM_40-aniversario-de-huerto-alegre-08.jpg 624w, \/\/static-ms.ideal.es\/wp-content\/uploads\/sites\/17\/2023\/04\/AAM_40-aniversario-de-huerto-alegre-08-300x169.jpg 300w\" alt=\"\" width=\"624\" height=\"351\" \/><figcaption id=\"caption-attachment-68474\" class=\"wp-caption-text\"><em><strong>Manuel Pezzi<\/strong><\/em> ::A.A.<\/figcaption><\/figure>\n<p><img data-recalc-dims=\"1\" loading=\"lazy\" decoding=\"async\" class=\"aligncenter size-full wp-image-68473\" src=\"https:\/\/i0.wp.com\/static-ms.ideal.es\/wp-content\/uploads\/sites\/17\/2023\/04\/AAM_40-aniversario-de-huerto-alegre-07.jpg?resize=624%2C351&#038;ssl=1\" sizes=\"auto, (max-width: 624px) 100vw, 624px\" srcset=\"\/\/static-ms.ideal.es\/wp-content\/uploads\/sites\/17\/2023\/04\/AAM_40-aniversario-de-huerto-alegre-07.jpg 624w, \/\/static-ms.ideal.es\/wp-content\/uploads\/sites\/17\/2023\/04\/AAM_40-aniversario-de-huerto-alegre-07-300x169.jpg 300w\" alt=\"\" width=\"624\" height=\"351\" \/><\/p>\n<p><img data-recalc-dims=\"1\" loading=\"lazy\" decoding=\"async\" class=\"aligncenter size-full wp-image-68472\" src=\"https:\/\/i0.wp.com\/static-ms.ideal.es\/wp-content\/uploads\/sites\/17\/2023\/04\/AAM_40-aniversario-de-huerto-alegre-06.jpg?resize=624%2C358&#038;ssl=1\" sizes=\"auto, (max-width: 624px) 100vw, 624px\" srcset=\"\/\/static-ms.ideal.es\/wp-content\/uploads\/sites\/17\/2023\/04\/AAM_40-aniversario-de-huerto-alegre-06.jpg 624w, \/\/static-ms.ideal.es\/wp-content\/uploads\/sites\/17\/2023\/04\/AAM_40-aniversario-de-huerto-alegre-06-300x172.jpg 300w\" alt=\"\" width=\"624\" height=\"358\" \/><\/p>\n<figure id=\"attachment_68471\" class=\"wp-caption aligncenter\" aria-describedby=\"caption-attachment-68471\"><img data-recalc-dims=\"1\" loading=\"lazy\" decoding=\"async\" class=\"wp-image-68471 size-full\" src=\"https:\/\/i0.wp.com\/static-ms.ideal.es\/wp-content\/uploads\/sites\/17\/2023\/04\/AAM_40-aniversario-de-huerto-alegre-05.jpg?resize=624%2C363&#038;ssl=1\" sizes=\"auto, (max-width: 624px) 100vw, 624px\" srcset=\"\/\/static-ms.ideal.es\/wp-content\/uploads\/sites\/17\/2023\/04\/AAM_40-aniversario-de-huerto-alegre-05.jpg 624w, \/\/static-ms.ideal.es\/wp-content\/uploads\/sites\/17\/2023\/04\/AAM_40-aniversario-de-huerto-alegre-05-300x175.jpg 300w\" alt=\"\" width=\"624\" height=\"363\" \/><figcaption id=\"caption-attachment-68471\" class=\"wp-caption-text\"><em><strong>Juan Ruiz Lucena<\/strong><\/em> ::A.A.<\/figcaption><\/figure>\n<figure id=\"attachment_68506\" class=\"wp-caption aligncenter\" aria-describedby=\"caption-attachment-68506\"><img data-recalc-dims=\"1\" loading=\"lazy\" decoding=\"async\" class=\"wp-image-68506 size-full\" src=\"https:\/\/i0.wp.com\/static-ms.ideal.es\/wp-content\/uploads\/sites\/17\/2023\/04\/AAM_40-aniversario-de-huerto-alegre-03_.jpg?resize=624%2C351&#038;ssl=1\" sizes=\"auto, (max-width: 624px) 100vw, 624px\" srcset=\"\/\/static-ms.ideal.es\/wp-content\/uploads\/sites\/17\/2023\/04\/AAM_40-aniversario-de-huerto-alegre-03_.jpg 624w, \/\/static-ms.ideal.es\/wp-content\/uploads\/sites\/17\/2023\/04\/AAM_40-aniversario-de-huerto-alegre-03_-300x169.jpg 300w\" alt=\"\" width=\"624\" height=\"351\" \/><figcaption id=\"caption-attachment-68506\" class=\"wp-caption-text\"><em><strong>Juan Santaella<\/strong> <\/em>::A.A.<\/figcaption><\/figure>\n<p><img data-recalc-dims=\"1\" loading=\"lazy\" decoding=\"async\" class=\"aligncenter size-full wp-image-68507\" src=\"https:\/\/i0.wp.com\/static-ms.ideal.es\/wp-content\/uploads\/sites\/17\/2023\/04\/AAM_40-aniversario-de-huerto-alegre-03__.jpg?resize=624%2C351&#038;ssl=1\" sizes=\"auto, (max-width: 624px) 100vw, 624px\" srcset=\"\/\/static-ms.ideal.es\/wp-content\/uploads\/sites\/17\/2023\/04\/AAM_40-aniversario-de-huerto-alegre-03__.jpg 624w, \/\/static-ms.ideal.es\/wp-content\/uploads\/sites\/17\/2023\/04\/AAM_40-aniversario-de-huerto-alegre-03__-300x169.jpg 300w\" alt=\"\" width=\"624\" height=\"351\" \/><\/p>\n<figure id=\"attachment_68478\" class=\"wp-caption aligncenter\" aria-describedby=\"caption-attachment-68478\"><img data-recalc-dims=\"1\" loading=\"lazy\" decoding=\"async\" class=\"wp-image-68478 size-full\" src=\"https:\/\/i0.wp.com\/static-ms.ideal.es\/wp-content\/uploads\/sites\/17\/2023\/04\/AAM_40-aniversario-de-huerto-alegre-15.jpg?resize=624%2C351&#038;ssl=1\" sizes=\"auto, (max-width: 624px) 100vw, 624px\" srcset=\"\/\/static-ms.ideal.es\/wp-content\/uploads\/sites\/17\/2023\/04\/AAM_40-aniversario-de-huerto-alegre-15.jpg 624w, \/\/static-ms.ideal.es\/wp-content\/uploads\/sites\/17\/2023\/04\/AAM_40-aniversario-de-huerto-alegre-15-300x169.jpg 300w\" alt=\"\" width=\"624\" height=\"351\" \/><figcaption id=\"caption-attachment-68478\" class=\"wp-caption-text\">Jos\u00e9 D\u00edaz, alcalde de Ot\u00edvar ::A.A.<\/figcaption><\/figure>\n<p><img data-recalc-dims=\"1\" loading=\"lazy\" decoding=\"async\" class=\"aligncenter size-full wp-image-68484\" src=\"https:\/\/i0.wp.com\/static-ms.ideal.es\/wp-content\/uploads\/sites\/17\/2023\/04\/AAM_40-aniversario-de-huerto-alegre-19D.jpg?resize=624%2C351&#038;ssl=1\" sizes=\"auto, (max-width: 624px) 100vw, 624px\" srcset=\"\/\/static-ms.ideal.es\/wp-content\/uploads\/sites\/17\/2023\/04\/AAM_40-aniversario-de-huerto-alegre-19D.jpg 624w, \/\/static-ms.ideal.es\/wp-content\/uploads\/sites\/17\/2023\/04\/AAM_40-aniversario-de-huerto-alegre-19D-300x169.jpg 300w\" alt=\"\" width=\"624\" height=\"351\" \/><\/p>\n<p><img data-recalc-dims=\"1\" loading=\"lazy\" decoding=\"async\" class=\"aligncenter size-full wp-image-68489\" src=\"https:\/\/i0.wp.com\/static-ms.ideal.es\/wp-content\/uploads\/sites\/17\/2023\/04\/AAM_40-aniversario-de-huerto-alegre-25.jpg?resize=624%2C351&#038;ssl=1\" sizes=\"auto, (max-width: 624px) 100vw, 624px\" srcset=\"\/\/static-ms.ideal.es\/wp-content\/uploads\/sites\/17\/2023\/04\/AAM_40-aniversario-de-huerto-alegre-25.jpg 624w, \/\/static-ms.ideal.es\/wp-content\/uploads\/sites\/17\/2023\/04\/AAM_40-aniversario-de-huerto-alegre-25-300x169.jpg 300w\" alt=\"\" width=\"624\" height=\"351\" \/><\/p>\n<p><img data-recalc-dims=\"1\" loading=\"lazy\" decoding=\"async\" class=\"aligncenter size-full wp-image-68488\" src=\"https:\/\/i0.wp.com\/static-ms.ideal.es\/wp-content\/uploads\/sites\/17\/2023\/04\/AAM_40-aniversario-de-huerto-alegre-24.jpg?resize=624%2C351&#038;ssl=1\" sizes=\"auto, (max-width: 624px) 100vw, 624px\" srcset=\"\/\/static-ms.ideal.es\/wp-content\/uploads\/sites\/17\/2023\/04\/AAM_40-aniversario-de-huerto-alegre-24.jpg 624w, \/\/static-ms.ideal.es\/wp-content\/uploads\/sites\/17\/2023\/04\/AAM_40-aniversario-de-huerto-alegre-24-300x169.jpg 300w\" alt=\"\" width=\"624\" height=\"351\" \/><\/p>\n<p><img data-recalc-dims=\"1\" loading=\"lazy\" decoding=\"async\" class=\"aligncenter size-full wp-image-68487\" src=\"https:\/\/i0.wp.com\/static-ms.ideal.es\/wp-content\/uploads\/sites\/17\/2023\/04\/AAM_40-aniversario-de-huerto-alegre-23.jpg?resize=624%2C351&#038;ssl=1\" sizes=\"auto, (max-width: 624px) 100vw, 624px\" srcset=\"\/\/static-ms.ideal.es\/wp-content\/uploads\/sites\/17\/2023\/04\/AAM_40-aniversario-de-huerto-alegre-23.jpg 624w, \/\/static-ms.ideal.es\/wp-content\/uploads\/sites\/17\/2023\/04\/AAM_40-aniversario-de-huerto-alegre-23-300x169.jpg 300w\" alt=\"\" width=\"624\" height=\"351\" \/><\/p>\n<p><img data-recalc-dims=\"1\" loading=\"lazy\" decoding=\"async\" class=\"aligncenter size-full wp-image-68493\" src=\"https:\/\/i0.wp.com\/static-ms.ideal.es\/wp-content\/uploads\/sites\/17\/2023\/04\/AAM_40-aniversario-de-huerto-alegre-22.jpg?resize=624%2C351&#038;ssl=1\" sizes=\"auto, (max-width: 624px) 100vw, 624px\" srcset=\"\/\/static-ms.ideal.es\/wp-content\/uploads\/sites\/17\/2023\/04\/AAM_40-aniversario-de-huerto-alegre-22.jpg 624w, \/\/static-ms.ideal.es\/wp-content\/uploads\/sites\/17\/2023\/04\/AAM_40-aniversario-de-huerto-alegre-22-300x169.jpg 300w\" alt=\"\" width=\"624\" height=\"351\" \/><\/p>\n<p><img data-recalc-dims=\"1\" loading=\"lazy\" decoding=\"async\" class=\"aligncenter size-full wp-image-68486\" src=\"https:\/\/i0.wp.com\/static-ms.ideal.es\/wp-content\/uploads\/sites\/17\/2023\/04\/AAM_40-aniversario-de-huerto-alegre-21.jpg?resize=624%2C351&#038;ssl=1\" sizes=\"auto, (max-width: 624px) 100vw, 624px\" srcset=\"\/\/static-ms.ideal.es\/wp-content\/uploads\/sites\/17\/2023\/04\/AAM_40-aniversario-de-huerto-alegre-21.jpg 624w, \/\/static-ms.ideal.es\/wp-content\/uploads\/sites\/17\/2023\/04\/AAM_40-aniversario-de-huerto-alegre-21-300x169.jpg 300w\" alt=\"\" width=\"624\" height=\"351\" \/><\/p>\n<p><img data-recalc-dims=\"1\" loading=\"lazy\" decoding=\"async\" class=\"aligncenter size-full wp-image-68485\" src=\"https:\/\/i0.wp.com\/static-ms.ideal.es\/wp-content\/uploads\/sites\/17\/2023\/04\/AAM_40-aniversario-de-huerto-alegre-20.jpg?resize=624%2C351&#038;ssl=1\" sizes=\"auto, (max-width: 624px) 100vw, 624px\" srcset=\"\/\/static-ms.ideal.es\/wp-content\/uploads\/sites\/17\/2023\/04\/AAM_40-aniversario-de-huerto-alegre-20.jpg 624w, \/\/static-ms.ideal.es\/wp-content\/uploads\/sites\/17\/2023\/04\/AAM_40-aniversario-de-huerto-alegre-20-300x169.jpg 300w\" alt=\"\" width=\"624\" height=\"351\" \/><\/p>\n<p>&nbsp;<\/p>\n<p><img data-recalc-dims=\"1\" loading=\"lazy\" decoding=\"async\" class=\"aligncenter size-full wp-image-68483\" src=\"https:\/\/i0.wp.com\/static-ms.ideal.es\/wp-content\/uploads\/sites\/17\/2023\/04\/AAM_40-aniversario-de-huerto-alegre-19b.jpg?resize=624%2C351&#038;ssl=1\" sizes=\"auto, (max-width: 624px) 100vw, 624px\" srcset=\"\/\/static-ms.ideal.es\/wp-content\/uploads\/sites\/17\/2023\/04\/AAM_40-aniversario-de-huerto-alegre-19b.jpg 624w, \/\/static-ms.ideal.es\/wp-content\/uploads\/sites\/17\/2023\/04\/AAM_40-aniversario-de-huerto-alegre-19b-300x169.jpg 300w\" alt=\"\" width=\"624\" height=\"351\" \/><\/p>\n<p><img data-recalc-dims=\"1\" loading=\"lazy\" decoding=\"async\" class=\"aligncenter size-full wp-image-68482\" src=\"https:\/\/i0.wp.com\/static-ms.ideal.es\/wp-content\/uploads\/sites\/17\/2023\/04\/AAM_40-aniversario-de-huerto-alegre-19.jpg?resize=624%2C351&#038;ssl=1\" sizes=\"auto, (max-width: 624px) 100vw, 624px\" srcset=\"\/\/static-ms.ideal.es\/wp-content\/uploads\/sites\/17\/2023\/04\/AAM_40-aniversario-de-huerto-alegre-19.jpg 624w, \/\/static-ms.ideal.es\/wp-content\/uploads\/sites\/17\/2023\/04\/AAM_40-aniversario-de-huerto-alegre-19-300x169.jpg 300w\" alt=\"\" width=\"624\" height=\"351\" \/><\/p>\n<p><img data-recalc-dims=\"1\" loading=\"lazy\" decoding=\"async\" class=\"aligncenter size-full wp-image-68481\" src=\"https:\/\/i0.wp.com\/static-ms.ideal.es\/wp-content\/uploads\/sites\/17\/2023\/04\/AAM_40-aniversario-de-huerto-alegre-18.jpg?resize=624%2C351&#038;ssl=1\" sizes=\"auto, (max-width: 624px) 100vw, 624px\" srcset=\"\/\/static-ms.ideal.es\/wp-content\/uploads\/sites\/17\/2023\/04\/AAM_40-aniversario-de-huerto-alegre-18.jpg 624w, \/\/static-ms.ideal.es\/wp-content\/uploads\/sites\/17\/2023\/04\/AAM_40-aniversario-de-huerto-alegre-18-300x169.jpg 300w\" alt=\"\" width=\"624\" height=\"351\" \/><\/p>\n<p><img data-recalc-dims=\"1\" loading=\"lazy\" decoding=\"async\" class=\"aligncenter size-full wp-image-68480\" src=\"https:\/\/i0.wp.com\/static-ms.ideal.es\/wp-content\/uploads\/sites\/17\/2023\/04\/AAM_40-aniversario-de-huerto-alegre-17.jpg?resize=624%2C351&#038;ssl=1\" sizes=\"auto, (max-width: 624px) 100vw, 624px\" srcset=\"\/\/static-ms.ideal.es\/wp-content\/uploads\/sites\/17\/2023\/04\/AAM_40-aniversario-de-huerto-alegre-17.jpg 624w, \/\/static-ms.ideal.es\/wp-content\/uploads\/sites\/17\/2023\/04\/AAM_40-aniversario-de-huerto-alegre-17-300x169.jpg 300w\" alt=\"\" width=\"624\" height=\"351\" \/><\/p>\n<p><img data-recalc-dims=\"1\" loading=\"lazy\" decoding=\"async\" class=\"aligncenter size-full wp-image-68479\" src=\"https:\/\/i0.wp.com\/static-ms.ideal.es\/wp-content\/uploads\/sites\/17\/2023\/04\/AAM_40-aniversario-de-huerto-alegre-16.jpg?resize=624%2C351&#038;ssl=1\" sizes=\"auto, (max-width: 624px) 100vw, 624px\" srcset=\"\/\/static-ms.ideal.es\/wp-content\/uploads\/sites\/17\/2023\/04\/AAM_40-aniversario-de-huerto-alegre-16.jpg 624w, \/\/static-ms.ideal.es\/wp-content\/uploads\/sites\/17\/2023\/04\/AAM_40-aniversario-de-huerto-alegre-16-300x169.jpg 300w\" alt=\"\" width=\"624\" height=\"351\" \/><\/p>\n<p>&nbsp;<\/p>\n<p><strong>VER V\u00cdDEO DE LA JORNADA:<\/strong><\/p>\n<p><iframe loading=\"lazy\" title=\"HUERTO ALEGRE CELEBRA EN 2023 SU 40\u00ba ANIVERSARIO CON DIVERSAS ACTIVIDADES\" src=\"https:\/\/www.youtube.com\/embed\/FxrD0P7Ial8?feature=oembed\" width=\"800\" height=\"450\" frameborder=\"0\" allowfullscreen=\"allowfullscreen\" data-mce-fragment=\"1\"><\/iframe><\/p>\n<\/div>\n<h3><span class=\"byline\"><span class=\"author vcard\"> <a class=\"url fn n\" title=\"Antonio Arenas\" href=\"https:\/\/en-clase.ideal.es\/author\/arenas\/\"> Antonio Arenas<\/a><\/span><\/span><\/h3>\n<p><em><strong>FOTO: El equipo que puso en marcha Huerto Alegre<\/strong><\/em> ::ARCHIVO<\/p>\n<blockquote class=\"wp-embedded-content\" data-secret=\"v43KEaq6xO\"><p><a href=\"https:\/\/en-clase.ideal.es\/2023\/04\/07\/un-proyecto-de-innovacion-educativa-con-la-alegria-por-bandera\/\">Un proyecto de innovaci\u00f3n educativa con la alegr\u00eda por bandera<\/a><\/p><\/blockquote>\n<p><iframe loading=\"lazy\" class=\"wp-embedded-content\" sandbox=\"allow-scripts\" security=\"restricted\" style=\"position: absolute; visibility: hidden;\" title=\"\u00abUn proyecto de innovaci\u00f3n educativa con la alegr\u00eda por bandera\u00bb \u2014 IDEAL En Clase\" src=\"https:\/\/en-clase.ideal.es\/2023\/04\/07\/un-proyecto-de-innovacion-educativa-con-la-alegria-por-bandera\/embed\/#?secret=ChtXBsLaSg#?secret=v43KEaq6xO\" data-secret=\"v43KEaq6xO\" width=\"600\" height=\"338\" frameborder=\"0\" marginwidth=\"0\" marginheight=\"0\" scrolling=\"no\"><\/iframe><\/p>\n","protected":false},"excerpt":{"rendered":"<p>Huerto Alegre celebra su 40\u00ba aniversario con seis encuentros con trabajadores, equipo fundador, docentes, j\u00f3venes,&#8230;<\/p>\n","protected":false},"author":1,"featured_media":0,"comment_status":"closed","ping_status":"closed","sticky":false,"template":"","format":"standard","meta":{"_coblocks_attr":"","_coblocks_dimensions":"","_coblocks_responsive_height":"","_coblocks_accordion_ie_support":"","jetpack_post_was_ever_published":false,"_jetpack_newsletter_access":"","_jetpack_dont_email_post_to_subs":false,"_jetpack_newsletter_tier_id":0,"_jetpack_memberships_contains_paywalled_content":false,"_jetpack_memberships_contains_paid_content":false,"footnotes":"","jetpack_publicize_message":"","jetpack_publicize_feature_enabled":true,"jetpack_social_post_already_shared":false,"jetpack_social_options":{"image_generator_settings":{"template":"highway","default_image_id":0,"enabled":false},"version":2}},"categories":[187,9,44,6937,15,10],"tags":[10234,583],"class_list":["post-60571","post","type-post","status-publish","format-standard","hentry","category-centros-educativos","category-medio-ambiente","category-noticias-de-hoy","category-sociedad","category-ultimas-noticias","category-salud","tag-40-aniversario","tag-huerto-alegre"],"jetpack_publicize_connections":[],"jetpack_featured_media_url":"","jetpack_likes_enabled":true,"jetpack_sharing_enabled":true,"_links":{"self":[{"href":"https:\/\/miradordeatarfe.es\/index.php?rest_route=\/wp\/v2\/posts\/60571","targetHints":{"allow":["GET"]}}],"collection":[{"href":"https:\/\/miradordeatarfe.es\/index.php?rest_route=\/wp\/v2\/posts"}],"about":[{"href":"https:\/\/miradordeatarfe.es\/index.php?rest_route=\/wp\/v2\/types\/post"}],"author":[{"embeddable":true,"href":"https:\/\/miradordeatarfe.es\/index.php?rest_route=\/wp\/v2\/users\/1"}],"replies":[{"embeddable":true,"href":"https:\/\/miradordeatarfe.es\/index.php?rest_route=%2Fwp%2Fv2%2Fcomments&post=60571"}],"version-history":[{"count":3,"href":"https:\/\/miradordeatarfe.es\/index.php?rest_route=\/wp\/v2\/posts\/60571\/revisions"}],"predecessor-version":[{"id":60574,"href":"https:\/\/miradordeatarfe.es\/index.php?rest_route=\/wp\/v2\/posts\/60571\/revisions\/60574"}],"wp:attachment":[{"href":"https:\/\/miradordeatarfe.es\/index.php?rest_route=%2Fwp%2Fv2%2Fmedia&parent=60571"}],"wp:term":[{"taxonomy":"category","embeddable":true,"href":"https:\/\/miradordeatarfe.es\/index.php?rest_route=%2Fwp%2Fv2%2Fcategories&post=60571"},{"taxonomy":"post_tag","embeddable":true,"href":"https:\/\/miradordeatarfe.es\/index.php?rest_route=%2Fwp%2Fv2%2Ftags&post=60571"}],"curies":[{"name":"wp","href":"https:\/\/api.w.org\/{rel}","templated":true}]}}