{"id":6058,"date":"2016-01-21T06:39:12","date_gmt":"2016-01-21T06:39:12","guid":{"rendered":"http:\/\/miradordeatarfe.es\/?p=6058"},"modified":"2016-01-18T11:41:54","modified_gmt":"2016-01-18T11:41:54","slug":"se-ha-terminado-el-ebola","status":"publish","type":"post","link":"https:\/\/miradordeatarfe.es\/?p=6058","title":{"rendered":"\u00bfSe ha terminado el \u00c9bola?"},"content":{"rendered":"<p style=\"text-align: justify;\">El 14 de enero de 2016, la Organizaci\u00f3n Mundial de la Salud (OMS) ha declarado el fin del m\u00e1s reciente brote de \u00c9bola en Liberia y sostiene, adem\u00e1s, que el brote ha sido detenido en toda el \u00c1frica Occidental. Esta fecha es relevante ya que marca la finalizaci\u00f3n de la epidemia en dicha regi\u00f3n, donde la enfermedad\u00a0afect\u00f3 a Guinea Conakry (declarado libre de \u00c9bola el 29 de diciembre de 2015), Sierra Leona (declarado libre de \u00c9bola el 7 de noviembre de 2015) y finalmente, Liberia.<!--more--><\/p>\n<p class=\"mce\" style=\"text-align: justify;\">No obstante, este organismo\u00a0expone que <strong class=\"mce\"> el<\/strong><strong class=\"mce\"> trabajo a\u00fan no ha terminado ya que se necesita contar con sistemas de vigilancia epidemiol\u00f3gica y de respuesta fuertes en los pa\u00edses<\/strong>. Las poblaciones y los gobiernos, junto con organismos internacionales y organizaciones como M\u00e9dicos Sin Fronteras (MSF) y Cruz Roja, entre otros, han trabajado conjuntamente para hacer posible que esta fecha pueda ser marcada como el fin del brote, a dos a\u00f1os despu\u00e9s de su surgimiento.<\/p>\n<p class=\"mce\" style=\"text-align: justify;\">Pero dos a\u00f1os despu\u00e9s, a\u00fan hay una emergencia, si bien diferente y desde luego, no reconocida. <strong class=\"mce\"> Esta emergencia se caracteriza\u00a0por las condiciones de pobreza y desigualdad y\u00a0 la falta de sistemas sanitarios de calidad en la que vive la poblaci\u00f3n de \u00e9stos pa\u00edses<\/strong>. Una vez m\u00e1s, no es casualidad que una enfermedad cobre miles de vidas en\u00a0 pa\u00edses\u00a0 pobres, esta vez de \u00c1frica Occidental.<\/p>\n<div class=\"no-adv-socios\" style=\"text-align: justify;\"><\/div>\n<p class=\"mce\" style=\"text-align: justify;\">Seg\u00fan la OMS, <strong class=\"mce\"> la epidemia de<\/strong><strong class=\"mce\"> \u00c9bola ha cobrado la vida de m\u00e1s de 11.300 personas e infect\u00f3 a m\u00e1s de 28.500 y puede haber hasta 17.000 personas que han sobrevivido<\/strong>. Esta, la de las personas supervivientes, es otra emergencia aunque no sea medi\u00e1tica, ya que estas personas enfrentan la estigmatizaci\u00f3n y rechazo en sus comunidades a causa de la enfermedad, hasta el punto de dificultar su reincorporaci\u00f3n a la vida social y econ\u00f3mica. Ello supone hacer m\u00e1s vulnerables tanto a sus familias como a sus medios de vida.<\/p>\n<p class=\"mce\" style=\"text-align: justify;\">Tal como se\u00f1ala el informe de Save The Children \u201cUna llamada de atenci\u00f3n\u201d, <strong class=\"mce\"> cerca de una treintena de pa\u00edses son vulnerables a sufrir una epidemia mortal, como el \u00c9bola, debido a la precariedad de sus sistemas sanitarios<\/strong>.<\/p>\n<p class=\"mce\" style=\"text-align: justify;\">Con ello, no obstante, ser\u00eda bueno recordar que esta epidemia tambi\u00e9n toc\u00f3 a las puertas del mundo occidental, como ocurri\u00f3 con el caso espa\u00f1ol en los meses de julio y agosto de 2014. <strong class=\"mce\"> En un mundo interconectado e interdependiente, reducir las brechas de salud es no s\u00f3lo \u00e9ticamente obligatorio sino un asunto de inter\u00e9s de la humanidad<\/strong>.<\/p>\n<p class=\"mce\" style=\"text-align: justify;\">En su momento, muchos expertos y expertas se\u00f1alaban que <strong class=\"mce\"> el \u00fanico modo de hacer frente a la expansi\u00f3n de la enfermedad en \u00c1frica, Europa y cualquier otro sitio es cortarla en origen<\/strong>, al igual que garantizar los recursos necesarios para reforzar los sistemas locales de tratamiento y prevenci\u00f3n de la enfermedad. Esto sin duda establece un gran reto al funcionamiento del actual sistema internacional de cooperaci\u00f3n en salud, la propia investigaci\u00f3n en salud y desarrollo, la producci\u00f3n y acceso de medicamentos, etc\u00e9tera, sobre todo si se busca eliminar las desigualdades en salud.<\/p>\n<p class=\"mce\" style=\"text-align: justify;\">\n<p><a href=\"http:\/\/www.eldiario.es\/desigualdadblog\/terminado-Ebola_6_473562670.html\">http:\/\/www.eldiario.es\/desigualdadblog\/terminado-Ebola_6_473562670.html<\/a><\/p>\n","protected":false},"excerpt":{"rendered":"<p>El 14 de enero de 2016, la Organizaci\u00f3n Mundial de la Salud (OMS) ha declarado&#8230;<\/p>\n","protected":false},"author":1,"featured_media":6059,"comment_status":"closed","ping_status":"closed","sticky":false,"template":"","format":"standard","meta":{"_coblocks_attr":"","_coblocks_dimensions":"","_coblocks_responsive_height":"","_coblocks_accordion_ie_support":"","jetpack_post_was_ever_published":false,"_jetpack_newsletter_access":"","_jetpack_dont_email_post_to_subs":false,"_jetpack_newsletter_tier_id":0,"_jetpack_memberships_contains_paywalled_content":false,"_jetpack_memberships_contains_paid_content":false,"footnotes":"","jetpack_publicize_message":"","jetpack_publicize_feature_enabled":true,"jetpack_social_post_already_shared":false,"jetpack_social_options":{"image_generator_settings":{"template":"highway","default_image_id":0,"enabled":false},"version":2}},"categories":[1161,44,15,10],"tags":[577,443,60,1368],"class_list":["post-6058","post","type-post","status-publish","format-standard","has-post-thumbnail","hentry","category-ciudadania","category-noticias-de-hoy","category-ultimas-noticias","category-salud","tag-astronomia","tag-ebola","tag-enfermedades","tag-oms"],"jetpack_publicize_connections":[],"jetpack_featured_media_url":"https:\/\/i0.wp.com\/miradordeatarfe.es\/wp-content\/uploads\/2016\/01\/Helena-Monrovia-Liberia-Imagen-Intermon_EDIIMA20160114_0610_18.jpg?fit=643%2C428&ssl=1","jetpack_likes_enabled":true,"jetpack_sharing_enabled":true,"_links":{"self":[{"href":"https:\/\/miradordeatarfe.es\/index.php?rest_route=\/wp\/v2\/posts\/6058","targetHints":{"allow":["GET"]}}],"collection":[{"href":"https:\/\/miradordeatarfe.es\/index.php?rest_route=\/wp\/v2\/posts"}],"about":[{"href":"https:\/\/miradordeatarfe.es\/index.php?rest_route=\/wp\/v2\/types\/post"}],"author":[{"embeddable":true,"href":"https:\/\/miradordeatarfe.es\/index.php?rest_route=\/wp\/v2\/users\/1"}],"replies":[{"embeddable":true,"href":"https:\/\/miradordeatarfe.es\/index.php?rest_route=%2Fwp%2Fv2%2Fcomments&post=6058"}],"version-history":[{"count":2,"href":"https:\/\/miradordeatarfe.es\/index.php?rest_route=\/wp\/v2\/posts\/6058\/revisions"}],"predecessor-version":[{"id":6061,"href":"https:\/\/miradordeatarfe.es\/index.php?rest_route=\/wp\/v2\/posts\/6058\/revisions\/6061"}],"wp:featuredmedia":[{"embeddable":true,"href":"https:\/\/miradordeatarfe.es\/index.php?rest_route=\/wp\/v2\/media\/6059"}],"wp:attachment":[{"href":"https:\/\/miradordeatarfe.es\/index.php?rest_route=%2Fwp%2Fv2%2Fmedia&parent=6058"}],"wp:term":[{"taxonomy":"category","embeddable":true,"href":"https:\/\/miradordeatarfe.es\/index.php?rest_route=%2Fwp%2Fv2%2Fcategories&post=6058"},{"taxonomy":"post_tag","embeddable":true,"href":"https:\/\/miradordeatarfe.es\/index.php?rest_route=%2Fwp%2Fv2%2Ftags&post=6058"}],"curies":[{"name":"wp","href":"https:\/\/api.w.org\/{rel}","templated":true}]}}