{"id":60616,"date":"2023-04-14T10:59:44","date_gmt":"2023-04-14T08:59:44","guid":{"rendered":"https:\/\/miradordeatarfe.es\/?p=60616"},"modified":"2023-04-11T21:07:05","modified_gmt":"2023-04-11T19:07:05","slug":"las-colas-invisibles-de-la-seguridad-social-ni-un-robot-consigue-encontrar-cita-previa","status":"publish","type":"post","link":"https:\/\/miradordeatarfe.es\/?p=60616","title":{"rendered":"Las colas invisibles de la Seguridad Social: ni un robot consigue encontrar cita previa"},"content":{"rendered":"<h3 class=\"post-lead\" style=\"text-align: justify;\">Mapeamos con un robot el acceso a la Seguridad Social buscando cita tres veces al d\u00eda durante dos semanas: en 43 de las 414 oficinas abiertas no hab\u00eda ninguna para gestionar pensiones, la cifra sube a 63 de 394 para IMV. Y, cuando s\u00ed la hay, la mitad de veces es para, como m\u00ednimo, dos semanas m\u00e1s tarde.<\/h3>\n<p style=\"text-align: justify;\">Imagina que necesitas acudir a una oficina de la Seguridad Social para arreglar tu pensi\u00f3n. Est\u00e1s obligada, desde la pandemia, a pedir cita previa. Se puede solicitar <em>online<\/em> y t\u00fa, que por suerte eres bastante apa\u00f1ada con estas cosas, te pones a ello en <a href=\"https:\/\/sede.seg-social.gob.es\/wps\/portal\/sede\/sede\/Ciudadanos\/cita+previa+para+pensiones+y+otras+prestaciones\/13cita+previa+para+pensiones+y+otras+prestaciones\" target=\"_blank\" rel=\"noopener\">la sede electr\u00f3nica<\/a>. Pero no hay manera, no hay huecos disponibles. Con tenacidad, decides <strong>consultar esa p\u00e1gina todos los d\u00edas, durante dos semanas, tres veces al d\u00eda<\/strong>: a las 9 de la ma\u00f1ana, a las 5 de la tarde y hasta a la una de la madrugada. Si vives en 30 de los 369 municipios que tienen oficina todo ese empe\u00f1o ser\u00e1 totalmente in\u00fatil: nunca, jam\u00e1s, vas a encontrar el ansiado hueco. Ninguna de las 40 veces que has probado. Te pasar\u00e1 desde Marbella, Barakaldo o Telde, entre otros. Si tienes la suerte de vivir en el resto de localidades, puede que tras intentarlo e intentarlo consigas encontrar un hueco. Pero, eso s\u00ed, la mitad de las veces ser\u00e1 para, como m\u00ednimo, dos semanas m\u00e1s tarde. O a kil\u00f3metros de casa.<\/p>\n<div class=\"sumario\" style=\"text-align: justify;\">\n<h3 id=\"un-robot-para-conseguir-datos-de-todas-las-oficinas-de-espaa-durante-dos-semanas\">Un robot para conseguir datos de todas las oficinas de Espa\u00f1a durante dos semanas<\/h3>\n<p>Para conseguir datos fiables sobre la disponibilidad y los retrasos a la hora de conseguir cita previa en la Seguridad Social hemos creado un robot que consultaba en todas las oficinas de Espa\u00f1a tres veces al d\u00eda, a la 1.00, a las 9.00 y a las 17.00, desde el lunes 6 de marzo al domingo 19, para realizar gestiones vinculadas con el IMV y las pensiones. Pero nunca llegaba a pedir cita, claro. M\u00e1s informaci\u00f3n en <a href=\"https:\/\/civio.es\/2023\/03\/31\/cita-previa\/?utm_source=Lista+General+de+Civio&amp;utm_campaign=755c13915d-Resumen+mensual+marzo+2023&amp;utm_medium=email&amp;utm_term=0_9d5b4c8cda-755c13915d-127571253&amp;mc_cid=755c13915d&amp;mc_eid=20b1c871f9#metodologia\">nuestra metodolog\u00eda<\/a>.<\/p>\n<\/div>\n<p style=\"text-align: justify;\">La provincia en la que esta barrera se hace m\u00e1s insalvable es <strong>Bizkaia<\/strong>. Solo en tres ocasiones, de 40 intentos, todos a las 9 de la ma\u00f1ana, hubo alguna posibilidad de conseguir una cita previa para gestionar la pensi\u00f3n. Y esas tres citas eran solo para una de las oficinas de Bilbao, no hubo ninguna en el resto de localidades. En Ceuta la situaci\u00f3n es similar, con solo siete momentos en los que se abri\u00f3 alg\u00fan hueco, pero en ese caso te daban hora <strong>para 21 d\u00edas despu\u00e9s<\/strong>. Pocas y con retraso.<\/p>\n<div class=\"multimedia full-width\">\n<div class=\"container\">\n<div id=\"cita-previa-seguridad-social\" style=\"text-align: justify;\"><iframe loading=\"lazy\" src=\"https:\/\/graphs.civio.es\/posts\/cita-previa-seguridad-social\/heatmap-cita-mas-cercana\/?initialWidth=870&amp;childId=cita-previa-seguridad-social&amp;parentTitle=Las%20colas%20invisibles%20de%20la%20Seguridad%20Social%3A%20ni%20un%20robot%20consigue%20encontrar%20cita%20previa%20%7C%20Civio&amp;parentUrl=https%3A%2F%2Fcivio.es%2F2023%2F03%2F31%2Fcita-previa%2F%3Futm_source%3DLista%2BGeneral%2Bde%2BCivio%26utm_campaign%3D755c13915d-Resumen%2Bmensual%2Bmarzo%2B2023%26utm_medium%3Demail%26utm_term%3D0_9d5b4c8cda-755c13915d-127571253%26mc_cid%3D755c13915d%26mc_eid%3D20b1c871f9\" width=\"100%\" height=\"863px\" frameborder=\"0\" marginheight=\"0\" scrolling=\"no\" data-mce-fragment=\"1\"><\/iframe><\/div>\n<\/div>\n<\/div>\n<p style=\"text-align: justify;\">Las colas ya no son f\u00edsicas, no est\u00e1n en la calle. Ya no se ven. Son colas virtuales, mucho m\u00e1s discretas. Pero con peores consecuencias. Es lo que desde C\u00e1ritas llaman <strong>\u201cla administraci\u00f3n ausente\u201d<\/strong>, como explica Mar\u00eda Segurado, abogada de la organizaci\u00f3n: cuando no hay nadie al otro lado. Algo especialmente grave cuando hablamos de personas vulnerables.<\/p>\n<p style=\"text-align: justify;\">Y es que, si <strong>en 43 de las 414 oficinas abiertas de la Seguridad Social fue imposible encontrar cita durante esos 14 d\u00edas para gestionar pensiones, la cifra sube a 63 de 394 cuando hablamos del Ingreso M\u00ednimo Vital (IMV)<\/strong>. En la provincia de Barcelona, por ejemplo, nunca hay huecos para gestionar esas ayudas a las personas m\u00e1s vulnerables. En Ceuta es casi imposible y, si de repente se abre alguna cita, te la dan para tres semanas despu\u00e9s.<\/p>\n<p style=\"text-align: justify;\">En <strong>Zaragoza<\/strong>, tanto para pensiones como para IMV, la situaci\u00f3n es desoladora. En su capital, una oficina est\u00e1 cerrada, otra no ha dado ninguna cita y la tercera solo si justo la pediste el d\u00eda 10 de marzo a primera hora. Y para tres semanas despu\u00e9s. Ese mismo d\u00eda pod\u00edas encontrar hueco en Tarazona m\u00e1s pronto, para cinco d\u00edas despu\u00e9s. Pero a 87 kil\u00f3metros.<\/p>\n<div class=\"lateral\" style=\"text-align: justify;\">\n<div class=\"container\">\n<div id=\"cita-previa-badajoz\" style=\"text-align: justify;\"><iframe loading=\"lazy\" src=\"https:\/\/graphs.civio.es\/posts\/cita-previa-seguridad-social\/heatmap-cita-mas-cercana\/?provinceSelector=Badajoz&amp;initialWidth=500&amp;childId=cita-previa-badajoz&amp;parentTitle=Las%20colas%20invisibles%20de%20la%20Seguridad%20Social%3A%20ni%20un%20robot%20consigue%20encontrar%20cita%20previa%20%7C%20Civio&amp;parentUrl=https%3A%2F%2Fcivio.es%2F2023%2F03%2F31%2Fcita-previa%2F%3Futm_source%3DLista%2BGeneral%2Bde%2BCivio%26utm_campaign%3D755c13915d-Resumen%2Bmensual%2Bmarzo%2B2023%26utm_medium%3Demail%26utm_term%3D0_9d5b4c8cda-755c13915d-127571253%26mc_cid%3D755c13915d%26mc_eid%3D20b1c871f9\" width=\"100%\" height=\"643px\" frameborder=\"0\" marginheight=\"0\" scrolling=\"no\" data-mce-fragment=\"1\"><\/iframe><\/div>\n<\/div>\n<\/div>\n<p style=\"text-align: justify;\">Es m\u00e1s f\u00e1cil encontrar cita en Sabadell que en Barcelona capital. O en Lebrija que en Sevilla. En Badajoz hay una oficina en toda la ciudad. Y solo puedes conseguir cita si te conectas a la una de la madrugada y la mitad de las veces. Adem\u00e1s, te la dan para 28 d\u00edas despu\u00e9s.<\/p>\n<p style=\"text-align: justify;\">Santiago Bueno, que vive en esa ciudad, busc\u00f3 cita el 26 de marzo. <strong>La \u00fanica opci\u00f3n disponible era irse a Azuaga, a unos 148 kil\u00f3metros de ida y otros tantos de vuelta, el 20 de abril -26 d\u00edas despu\u00e9s-<\/strong> y a las 10 de la ma\u00f1ana, en pleno horario laboral. Y esto es solo un paso m\u00e1s de su odisea.<\/p>\n<p style=\"text-align: justify;\">\u00c9l est\u00e1 intentando tramitar su pensi\u00f3n, porque hab\u00eda una discrepancia de fechas y no sab\u00eda si se podr\u00eda jubilar este a\u00f1o. Empez\u00f3 las gestiones el pasado mes de junio. Del tel\u00e9fono le enviaron a la web, de la web a la oficina, de la oficina al tel\u00e9fono otra vez y as\u00ed en bucle. <strong>Al final, se vio obligado a recurrir a una gestor\u00eda<\/strong>. Pese a eso, y a que lleva meses intentando solucionarlo, con bastante previsi\u00f3n (se jubila en diciembre), admite que vive en la \u201cincertidumbre\u201d de saber si en enero va a cobrar su pensi\u00f3n.<\/p>\n<p style=\"text-align: justify;\">\u201cNo es l\u00f3gico\u201d, dice Juan Manuel Velasco, presidente de la Coordinadora Nacional de Jubilats i Pensionistes de Catalunya. \u201cPido hora en Barcelona por tel\u00e9fono y me dan en Puigcerd\u00e0, a 150 kil\u00f3metros del lugar donde estoy\u201d, cuenta. No entiende, como muchos, que un vigilante de seguridad les proh\u00edba entrar en las oficinas sin cita previa, \u201ca veces de malas maneras\u201d. O que algunas personas hayan tardado, narra, tres o cuatro meses en gestionar sus pensiones. Ni que sea necesario un gestor para estos tr\u00e1mites: \u201cLa administraci\u00f3n tendr\u00eda que enviarte una carta, con todos tus documentos, diciendo: \u2018usted se ha jubilado y no tiene m\u00e1s que venir, aqu\u00ed tiene todos sus papeles\u2019\u201d.<\/p>\n<p style=\"text-align: justify;\">\u201cHemos dejado al administrado el trabajo de comprender cosas que antes ni siquiera ten\u00eda que comprender\u201d, insiste Mar\u00eda Segurado, de C\u00e1ritas, que recuerda que <strong>el problema de la falta de citas previas se multiplica si tenemos en cuenta que puede que necesites varias visitas<\/strong> -para saber qu\u00e9 documentaci\u00f3n necesitas, para preguntar dudas\u2026- por cada gesti\u00f3n.<\/p>\n<h3 id=\"herencia-de-la-pandemia-sin-respaldo-legal\" style=\"text-align: justify;\">Herencia de la pandemia sin respaldo legal<\/h3>\n<p style=\"text-align: justify;\">La Seguridad Social volvi\u00f3 a atender de forma presencial en sus oficinas en junio de 2020, con los \u00faltimos compases de la desescalada. Pero impuso, como muchas administraciones p\u00fablicas, la cita previa obligatoria.<\/p>\n<p style=\"text-align: justify;\">El Ararteko -el defensor del pueblo vasco- ya alertaba en noviembre de ese a\u00f1o de los problemas que pod\u00eda crear la falta de atenci\u00f3n presencial directa en las oficinas de las administraciones p\u00fablicas, cuando public\u00f3 <a href=\"https:\/\/www.ararteko.eus\/sites\/default\/files\/2021-12\/2_5057_3.pdf\" target=\"_blank\" rel=\"noopener\">una recomendaci\u00f3n<\/a> en la que recordaba que <strong>\u201cson, precisamente, los colectivos m\u00e1s vulnerables los m\u00e1s damnificados por estas restricciones\u201d<\/strong> y ped\u00eda que, entre otras cosas, se facilitase, \u201csin necesidad de solicitar cita previa, la opci\u00f3n de presentar documentos en los registros\u201d. Pero no le hicieron mucho caso. En septiembre de 2021, <a href=\"https:\/\/www.ararteko.eus\/sites\/default\/files\/2021-12\/2_5177_3.pdf\" target=\"_blank\" rel=\"noopener\">insisti\u00f3<\/a>.<\/p>\n<div class=\"lateral\" style=\"text-align: justify;\">\n<div class=\"post-item size-xl banner newsletter\">\n<div class=\"post-item-content\">\n<div class=\"banner-text\">\n<form id=\"mc-embedded-subscribe-form\" action=\"\/\/civio.us4.list-manage.com\/subscribe\/post?u=9416fe6b76f2c3f985c1f8e0f&amp;id=9d5b4c8cda&amp;FORMULARIO=General\" method=\"post\" name=\"mc-embedded-subscribe-form\" target=\"_blank\">No es el \u00fanico organismo que ha levantado la voz ante esta situaci\u00f3n: lo ha hecho tambi\u00e9n <a href=\"https:\/\/cadenaser.com\/canarias\/2023\/03\/07\/la-obligatoriedad-de-la-cita-previa-margina-a-los-mas-debiles-el-diputado-del-comun-carga-contra-la-administracion-publica-radio-club-tenerife\/\" target=\"_blank\" rel=\"noopener\">el Diputado del Com\u00fan canario<\/a>, <a href=\"https:\/\/www.sindic.cat\/site\/unitFiles\/8945\/DT_839457_cor_es.pdf\" target=\"_blank\" rel=\"noopener\">la s\u00edndica catalana<\/a>, y <a href=\"https:\/\/www.diariodenavarra.es\/noticias\/navarra\/2023\/03\/23\/el-defensor-pueblo-navarra-personas-viviendo-bajeras-abandonadas-562613-300.html\" target=\"_blank\" rel=\"noopener\">el navarro<\/a>, que apel\u00f3 a \u201cderribar las barreras levantadas por la pandemia\u201d. El estatal, por su parte, <a href=\"https:\/\/www.defensordelpueblo.es\/noticias\/atencion-ciudadania\/\" target=\"_blank\" rel=\"noopener\">volvi\u00f3 a criticar en enero<\/a> los problemas para obtener cita en la Seguridad Social. Todos est\u00e1n de acuerdo en que la cita previa es una buena medida, s\u00ed, porque permite organizar mejor los recursos. Pero no puede ser obligatoria. Ya no.<\/form>\n<\/div>\n<\/div>\n<\/div>\n<\/div>\n<p style=\"text-align: justify;\">El S\u00edndic de la Generalitat Valenciana, en su <a href=\"https:\/\/www.elsindic.com\/wp-content\/uploads\/2023\/03\/informe-anual-2022-castellano.pdf\" target=\"_blank\" rel=\"noopener\">informe anual de 2022<\/a>, va m\u00e1s all\u00e1: \u201cEl mantenimiento de la cita previa, pasadas las restricciones de la pandemia, <strong>infringe derechos reconocidos a la ciudadan\u00eda<\/strong> por la Ley de Procedimiento Administrativo Com\u00fan de las Administraciones P\u00fablicas o por la Ley de R\u00e9gimen Jur\u00eddico del Sector P\u00fablico, que obliga a respetar los principios de proximidad y servicio efectivo\u201d.<\/p>\n<p style=\"text-align: justify;\">En la misma l\u00ednea se manifiesta el abogado y profesor Diego G\u00f3mez, que considera que la cita previa obligatoria es ilegal. <a href=\"https:\/\/www.derechoadministrativoyurbanismo.es\/post\/la-cita-previa-obligatoria-en-las-administraciones-p%C3%BAblicas\" target=\"_blank\" rel=\"noopener\">En su blog<\/a>, adem\u00e1s, comparte documentos para poder presentar una queja.<\/p>\n<p style=\"text-align: justify;\">La abogada de C\u00e1ritas recuerda que pedir cita previa <strong>\u201cno es un acto administrativo regulado, pero sin embargo, me bloquea o me cierra el acceso a un derecho y eso genera en el ciudadano una indefensi\u00f3n terrible\u201d<\/strong>. Y pone un ejemplo claro: \u00bfqu\u00e9 pasa si no consigues cita y se te pasa un plazo? \u201cNo existe nada en la Ley de Procedimiento Administrativo com\u00fan que tenga en cuenta que he intentado pedir cita, es como si llegaras tarde\u201d, explica.<\/p>\n<div class=\"lateral\" style=\"text-align: justify;\">\n<div class=\"container\">\n<div id=\"cita-previa-las-palmas\" style=\"text-align: justify;\"><iframe loading=\"lazy\" src=\"https:\/\/graphs.civio.es\/posts\/cita-previa-seguridad-social\/heatmap-cita-mas-cercana\/?provinceSelector=Las%20Palmas&amp;initialWidth=500&amp;childId=cita-previa-las-palmas&amp;parentTitle=Las%20colas%20invisibles%20de%20la%20Seguridad%20Social%3A%20ni%20un%20robot%20consigue%20encontrar%20cita%20previa%20%7C%20Civio&amp;parentUrl=https%3A%2F%2Fcivio.es%2F2023%2F03%2F31%2Fcita-previa%2F%3Futm_source%3DLista%2BGeneral%2Bde%2BCivio%26utm_campaign%3D755c13915d-Resumen%2Bmensual%2Bmarzo%2B2023%26utm_medium%3Demail%26utm_term%3D0_9d5b4c8cda-755c13915d-127571253%26mc_cid%3D755c13915d%26mc_eid%3D20b1c871f9\" width=\"100%\" height=\"643px\" frameborder=\"0\" marginheight=\"0\" scrolling=\"no\" data-mce-fragment=\"1\"><\/iframe><\/div>\n<\/div>\n<\/div>\n<p style=\"text-align: justify;\">En la provincia de Las Palmas hay nueve oficinas que gestionan pensiones. En cuatro de ellas fue imposible conseguir cita. A ninguna de las tres horas durante 14 d\u00edas. Y en una oficina, solo una vez. Pero el colapso no est\u00e1 solo en las citas, tambi\u00e9n en la tramitaci\u00f3n de las gestiones. Seg\u00fan <a href=\"https:\/\/www.eldiario.es\/canariasahora\/sociedad\/catorce-meses-cobrar-pension-incapacidad-absoluta-colapso-seguridad-social-palmas_1_10067887.html\" target=\"_blank\" rel=\"noopener\">public\u00f3 Eldiario.es<\/a>, casi mil personas con sentencia de incapacidad en esa provincia no cobran a\u00fan la pensi\u00f3n que les corresponde, con retrasos de hasta 14 meses.<\/p>\n<p style=\"text-align: justify;\">Lugo y Zamora son de las provincias con mejor situaci\u00f3n. Y Mondo\u00f1edo y Puebla de Sanabria, respectivamente, las oficinas con mayor disponibilidad de citas. Como m\u00e1ximo las dan a tres d\u00edas vista, y muchas veces para el mismo d\u00eda o el siguiente. Pero, incluso en estos casos, exigir cita previa a\u00f1ade un paso m\u00e1s al proceso, que en ocasiones es a trav\u00e9s de tel\u00e9fonos colapsados u obligatoriamente <em>online<\/em>, lo que incumple otro b\u00e1sico de las leyes espa\u00f1olas: excepto en casos acotados, los ciudadanos tienen derecho a elegir si quieren -o no- relacionarse de forma electr\u00f3nica con las administraciones p\u00fablicas.<\/p>\n<p style=\"text-align: justify;\">Xepe Torres, portavoz de la CIG (Confederaci\u00f3n Intersindical Galega), cree que el problema es que, adem\u00e1s, faltan recursos: \u201cYa desde antes de la pandemia y en la pandemia lo que han ido haciendo es ir reduciendo personal\u201d y, en paralelo, \u201caprovechar la pandemia para adelantar una reforma administrativa que significa <strong>poner en manos de las m\u00e1quinas lo que antes era una atenci\u00f3n personalizada, cara a cara<\/strong>, entre el administrado y la administraci\u00f3n\u201d.<\/p>\n<p style=\"text-align: justify;\">El pasado mes de septiembre, el Gobierno <a href=\"https:\/\/www.lamoncloa.gob.es\/serviciosdeprensa\/notasprensa\/inclusion\/Paginas\/2022\/290922-incorporacion-trabajadores.aspx\" target=\"_blank\" rel=\"noopener\">prometi\u00f3<\/a> 1.615 empleados extra para reforzar la Seguridad Social. Pero los datos de marzo no muestran que el colapso de la cita previa se haya solucionado. Desde la Seguridad Social aseguran que, adem\u00e1s de ese incremento de efectivos, que afirman que ya se nota en que hay mas atenci\u00f3n presencial, desde principios de a\u00f1o han habilitado mesas r\u00e1pidas, como antes de la pandemia, para atender urgencias, siempre que se pueda: \u201cse ha emitido la instrucci\u00f3n para que, en la medida de lo posible, y dentro del marco de la potenciaci\u00f3n de la cita previa, en el caso de las personas vulnerables, con incidencia de la brecha digital y aquellos mayores de 65 a\u00f1os que no hayan conseguido obtener cita previa y requieran una atenci\u00f3n presencial por sus especiales dificultades, deber\u00e1n ser atendidos sin cita y de forma prioritaria y, cuando no sea posible la atenci\u00f3n inmediata, deber\u00e1 facilitarse la concertaci\u00f3n de una cita lo antes posible\u201d. Pero esa posibilidad no est\u00e1 presente ni en carteles informativos ni en la p\u00e1gina web, que sigue hablando de cita previa obligatoria para todas esas gestiones, sin matices.<\/p>\n<p style=\"text-align: justify;\">\u201cDe un tiempo a esta parte se va demorando cada vez m\u00e1s esa cita previa. Antes era una semana, luego quince d\u00edas, ahora a veces es m\u00e1s de un mes. Y la gente se desespera\u201d, contin\u00faa Torres, que cree que \u201cla cita previa est\u00e1 muy bien, pero es como cuando tienes un problema m\u00e9dico: tambi\u00e9n puedes ir a urgencias y te atienden en el momento\u201d. \u201c\u00bfCita previa? S\u00ed. \u00bfObligatoria? No\u201d, opina tajante.<\/p>\n<div class=\"post-authors\">\n<div class=\"post-author\"><a title=\"Eva Belmonte\" href=\"https:\/\/civio.es\/equipo\/eva-belmonte\/\">Eva Belmonte<\/a><\/div>\n<div class=\"post-author\"><a title=\"Adri\u00e1n Maqueda\" href=\"https:\/\/civio.es\/equipo\/adrian-maqueda\/\">Adri\u00e1n Maqueda<\/a><\/div>\n<div class=\"post-author\"><a title=\"David Cabo\" href=\"https:\/\/civio.es\/equipo\/david-cabo\/\">David Cabo<\/a><\/div>\n<div class=\"post-author\"><a title=\"\u00c1ngela Bernardo\" href=\"https:\/\/civio.es\/equipo\/angela-bernardo\/\">\u00c1ngela Bernardo<\/a><\/div>\n<div class=\"post-author\"><a title=\"Carmen Torrecillas\" href=\"https:\/\/civio.es\/equipo\/carmen-torrecillas\/\">Carmen Torrecillas<\/a><\/div>\n<div class=\"post-author\"><a title=\"Mar\u00eda \u00c1lvarez del Vayo\" href=\"https:\/\/civio.es\/equipo\/maria-alvarez-del-vayo\/\">Mar\u00eda \u00c1lvarez del Vayo<\/a><\/div>\n<div>\u00a0<\/div>\n<\/div>\n<div>https:\/\/civio.es\/2023\/03\/31\/cita-previa\/?utm_source=Lista+General+de+Civio&amp;utm_campaign=755c13915d-Resumen+mensual+marzo+2023&amp;utm_medium=email&amp;utm_term=0_9d5b4c8cda-755c13915d-127571253&amp;mc_cid=755c13915d&amp;mc_eid=20b1c871f9<\/div>\n","protected":false},"excerpt":{"rendered":"<p>Mapeamos con un robot el acceso a la Seguridad Social buscando cita tres veces al&#8230;<\/p>\n","protected":false},"author":1,"featured_media":60617,"comment_status":"closed","ping_status":"closed","sticky":false,"template":"","format":"standard","meta":{"_coblocks_attr":"","_coblocks_dimensions":"","_coblocks_responsive_height":"","_coblocks_accordion_ie_support":"","jetpack_post_was_ever_published":false,"_jetpack_newsletter_access":"","_jetpack_dont_email_post_to_subs":false,"_jetpack_newsletter_tier_id":0,"_jetpack_memberships_contains_paywalled_content":false,"_jetpack_memberships_contains_paid_content":false,"footnotes":"","jetpack_publicize_message":"","jetpack_publicize_feature_enabled":true,"jetpack_social_post_already_shared":false,"jetpack_social_options":{"image_generator_settings":{"template":"highway","default_image_id":0,"enabled":false},"version":2}},"categories":[1161,7149,44,7671,6937,6920,15],"tags":[6511,10245],"class_list":["post-60616","post","type-post","status-publish","format-standard","has-post-thumbnail","hentry","category-ciudadania","category-coronavirus","category-noticias-de-hoy","category-politica","category-sociedad","category-tecnologia","category-ultimas-noticias","tag-cita-previa","tag-seguridfad-social"],"jetpack_publicize_connections":[],"jetpack_featured_media_url":"https:\/\/i0.wp.com\/miradordeatarfe.es\/wp-content\/uploads\/2023\/04\/Portada-cita-previa-01.png?fit=1120%2C560&ssl=1","jetpack_likes_enabled":true,"jetpack_sharing_enabled":true,"_links":{"self":[{"href":"https:\/\/miradordeatarfe.es\/index.php?rest_route=\/wp\/v2\/posts\/60616","targetHints":{"allow":["GET"]}}],"collection":[{"href":"https:\/\/miradordeatarfe.es\/index.php?rest_route=\/wp\/v2\/posts"}],"about":[{"href":"https:\/\/miradordeatarfe.es\/index.php?rest_route=\/wp\/v2\/types\/post"}],"author":[{"embeddable":true,"href":"https:\/\/miradordeatarfe.es\/index.php?rest_route=\/wp\/v2\/users\/1"}],"replies":[{"embeddable":true,"href":"https:\/\/miradordeatarfe.es\/index.php?rest_route=%2Fwp%2Fv2%2Fcomments&post=60616"}],"version-history":[{"count":1,"href":"https:\/\/miradordeatarfe.es\/index.php?rest_route=\/wp\/v2\/posts\/60616\/revisions"}],"predecessor-version":[{"id":60618,"href":"https:\/\/miradordeatarfe.es\/index.php?rest_route=\/wp\/v2\/posts\/60616\/revisions\/60618"}],"wp:featuredmedia":[{"embeddable":true,"href":"https:\/\/miradordeatarfe.es\/index.php?rest_route=\/wp\/v2\/media\/60617"}],"wp:attachment":[{"href":"https:\/\/miradordeatarfe.es\/index.php?rest_route=%2Fwp%2Fv2%2Fmedia&parent=60616"}],"wp:term":[{"taxonomy":"category","embeddable":true,"href":"https:\/\/miradordeatarfe.es\/index.php?rest_route=%2Fwp%2Fv2%2Fcategories&post=60616"},{"taxonomy":"post_tag","embeddable":true,"href":"https:\/\/miradordeatarfe.es\/index.php?rest_route=%2Fwp%2Fv2%2Ftags&post=60616"}],"curies":[{"name":"wp","href":"https:\/\/api.w.org\/{rel}","templated":true}]}}