{"id":60623,"date":"2023-04-15T11:30:45","date_gmt":"2023-04-15T09:30:45","guid":{"rendered":"https:\/\/miradordeatarfe.es\/?p=60623"},"modified":"2023-10-21T20:21:11","modified_gmt":"2023-10-21T18:21:11","slug":"atarfenos-del-mundo-de-la-ciencia-jorge-cara-jimenez","status":"publish","type":"post","link":"https:\/\/miradordeatarfe.es\/?p=60623","title":{"rendered":"ATARFE\u00d1OS DEL MUNDO DE LA CIENCIA: JORGE CARA JIM\u00c9NEZ"},"content":{"rendered":"<h3 style=\"text-align: justify;\">Jorge Cara Jim\u00e9nez. Doctor\u00a0Ingeniero\u00a0Qu\u00edmico.\u00a0Profesor\u00a0Titular\u00a0de\u00a0Universidad\u00a0de\u00a0Le\u00f3n<\/h3>\n<p style=\"text-align: justify;\">Durante mi carrera profesional he llevado un gran n\u00famero de proyectos de Investigaci\u00f3n, desarrollo e innovaci\u00f3n relacionados con la tecnolog\u00eda ambiental en empresas.<\/p>\n<p style=\"text-align: justify;\">Gracias a esta Investigaci\u00f3n he ayudado a muchas empresas a mejorar sus procesos productivos, a hacerlos m\u00e1s eficientes y menos contaminantes (m\u00e1s de 40 proyectos y contratos de investigaci\u00f3n, nacionales e internacionales). Por otro lado, en esta investigaci\u00f3n he sido director de 5 tesis doctorales relacionadas con la bioenerg\u00eda y la tecnolog\u00eda ambiental.<\/p>\n<p style=\"text-align: justify;\">Y en la actualidad sigo investigando y aprendiendo en el mundo de la Ciencia y la\u00a0Tecnolog\u00eda,\u00a0dentro\u00a0del\u00a0campo\u00a0de\u00a0la\u00a0bioenerg\u00eda\u00a0y\u00a0los\u00a0biocombustibles\u00a0en\u00a0particular.<\/p>\n<p style=\"text-align: justify;\">Si os encanta la ciencia, os animo a que aprend\u00e1is todo lo posible, a conocer el porqu\u00e9 de las cosas, que tanto la ciencia como la tecnolog\u00eda os van a dar la respuesta. En particular a mi me apasiona el c\u00f3mo cambiar el origen de la energ\u00eda que estamos todos utilizando en casa, la electricidad, o el calor, para que la fuente que la produce NO contamine la atm\u00f3sfera\u00a0\u00a0 tengamos un aire m\u00e1s limpio. Es decir, utilizar la luz solar o el viento, e incluso combustibles \u00abBIO\u00bb como los carbones vegetales, biocarburantes l\u00edquidos, biog\u00e1s y el hidr\u00f3geno verde.<\/p>\n<p style=\"text-align: justify;\">Mucho \u00e1nimo que el camino de la ciencia est\u00e1 lleno de sorpresas muy gratificantes.<\/p>\n<p><a href=\"https:\/\/i0.wp.com\/miradordeatarfe.es\/wp-content\/uploads\/2023\/04\/Imagen2.png?ssl=1\"><img data-recalc-dims=\"1\" loading=\"lazy\" decoding=\"async\" class=\"alignnone wp-image-60624 \" src=\"https:\/\/i0.wp.com\/miradordeatarfe.es\/wp-content\/uploads\/2023\/04\/Imagen2.png?resize=609%2C419&#038;ssl=1\" alt=\"\" width=\"609\" height=\"419\" srcset=\"https:\/\/i0.wp.com\/miradordeatarfe.es\/wp-content\/uploads\/2023\/04\/Imagen2.png?w=448&amp;ssl=1 448w, https:\/\/i0.wp.com\/miradordeatarfe.es\/wp-content\/uploads\/2023\/04\/Imagen2.png?resize=300%2C206&amp;ssl=1 300w\" sizes=\"auto, (max-width: 609px) 100vw, 609px\" \/><\/a><\/p>\n","protected":false},"excerpt":{"rendered":"<p>Jorge Cara Jim\u00e9nez. Doctor\u00a0Ingeniero\u00a0Qu\u00edmico.\u00a0Profesor\u00a0Titular\u00a0de\u00a0Universidad\u00a0de\u00a0Le\u00f3n Durante mi carrera profesional he llevado un gran n\u00famero de proyectos&#8230;<\/p>\n","protected":false},"author":1,"featured_media":60625,"comment_status":"closed","ping_status":"closed","sticky":false,"template":"","format":"standard","meta":{"_coblocks_attr":"","_coblocks_dimensions":"","_coblocks_responsive_height":"","_coblocks_accordion_ie_support":"","jetpack_post_was_ever_published":false,"_jetpack_newsletter_access":"","_jetpack_dont_email_post_to_subs":false,"_jetpack_newsletter_tier_id":0,"_jetpack_memberships_contains_paywalled_content":false,"_jetpack_memberships_contains_paid_content":false,"footnotes":"","jetpack_publicize_message":"","jetpack_publicize_feature_enabled":true,"jetpack_social_post_already_shared":false,"jetpack_social_options":{"image_generator_settings":{"template":"highway","default_image_id":0,"enabled":false},"version":2}},"categories":[9597,10778,6539],"tags":[81,9598],"class_list":["post-60623","post","type-post","status-publish","format-standard","has-post-thumbnail","hentry","category-cientificos-atarfenos","category-feria-de-la-ciencia-atarfe","category-personajes-de-ataref","tag-atarfe","tag-cientificos-atarfenos"],"jetpack_publicize_connections":[],"jetpack_featured_media_url":"https:\/\/i0.wp.com\/miradordeatarfe.es\/wp-content\/uploads\/2023\/04\/Sin-titulo2.jpg?fit=253%2C200&ssl=1","jetpack_likes_enabled":true,"jetpack_sharing_enabled":true,"_links":{"self":[{"href":"https:\/\/miradordeatarfe.es\/index.php?rest_route=\/wp\/v2\/posts\/60623","targetHints":{"allow":["GET"]}}],"collection":[{"href":"https:\/\/miradordeatarfe.es\/index.php?rest_route=\/wp\/v2\/posts"}],"about":[{"href":"https:\/\/miradordeatarfe.es\/index.php?rest_route=\/wp\/v2\/types\/post"}],"author":[{"embeddable":true,"href":"https:\/\/miradordeatarfe.es\/index.php?rest_route=\/wp\/v2\/users\/1"}],"replies":[{"embeddable":true,"href":"https:\/\/miradordeatarfe.es\/index.php?rest_route=%2Fwp%2Fv2%2Fcomments&post=60623"}],"version-history":[{"count":2,"href":"https:\/\/miradordeatarfe.es\/index.php?rest_route=\/wp\/v2\/posts\/60623\/revisions"}],"predecessor-version":[{"id":60627,"href":"https:\/\/miradordeatarfe.es\/index.php?rest_route=\/wp\/v2\/posts\/60623\/revisions\/60627"}],"wp:featuredmedia":[{"embeddable":true,"href":"https:\/\/miradordeatarfe.es\/index.php?rest_route=\/wp\/v2\/media\/60625"}],"wp:attachment":[{"href":"https:\/\/miradordeatarfe.es\/index.php?rest_route=%2Fwp%2Fv2%2Fmedia&parent=60623"}],"wp:term":[{"taxonomy":"category","embeddable":true,"href":"https:\/\/miradordeatarfe.es\/index.php?rest_route=%2Fwp%2Fv2%2Fcategories&post=60623"},{"taxonomy":"post_tag","embeddable":true,"href":"https:\/\/miradordeatarfe.es\/index.php?rest_route=%2Fwp%2Fv2%2Ftags&post=60623"}],"curies":[{"name":"wp","href":"https:\/\/api.w.org\/{rel}","templated":true}]}}