{"id":60663,"date":"2023-04-22T09:00:12","date_gmt":"2023-04-22T07:00:12","guid":{"rendered":"https:\/\/miradordeatarfe.es\/?p=60663"},"modified":"2023-04-22T09:58:15","modified_gmt":"2023-04-22T07:58:15","slug":"las-carreras-con-mayor-tasa-de-ocupacion","status":"publish","type":"post","link":"https:\/\/miradordeatarfe.es\/?p=60663","title":{"rendered":"Las carreras con mayor tasa de ocupaci\u00f3n"},"content":{"rendered":"<div class=\"v-h__sub-w v-h__sub-w--2\">\u00a0<\/div>\n<article class=\"v-a v-a--d v-a--d-bs v-a--p-b\">\n<div class=\"v-a-info-c \">\n<h3 class=\"v-a-sub-t\">Los j\u00f3venes con un grado tardan una media de 154 d\u00edas en firmar su primer contrato y los que tienen un doctorado, 128 d\u00edas<\/h3>\n<\/div>\n<\/article>\n<p class=\"v-p\" style=\"text-align: justify;\">La Escuela de Ingenier\u00eda de Edificaci\u00f3n de la Universidad de Granada (UGR) pas\u00f3 de recibir cada curso, solo en primero, unos 350 estudiantes (hace unos ocho a\u00f1os) a poco menos de medio centenar. Las matriculaciones se desplomaron. Han sido a\u00f1os muy complicados en los que la crisis les dio un gran zarpazo. Poco a poco se fue recuperando. Ya est\u00e1n en unas cifras buenas en matriculaci\u00f3n en primero. Y m\u00e1s lo son las estad\u00edsticas que sit\u00faan al grado en Edificaci\u00f3n el primero en la lista de t\u00edtulos con la tasa de ocupaci\u00f3n m\u00e1s elevada en la UGR del curso 2020-2021. Un a\u00f1o despu\u00e9s de terminar sus estudios (septiembre de 2022) era del 93%.<\/p>\n<p class=\"v-p\" style=\"text-align: justify;\">Son datos del estudio de la situaci\u00f3n laboral de los egresados de la UGR en 2022, un a\u00f1o despu\u00e9s de terminar sus estudios, que present\u00f3 ayer la rectora Pilar Aranda, junto al vicerrector de Estudiantes y Empleabilidad, Jos\u00e9 Antonio Naranjo, el director del Centro de Promoci\u00f3n de Empleo y Pr\u00e1cticas, Antonio Delgado, y el autor de los trabajos, Francisco Javier Valero.<\/p>\n<p class=\"v-p\" style=\"text-align: justify;\">El Observatorio de Empleo, integrado en las actividades del Centro de Promoci\u00f3n de Empleo, es quien ha analizado los datos. En la promoci\u00f3n 2020-2021 hubo 12.516 egresos en grados, m\u00e1ster y doctorado. En la 2019-2020, 11.903 egresos.<\/p>\n<p class=\"v-p\" style=\"text-align: justify;\">Seg\u00fan el informe presentado, el grado en \u00d3ptica y Optometr\u00eda est\u00e1 el segundo, al a\u00f1o de terminar la titulaci\u00f3n, con un 91,3%; le sigue Enfermer\u00eda, Medicina, el doble grado en Ingenier\u00eda Inform\u00e1tica y Matem\u00e1ticas, Fisioterapia, Ingenier\u00eda Electr\u00f3nica Industrial, Odontolog\u00eda, Logopedia, Ingenier\u00eda Inform\u00e1tica y Farmacia. Son las once primeras titulaciones de este ranking.<\/p>\n<p class=\"v-p\" style=\"text-align: justify;\">Las posiciones cambian si se toma como referencia grados con la tasa de inserci\u00f3n m\u00e1s alta (dos a\u00f1os despu\u00e9s del egreso). Medicina encabeza esta clasificaci\u00f3n con el 96,7% y le sigue Ingenier\u00eda Inform\u00e1tica con un 91,8%. Y en lo m\u00e1s alto est\u00e1 tambi\u00e9n \u00d3ptica, Enfermer\u00eda, doble grado en Inform\u00e1tica y Matem\u00e1ticas y Edificaci\u00f3n. Tambi\u00e9n destaca Ingenier\u00eda Qu\u00edmica, Electr\u00f3nica industrial, Telecomunicaci\u00f3n, Odontolog\u00eda, Farmacia, Estad\u00edstica o Ciencia y Tecnolog\u00eda de los Alimentos. El estudio referencia la situaci\u00f3n laboral al 30 de septiembre de 2022.<\/p>\n<div class=\"v-c-cmp v-n-mrg\" style=\"text-align: justify;\">\n<h3 class=\"v-d-cmp-sub-hl\">Por \u00e1reas<\/h3>\n<\/div>\n<p class=\"v-p\" style=\"text-align: justify;\">Por \u00e1reas, la tasa de ocupaci\u00f3n en las t\u00e9cnicas, 70,1%; sociales y jur\u00eddicas, 50,5%; salud, 71,5%; experimentales, 46,2%; humanidades, 30,6%; y magisterio, 44,9%. La tasa de ocupaci\u00f3n total en el curso 2020-2021 para los j\u00f3venes que terminaron un grado en la UGR fue del 52,5%; en los m\u00e1steres, 62%; y en el doctorado, 73,7%. A m\u00e1s estudios, mejoran los datos. Tambi\u00e9n en la tasa del paro, que en grado y m\u00e1ster era del 7,8% y en los doctorados, del 6,3%. Quienes mayor grado de adecuaci\u00f3n tienen en su primer contrato son los doctores (91,7%), seguidos de los de m\u00e1ster (55%) y grado (38,9%).<\/p>\n<p class=\"v-p\" style=\"text-align: justify;\">El tiempo medio para encontrar el primer empleo una persona con un grado fue de 154 d\u00edas, los que hicieron un m\u00e1ster descendi\u00f3 a 145 d\u00edas y en el caso de doctorados, 128 d\u00edas. En ese primer contrato la sobrecualificaci\u00f3n est\u00e1 m\u00e1s presente en los estudios de grado que doctorado.<\/p>\n<p class=\"v-p\" style=\"text-align: justify;\">La tasa de inserci\u00f3n en el a\u00f1o 2020 (crisis sanitaria) no se resinti\u00f3 en exceso respecto al a\u00f1o anterior. Durante los dos a\u00f1os posteriores al estallido de la pandemia hubo una mejora continua. En la comparativa hist\u00f3rica, el a\u00f1o 2015 fue el peor en la mayor\u00eda de los \u00edtems.<\/p>\n<p class=\"v-p\" style=\"text-align: justify;\">Sobre el buen posicionamiento de Edificaci\u00f3n, Aranda destac\u00f3 que hab\u00edan sabido adecuar los perfiles a la demanda. La subdirectora de Estudiantes y Emprendimiento de la Escuela de Edificaci\u00f3n, Ana Mar\u00eda Cruz, explic\u00f3 que las empresas van al centro a buscar a los estudiantes.<\/p>\n<p class=\"v-p\" style=\"text-align: justify;\">Sobre el incremento de la estabilidad de los contratos, Aranda valor\u00f3 los efectos de la reforma laboral, que fue criticada, pero est\u00e1 satisfecha de que haya mejorado la calidad de empleo de los titulados. El vicerrector de Estudiantes puso en valor estos estudios para conocer lo que est\u00e1n pasando en el mundo laboral y el universitario.<\/p>\n<div class=\"v-mdl-ath__info\">\n<p class=\"v-mdl-ath__p v-mdl-ath__p--name\"><strong>Andrea G. Parra<\/strong><\/p>\n<p>FOTO: <span class=\"v-fc__text\">Momento de la presentaci\u00f3n del estudio<\/span><\/p>\n<p>https:\/\/www.ideal.es\/miugr\/carreras-ocupaciones-20230413001422-nt.html#vtm_modulosEngag=lomas::noticia:1<\/p>\n<\/div>\n<p class=\"v-mdl-ath__p v-mdl-ath__p--date\">\u00a0<\/p>\n","protected":false},"excerpt":{"rendered":"<p>\u00a0 Los j\u00f3venes con un grado tardan una media de 154 d\u00edas en firmar su&#8230;<\/p>\n","protected":false},"author":1,"featured_media":60664,"comment_status":"closed","ping_status":"closed","sticky":false,"template":"","format":"standard","meta":{"_coblocks_attr":"","_coblocks_dimensions":"","_coblocks_responsive_height":"","_coblocks_accordion_ie_support":"","jetpack_post_was_ever_published":false,"_jetpack_newsletter_access":"","_jetpack_dont_email_post_to_subs":false,"_jetpack_newsletter_tier_id":0,"_jetpack_memberships_contains_paywalled_content":false,"_jetpack_memberships_contains_paid_content":false,"footnotes":"","jetpack_publicize_message":"","jetpack_publicize_feature_enabled":true,"jetpack_social_post_already_shared":false,"jetpack_social_options":{"image_generator_settings":{"template":"highway","default_image_id":0,"enabled":false},"version":2}},"categories":[187,1161,44,6937,6920,15],"tags":[10250,2727,2213],"class_list":["post-60663","post","type-post","status-publish","format-standard","has-post-thumbnail","hentry","category-centros-educativos","category-ciudadania","category-noticias-de-hoy","category-sociedad","category-tecnologia","category-ultimas-noticias","tag-carreras-con-futuro","tag-estudio","tag-ugr"],"jetpack_publicize_connections":[],"jetpack_featured_media_url":"https:\/\/i0.wp.com\/miradordeatarfe.es\/wp-content\/uploads\/2023\/04\/UGR1-758x531-1.jpg?fit=758%2C505&ssl=1","jetpack_likes_enabled":true,"jetpack_sharing_enabled":true,"_links":{"self":[{"href":"https:\/\/miradordeatarfe.es\/index.php?rest_route=\/wp\/v2\/posts\/60663","targetHints":{"allow":["GET"]}}],"collection":[{"href":"https:\/\/miradordeatarfe.es\/index.php?rest_route=\/wp\/v2\/posts"}],"about":[{"href":"https:\/\/miradordeatarfe.es\/index.php?rest_route=\/wp\/v2\/types\/post"}],"author":[{"embeddable":true,"href":"https:\/\/miradordeatarfe.es\/index.php?rest_route=\/wp\/v2\/users\/1"}],"replies":[{"embeddable":true,"href":"https:\/\/miradordeatarfe.es\/index.php?rest_route=%2Fwp%2Fv2%2Fcomments&post=60663"}],"version-history":[{"count":1,"href":"https:\/\/miradordeatarfe.es\/index.php?rest_route=\/wp\/v2\/posts\/60663\/revisions"}],"predecessor-version":[{"id":60665,"href":"https:\/\/miradordeatarfe.es\/index.php?rest_route=\/wp\/v2\/posts\/60663\/revisions\/60665"}],"wp:featuredmedia":[{"embeddable":true,"href":"https:\/\/miradordeatarfe.es\/index.php?rest_route=\/wp\/v2\/media\/60664"}],"wp:attachment":[{"href":"https:\/\/miradordeatarfe.es\/index.php?rest_route=%2Fwp%2Fv2%2Fmedia&parent=60663"}],"wp:term":[{"taxonomy":"category","embeddable":true,"href":"https:\/\/miradordeatarfe.es\/index.php?rest_route=%2Fwp%2Fv2%2Fcategories&post=60663"},{"taxonomy":"post_tag","embeddable":true,"href":"https:\/\/miradordeatarfe.es\/index.php?rest_route=%2Fwp%2Fv2%2Ftags&post=60663"}],"curies":[{"name":"wp","href":"https:\/\/api.w.org\/{rel}","templated":true}]}}