{"id":60676,"date":"2023-04-17T11:00:43","date_gmt":"2023-04-17T09:00:43","guid":{"rendered":"https:\/\/miradordeatarfe.es\/?p=60676"},"modified":"2023-04-17T09:43:25","modified_gmt":"2023-04-17T07:43:25","slug":"la-tierra-baldia-por-remedios-sanchez","status":"publish","type":"post","link":"https:\/\/miradordeatarfe.es\/?p=60676","title":{"rendered":"\u00abLA TIERRA BALD\u00cdA\u00bb por  Remedios S\u00e1nchez"},"content":{"rendered":"<h3 align=\"JUSTIFY\"><span style=\"font-family: Times New Roman, serif;\"><span style=\"font-size: medium;\"><span lang=\"es-ES\">Escribi\u00f3 T. S. Eliot que abril es el mes m\u00e1s cruel porque hace brotar lilas en tierra muerta. Pronto y, como nos descuidemos, ni siquiera las lilas podr\u00edan germinar en Do\u00f1ana porque, aunque no est\u00e1 muerta, lleva a\u00f1os moribunda ante la inacci\u00f3n de todos. <\/span><\/span><\/span><\/h3>\n<p align=\"JUSTIFY\"><span style=\"font-family: Times New Roman, serif;\"><span style=\"font-size: medium;\"><span lang=\"es-ES\">Lo que anta\u00f1o fue un vergel, un hogar de avefr\u00edas, garcillas o \u00e1nsares, de caballos salvajes y linces solitarios, de anguilas y esturiones, hoy pide auxilio mientras se desangra horadada en un sinf\u00edn de perforaciones. Recibe, a cambio, un golpe m\u00e1s, tal vez definitivo, en esa estrategia in\u00fatil de intentar salvar unos empleos asociados al agro hortofrut\u00edcola, pero condenados irremisiblemente al fracaso. Sin agua no hay vida y no se puede sacar m\u00e1s de donde queda tan poca en este momento, esa es la santa verdad. <\/span><\/span><\/span><\/p>\n<p align=\"JUSTIFY\"><span style=\"font-family: Times New Roman, serif;\"><span style=\"font-size: medium;\"><span lang=\"es-ES\">Llama la atenci\u00f3n que se proteja a los propietarios que han esquilmado el territorio en vez de preservar el espacio natural que necesitamos todos. Porque si no se toman medidas urgentes para salvar lo que nos va quedando, habitaremos un p\u00e1ramo, suelo est\u00e9ril, por la ambici\u00f3n desmedida de unos pocos y la desidia inoperante de otros. El colmo del desprop\u00f3sito es ver c\u00f3mo Ram\u00f3n Fern\u00e1ndez-Pacheco, Consejero andaluz de Sostenibilidad, Medio Ambiente y Econom\u00eda Azul, en vez de poner orden, pretende legalizar casi mil hect\u00e1reas de regad\u00edos clandestinos ayudando de esta manera a extraer la sangre \u00faltima del polvo vencido. Es natural: los flamencos y los cormoranes de los humedales no son rentables electoralmente mientras que los pozos ilegales, que han proliferado en este tiempo de sequ\u00eda extrema, son propiedad de unos se\u00f1ores que votar\u00e1n en las municipales. <\/span><\/span><\/span><\/p>\n<p align=\"JUSTIFY\"><span style=\"font-family: Times New Roman, serif;\"><span style=\"font-size: medium;\"><span lang=\"es-ES\">Lo mismo le da a Fern\u00e1ndez-Pacheco lo que digan los cient\u00edficos del modo en que se aniquilan los postreros acu\u00edferos, y menos a\u00fan le interesan los ecologistas defensores del parque. Tanto da, cuando un abogado urbanista se cree perito medioambiental que en su caso es como ser perito en lunas menguantes convexas, pero sin la dignidad de Miguel Hern\u00e1ndez. Igual de irrelevante resulta que su proyecto, consentido inexplicablemente por Juanma Moreno, vaya a ser pan para hoy y hambre para ma\u00f1ana. Porque sucede lo de siempre, que para algunos pol\u00edticos es m\u00e1s f\u00e1cil contentar a unos cuantos trileros que afrontar problemas de fondo dise\u00f1ando otras v\u00edas de desarrollo econ\u00f3mico para esas comarcas. <\/span><\/span><\/span><\/p>\n<p align=\"JUSTIFY\"><span style=\"font-family: Times New Roman, serif;\"><span style=\"font-size: medium;\"><span lang=\"es-ES\">Pero conste que la misma torpeza supina han aplicado desde el gobierno central que se comprometi\u00f3 en 2018 a hacer un <\/span><\/span><\/span><span style=\"font-family: Times New Roman, serif;\"><span lang=\"es-ES\">trasvase de 19,99 hect\u00e1reas de la <\/span><\/span><span style=\"font-family: Times New Roman, serif;\"><span style=\"font-size: medium;\"><span lang=\"es-ES\">demarcaci\u00f3n hidrogr\u00e1fica del Tinto, Odiel y r\u00edo Piedras a la del Guadalquivir. Cuatro a\u00f1os despu\u00e9s, han empezado a plante\u00e1rselo porque tambi\u00e9n la ministra Ribera llega tarde, ha esperado demasiado hasta propiciar lo habitual, estas confrontaciones ideol\u00f3gicas absurdas que conducen como salida \u00fanica a los versos de Eliot: \u201c\u00bfCu\u00e1les son las ra\u00edces que arraigan, qu\u00e9 ramas crecen\/ en estos p\u00e9treos desperdicios?\u201d. No son agoreros quienes avisan de lo que puede suceder. Son sensatos, aunque no guste porque no es lo que queremos o\u00edr. Por eso la imagen de la diputada Mora, portavoz de \u2018Adelante Andaluc\u00eda\u2019, vertiendo un vaso de arena en el esca\u00f1o del presidente Moreno Bonilla no es \u00fanicamente una performance. Es la desolada voz de las marismas, los montes y las dunas que reclaman, igual que el presidente del Parlamento, un poquito de por favor y de dignidad a quienes tienen la obligaci\u00f3n de proteger nuestra tierra.<\/span><\/span><\/span><\/p>\n<p align=\"JUSTIFY\">FOTO : EL P\u00daBLICO<\/p>\n","protected":false},"excerpt":{"rendered":"<p>Escribi\u00f3 T. S. Eliot que abril es el mes m\u00e1s cruel porque hace brotar lilas&#8230;<\/p>\n","protected":false},"author":1,"featured_media":60677,"comment_status":"closed","ping_status":"closed","sticky":false,"template":"","format":"standard","meta":{"_coblocks_attr":"","_coblocks_dimensions":"","_coblocks_responsive_height":"","_coblocks_accordion_ie_support":"","jetpack_post_was_ever_published":false,"_jetpack_newsletter_access":"","_jetpack_dont_email_post_to_subs":false,"_jetpack_newsletter_tier_id":0,"_jetpack_memberships_contains_paywalled_content":false,"_jetpack_memberships_contains_paid_content":false,"footnotes":"","jetpack_publicize_message":"","jetpack_publicize_feature_enabled":true,"jetpack_social_post_already_shared":false,"jetpack_social_options":{"image_generator_settings":{"template":"highway","default_image_id":0,"enabled":false},"version":2}},"categories":[1161,9,44,6914,15,10],"tags":[2791,3795,1877],"class_list":["post-60676","post","type-post","status-publish","format-standard","has-post-thumbnail","hentry","category-ciudadania","category-medio-ambiente","category-noticias-de-hoy","category-opinion-de-reme-sanchez","category-ultimas-noticias","category-salud","tag-donana","tag-regadio","tag-sequia"],"jetpack_publicize_connections":[],"jetpack_featured_media_url":"https:\/\/i0.wp.com\/miradordeatarfe.es\/wp-content\/uploads\/2023\/04\/Sin-titulo-3.jpeg?fit=275%2C183&ssl=1","jetpack_likes_enabled":true,"jetpack_sharing_enabled":true,"_links":{"self":[{"href":"https:\/\/miradordeatarfe.es\/index.php?rest_route=\/wp\/v2\/posts\/60676","targetHints":{"allow":["GET"]}}],"collection":[{"href":"https:\/\/miradordeatarfe.es\/index.php?rest_route=\/wp\/v2\/posts"}],"about":[{"href":"https:\/\/miradordeatarfe.es\/index.php?rest_route=\/wp\/v2\/types\/post"}],"author":[{"embeddable":true,"href":"https:\/\/miradordeatarfe.es\/index.php?rest_route=\/wp\/v2\/users\/1"}],"replies":[{"embeddable":true,"href":"https:\/\/miradordeatarfe.es\/index.php?rest_route=%2Fwp%2Fv2%2Fcomments&post=60676"}],"version-history":[{"count":1,"href":"https:\/\/miradordeatarfe.es\/index.php?rest_route=\/wp\/v2\/posts\/60676\/revisions"}],"predecessor-version":[{"id":60678,"href":"https:\/\/miradordeatarfe.es\/index.php?rest_route=\/wp\/v2\/posts\/60676\/revisions\/60678"}],"wp:featuredmedia":[{"embeddable":true,"href":"https:\/\/miradordeatarfe.es\/index.php?rest_route=\/wp\/v2\/media\/60677"}],"wp:attachment":[{"href":"https:\/\/miradordeatarfe.es\/index.php?rest_route=%2Fwp%2Fv2%2Fmedia&parent=60676"}],"wp:term":[{"taxonomy":"category","embeddable":true,"href":"https:\/\/miradordeatarfe.es\/index.php?rest_route=%2Fwp%2Fv2%2Fcategories&post=60676"},{"taxonomy":"post_tag","embeddable":true,"href":"https:\/\/miradordeatarfe.es\/index.php?rest_route=%2Fwp%2Fv2%2Ftags&post=60676"}],"curies":[{"name":"wp","href":"https:\/\/api.w.org\/{rel}","templated":true}]}}