{"id":60679,"date":"2023-04-19T11:45:19","date_gmt":"2023-04-19T09:45:19","guid":{"rendered":"https:\/\/miradordeatarfe.es\/?p=60679"},"modified":"2023-04-19T11:15:25","modified_gmt":"2023-04-19T09:15:25","slug":"educacion-e-inteligencia-artificial-por-jose-vaquero-sanchez","status":"publish","type":"post","link":"https:\/\/miradordeatarfe.es\/?p=60679","title":{"rendered":"\u00abEDUCACI\u00d3N E INTELIGENCIA ARTIFICIAL\u00bb por Jos\u00e9 Vaquero S\u00e1nchez"},"content":{"rendered":"<h3 style=\"text-align: justify;\">Como profesor que he sido de matem\u00e1ticas me interesa el modo en que este tipo de tecnolog\u00edas puede afectar al mundo educativo.<\/h3>\n<p style=\"text-align: justify;\">La inteligencia artificial representa un potente desarrollo tecnol\u00f3gico pero su consecuencia puede ser un retroceso social y educativo. ChatGpt es un sistema de inteligencia artificial construido para imitar por manipulaci\u00f3n al ser humano. \u00bfDeber\u00edamos implementar programas de IA que inviten a ese tipo de enga\u00f1o? Cuando interconectas con el programa te das cuenta de lo f\u00e1cil que es enga\u00f1arle o hacerle caer en fallos, tales como errores en problemas matem\u00e1ticos sencillos, pero tambi\u00e9n tiene una gran habilidad para elaborar informaci\u00f3n falsa. Y ah\u00ed radica el peligro, que esta informaci\u00f3n sea usada por personas sin escr\u00fapulos para adecuarla a sus propios intereses. Podr\u00eda usarse tanto para desacreditar a quien nos interese como para ama\u00f1ar elecciones o inventar historias falsas sobre un determinado tema. Producidas a escala masiva y en un lenguaje convincente.<\/p>\n<p style=\"text-align: justify;\">Como profesor que he sido de matem\u00e1ticas me interesa el modo en que este tipo de tecnolog\u00edas puede afectar al mundo educativo. Microsoft ya ha anunciado que podr\u00eda introducirlo en programas elaborados ad hoc para adaptarlos al ritmo de aprendizaje de cada alumno. Ello implica que los colegios e institutos tendr\u00edan que repensar como ense\u00f1an y eval\u00faan los contenidos que imparten. Si dejamos que el mundo de ChatGPT monopolice la educaci\u00f3n las consecuencias podr\u00edan ser nefastas. Estos algoritmos, imitando el comportamiento humano, hacen el trabajo que deber\u00edan hacer los alumnos. Escriben por ellos. Pero la escritura ha de ser algo personal. Con ella no s\u00f3lo expresamos ideas, sino que aprendemos a pensar. Imaginemos el da\u00f1o que podemos hacer a los estudiantes si una m\u00e1quina expresa las ideas y piensa por ellos. Habr\u00edamos acabado con el pensamiento cr\u00edtico.<\/p>\n<p style=\"text-align: justify;\">A otra faceta que pueden afectar estos algoritmos es a la creatividad, tan importante en edades tempranas. Esta caer\u00e1 en declive, ya que estamos sustituyendo la poderosa imaginaci\u00f3n de cualquiera de estos ni\u00f1os o ni\u00f1as por los resultados que aparezcan al interactuar con esos programas. Si terminamos cediendo es posible que cada vez seamos menos capaces de pensar de una forma original. Particularmente pienso que jam\u00e1s ninguna m\u00e1quina podr\u00e1 sustituir a un buen maestro.<\/p>\n<p style=\"text-align: justify;\">En definitiva, los estados deben implicarse no s\u00f3lo en regular este tipo de tecnolog\u00edas, sino que deben asegurar que van a garantizarse todos los derechos fundamentales. La educaci\u00f3n es uno de ellos.<\/p>\n<p>FOTO: https:\/\/ianetica.com\/la-inteligencia-artificial-en-la-educacion\/<\/p>\n","protected":false},"excerpt":{"rendered":"<p>Como profesor que he sido de matem\u00e1ticas me interesa el modo en que este tipo&#8230;<\/p>\n","protected":false},"author":1,"featured_media":60680,"comment_status":"closed","ping_status":"closed","sticky":false,"template":"","format":"standard","meta":{"_coblocks_attr":"","_coblocks_dimensions":"","_coblocks_responsive_height":"","_coblocks_accordion_ie_support":"","jetpack_post_was_ever_published":false,"_jetpack_newsletter_access":"","_jetpack_dont_email_post_to_subs":false,"_jetpack_newsletter_tier_id":0,"_jetpack_memberships_contains_paywalled_content":false,"_jetpack_memberships_contains_paid_content":false,"footnotes":"","jetpack_publicize_message":"","jetpack_publicize_feature_enabled":true,"jetpack_social_post_already_shared":false,"jetpack_social_options":{"image_generator_settings":{"template":"highway","default_image_id":0,"enabled":false},"version":2}},"categories":[187,1161,7926,44,15,10],"tags":[27,3666],"class_list":["post-60679","post","type-post","status-publish","format-standard","has-post-thumbnail","hentry","category-centros-educativos","category-ciudadania","category-opinion-de-jose-vaquero","category-noticias-de-hoy","category-ultimas-noticias","category-salud","tag-educacion","tag-inteligencia-artificial"],"jetpack_publicize_connections":[],"jetpack_featured_media_url":"https:\/\/i0.wp.com\/miradordeatarfe.es\/wp-content\/uploads\/2023\/04\/IANETICA-inteligencia-artificial-en-la-educacion-03.jpg?fit=681%2C383&ssl=1","jetpack_likes_enabled":true,"jetpack_sharing_enabled":true,"_links":{"self":[{"href":"https:\/\/miradordeatarfe.es\/index.php?rest_route=\/wp\/v2\/posts\/60679","targetHints":{"allow":["GET"]}}],"collection":[{"href":"https:\/\/miradordeatarfe.es\/index.php?rest_route=\/wp\/v2\/posts"}],"about":[{"href":"https:\/\/miradordeatarfe.es\/index.php?rest_route=\/wp\/v2\/types\/post"}],"author":[{"embeddable":true,"href":"https:\/\/miradordeatarfe.es\/index.php?rest_route=\/wp\/v2\/users\/1"}],"replies":[{"embeddable":true,"href":"https:\/\/miradordeatarfe.es\/index.php?rest_route=%2Fwp%2Fv2%2Fcomments&post=60679"}],"version-history":[{"count":1,"href":"https:\/\/miradordeatarfe.es\/index.php?rest_route=\/wp\/v2\/posts\/60679\/revisions"}],"predecessor-version":[{"id":60681,"href":"https:\/\/miradordeatarfe.es\/index.php?rest_route=\/wp\/v2\/posts\/60679\/revisions\/60681"}],"wp:featuredmedia":[{"embeddable":true,"href":"https:\/\/miradordeatarfe.es\/index.php?rest_route=\/wp\/v2\/media\/60680"}],"wp:attachment":[{"href":"https:\/\/miradordeatarfe.es\/index.php?rest_route=%2Fwp%2Fv2%2Fmedia&parent=60679"}],"wp:term":[{"taxonomy":"category","embeddable":true,"href":"https:\/\/miradordeatarfe.es\/index.php?rest_route=%2Fwp%2Fv2%2Fcategories&post=60679"},{"taxonomy":"post_tag","embeddable":true,"href":"https:\/\/miradordeatarfe.es\/index.php?rest_route=%2Fwp%2Fv2%2Ftags&post=60679"}],"curies":[{"name":"wp","href":"https:\/\/api.w.org\/{rel}","templated":true}]}}