{"id":60718,"date":"2023-04-18T11:44:24","date_gmt":"2023-04-18T09:44:24","guid":{"rendered":"https:\/\/miradordeatarfe.es\/?p=60718"},"modified":"2023-04-19T11:13:28","modified_gmt":"2023-04-19T09:13:28","slug":"ataref-semana-del-libro","status":"publish","type":"post","link":"https:\/\/miradordeatarfe.es\/?p=60718","title":{"rendered":"ATARFE: SEMANA DEL LIBRO"},"content":{"rendered":"<h3 style=\"text-align: justify;\"><span class=\"x193iq5w xeuugli x13faqbe x1vvkbs x1xmvt09 x1lliihq x1s928wv xhkezso x1gmr53x x1cpjm7i x1fgarty x1943h6x xudqn12 x3x7a5m x6prxxf xvq8zen xo1l8bm xzsf02u x1yc453h\" dir=\"auto\">HOY\u00a0 comienza la Semana del Libro de Atarfe, con distintas actividades en las que pod\u00e9is participar. Aqu\u00ed os dejamos la programaci\u00f3n de la semana.<\/span><\/h3>\n<p style=\"text-align: justify;\">La celebraci\u00f3n del <strong>D\u00eda del Libro<\/strong> se remonta a principios del siglo XX. La <strong>historia del libro<\/strong> se hace festiva y surgen <strong>actividades literarias<\/strong> en toda Espa\u00f1a. Hoy, el d\u00eda 23 de abril se celebra en todo el mundo, el D\u00eda del Libro Internacional.<\/p>\n<p style=\"text-align: justify;\">El <a title=\"Feria del libro, historia del libro, historia del D\u00eda del Libro\" href=\"https:\/\/www.diadellibro.eu\/origenes-dia-del-libro.html\">Origen del D\u00eda del Libro<\/a> se remonta a 1926. El 23 de abril de 1616 fallec\u00edan Cervantes, Shakespeare e Inca Garcilaso de la Vega. Tambi\u00e9n en un 23 de abril nacieron \u2013 o murieron \u2013 otros escritores eminentes como Maurice Druon, K. Laxness, Vladimir Nabokov, Josep Pla o Manuel Mej\u00eda Vallejo. Por este motivo, esta fecha tan simb\u00f3lica para la literatura universal fue la escogida por la Conferencia General de la UNESCO para rendir un homenaje mundial al libro y sus autores, y alentar a todos, en particular a los m\u00e1s j\u00f3venes, a descubrir el placer de la lectura y respetar la irreemplazable contribuci\u00f3n de los creadores al progreso social y cultural.<\/p>\n<p style=\"text-align: justify;\"><a href=\"https:\/\/i0.wp.com\/miradordeatarfe.es\/wp-content\/uploads\/2023\/04\/342037262_173894748883079_4881066964450276048_n.jpg?ssl=1\"><img data-recalc-dims=\"1\" loading=\"lazy\" decoding=\"async\" class=\"alignnone wp-image-60719 size-full\" src=\"https:\/\/i0.wp.com\/miradordeatarfe.es\/wp-content\/uploads\/2023\/04\/342037262_173894748883079_4881066964450276048_n.jpg?resize=640%2C867&#038;ssl=1\" alt=\"\" width=\"640\" height=\"867\" srcset=\"https:\/\/i0.wp.com\/miradordeatarfe.es\/wp-content\/uploads\/2023\/04\/342037262_173894748883079_4881066964450276048_n.jpg?w=828&amp;ssl=1 828w, https:\/\/i0.wp.com\/miradordeatarfe.es\/wp-content\/uploads\/2023\/04\/342037262_173894748883079_4881066964450276048_n.jpg?resize=221%2C300&amp;ssl=1 221w, https:\/\/i0.wp.com\/miradordeatarfe.es\/wp-content\/uploads\/2023\/04\/342037262_173894748883079_4881066964450276048_n.jpg?resize=756%2C1024&amp;ssl=1 756w, https:\/\/i0.wp.com\/miradordeatarfe.es\/wp-content\/uploads\/2023\/04\/342037262_173894748883079_4881066964450276048_n.jpg?resize=768%2C1041&amp;ssl=1 768w\" sizes=\"auto, (max-width: 640px) 100vw, 640px\" \/><\/a><\/p>\n<p><a href=\"https:\/\/i0.wp.com\/miradordeatarfe.es\/wp-content\/uploads\/2023\/04\/342040188_994807028168581_3653162642085149950_n.jpg?ssl=1\"><img data-recalc-dims=\"1\" loading=\"lazy\" decoding=\"async\" class=\"alignnone wp-image-60720 size-full\" src=\"https:\/\/i0.wp.com\/miradordeatarfe.es\/wp-content\/uploads\/2023\/04\/342040188_994807028168581_3653162642085149950_n.jpg?resize=640%2C897&#038;ssl=1\" alt=\"\" width=\"640\" height=\"897\" srcset=\"https:\/\/i0.wp.com\/miradordeatarfe.es\/wp-content\/uploads\/2023\/04\/342040188_994807028168581_3653162642085149950_n.jpg?w=918&amp;ssl=1 918w, https:\/\/i0.wp.com\/miradordeatarfe.es\/wp-content\/uploads\/2023\/04\/342040188_994807028168581_3653162642085149950_n.jpg?resize=214%2C300&amp;ssl=1 214w, https:\/\/i0.wp.com\/miradordeatarfe.es\/wp-content\/uploads\/2023\/04\/342040188_994807028168581_3653162642085149950_n.jpg?resize=730%2C1024&amp;ssl=1 730w, https:\/\/i0.wp.com\/miradordeatarfe.es\/wp-content\/uploads\/2023\/04\/342040188_994807028168581_3653162642085149950_n.jpg?resize=768%2C1077&amp;ssl=1 768w\" sizes=\"auto, (max-width: 640px) 100vw, 640px\" \/><\/a>\u00a0\u00a0 <a href=\"https:\/\/i0.wp.com\/miradordeatarfe.es\/wp-content\/uploads\/2023\/04\/Imagen-de-WhatsApp-2023-04-14-a-las-16.23.33B.jpg?ssl=1\"><img data-recalc-dims=\"1\" loading=\"lazy\" decoding=\"async\" class=\"alignnone wp-image-60723 \" src=\"https:\/\/i0.wp.com\/miradordeatarfe.es\/wp-content\/uploads\/2023\/04\/Imagen-de-WhatsApp-2023-04-14-a-las-16.23.33B.jpg?resize=640%2C915&#038;ssl=1\" alt=\"\" width=\"640\" height=\"915\" srcset=\"https:\/\/i0.wp.com\/miradordeatarfe.es\/wp-content\/uploads\/2023\/04\/Imagen-de-WhatsApp-2023-04-14-a-las-16.23.33B.jpg?w=716&amp;ssl=1 716w, https:\/\/i0.wp.com\/miradordeatarfe.es\/wp-content\/uploads\/2023\/04\/Imagen-de-WhatsApp-2023-04-14-a-las-16.23.33B.jpg?resize=210%2C300&amp;ssl=1 210w\" sizes=\"auto, (max-width: 640px) 100vw, 640px\" \/><\/a> <a href=\"https:\/\/i0.wp.com\/miradordeatarfe.es\/wp-content\/uploads\/2023\/04\/Imagen-de-WhatsApp-2023-04-14-a-las-16.23.33C.jpg?ssl=1\"><img data-recalc-dims=\"1\" loading=\"lazy\" decoding=\"async\" class=\"alignnone wp-image-60724 \" src=\"https:\/\/i0.wp.com\/miradordeatarfe.es\/wp-content\/uploads\/2023\/04\/Imagen-de-WhatsApp-2023-04-14-a-las-16.23.33C.jpg?resize=640%2C885&#038;ssl=1\" alt=\"\" width=\"640\" height=\"885\" srcset=\"https:\/\/i0.wp.com\/miradordeatarfe.es\/wp-content\/uploads\/2023\/04\/Imagen-de-WhatsApp-2023-04-14-a-las-16.23.33C.jpg?w=562&amp;ssl=1 562w, https:\/\/i0.wp.com\/miradordeatarfe.es\/wp-content\/uploads\/2023\/04\/Imagen-de-WhatsApp-2023-04-14-a-las-16.23.33C.jpg?resize=217%2C300&amp;ssl=1 217w\" sizes=\"auto, (max-width: 640px) 100vw, 640px\" \/><\/a><\/p>\n<p><a href=\"https:\/\/i0.wp.com\/miradordeatarfe.es\/wp-content\/uploads\/2023\/04\/Imagen-de-WhatsApp-2023-04-14-a-las-16.23.33-1.jpg?ssl=1\"><img data-recalc-dims=\"1\" loading=\"lazy\" decoding=\"async\" class=\"alignnone wp-image-60728 \" src=\"https:\/\/i0.wp.com\/miradordeatarfe.es\/wp-content\/uploads\/2023\/04\/Imagen-de-WhatsApp-2023-04-14-a-las-16.23.33-1.jpg?resize=640%2C918&#038;ssl=1\" alt=\"\" width=\"640\" height=\"918\" srcset=\"https:\/\/i0.wp.com\/miradordeatarfe.es\/wp-content\/uploads\/2023\/04\/Imagen-de-WhatsApp-2023-04-14-a-las-16.23.33-1.jpg?w=714&amp;ssl=1 714w, https:\/\/i0.wp.com\/miradordeatarfe.es\/wp-content\/uploads\/2023\/04\/Imagen-de-WhatsApp-2023-04-14-a-las-16.23.33-1.jpg?resize=209%2C300&amp;ssl=1 209w\" sizes=\"auto, (max-width: 640px) 100vw, 640px\" \/><\/a><\/p>\n<p>&nbsp;<\/p>\n","protected":false},"excerpt":{"rendered":"<p>HOY\u00a0 comienza la Semana del Libro de Atarfe, con distintas actividades en las que pod\u00e9is&#8230;<\/p>\n","protected":false},"author":1,"featured_media":60725,"comment_status":"closed","ping_status":"closed","sticky":false,"template":"","format":"standard","meta":{"_coblocks_attr":"","_coblocks_dimensions":"","_coblocks_responsive_height":"","_coblocks_accordion_ie_support":"","jetpack_post_was_ever_published":false,"_jetpack_newsletter_access":"","_jetpack_dont_email_post_to_subs":false,"_jetpack_newsletter_tier_id":0,"_jetpack_memberships_contains_paywalled_content":false,"_jetpack_memberships_contains_paid_content":false,"footnotes":"","jetpack_publicize_message":"","jetpack_publicize_feature_enabled":true,"jetpack_social_post_already_shared":false,"jetpack_social_options":{"image_generator_settings":{"template":"highway","default_image_id":0,"enabled":false},"version":2}},"categories":[2,12,6916,187,1161,44,6937,15],"tags":[81,4876,10261],"class_list":["post-60718","post","type-post","status-publish","format-standard","has-post-thumbnail","hentry","category-atarfe","category-cultura","category-ayuntamiento-de-atarfe","category-centros-educativos","category-ciudadania","category-noticias-de-hoy","category-sociedad","category-ultimas-noticias","tag-atarfe","tag-biblioteca-municipal","tag-sewmana-del-libro"],"jetpack_publicize_connections":[],"jetpack_featured_media_url":"https:\/\/i0.wp.com\/miradordeatarfe.es\/wp-content\/uploads\/2023\/04\/342065767_1405689526843644_2710633514390668016_n.jpg?fit=828%2C619&ssl=1","jetpack_likes_enabled":true,"jetpack_sharing_enabled":true,"_links":{"self":[{"href":"https:\/\/miradordeatarfe.es\/index.php?rest_route=\/wp\/v2\/posts\/60718","targetHints":{"allow":["GET"]}}],"collection":[{"href":"https:\/\/miradordeatarfe.es\/index.php?rest_route=\/wp\/v2\/posts"}],"about":[{"href":"https:\/\/miradordeatarfe.es\/index.php?rest_route=\/wp\/v2\/types\/post"}],"author":[{"embeddable":true,"href":"https:\/\/miradordeatarfe.es\/index.php?rest_route=\/wp\/v2\/users\/1"}],"replies":[{"embeddable":true,"href":"https:\/\/miradordeatarfe.es\/index.php?rest_route=%2Fwp%2Fv2%2Fcomments&post=60718"}],"version-history":[{"count":4,"href":"https:\/\/miradordeatarfe.es\/index.php?rest_route=\/wp\/v2\/posts\/60718\/revisions"}],"predecessor-version":[{"id":60735,"href":"https:\/\/miradordeatarfe.es\/index.php?rest_route=\/wp\/v2\/posts\/60718\/revisions\/60735"}],"wp:featuredmedia":[{"embeddable":true,"href":"https:\/\/miradordeatarfe.es\/index.php?rest_route=\/wp\/v2\/media\/60725"}],"wp:attachment":[{"href":"https:\/\/miradordeatarfe.es\/index.php?rest_route=%2Fwp%2Fv2%2Fmedia&parent=60718"}],"wp:term":[{"taxonomy":"category","embeddable":true,"href":"https:\/\/miradordeatarfe.es\/index.php?rest_route=%2Fwp%2Fv2%2Fcategories&post=60718"},{"taxonomy":"post_tag","embeddable":true,"href":"https:\/\/miradordeatarfe.es\/index.php?rest_route=%2Fwp%2Fv2%2Ftags&post=60718"}],"curies":[{"name":"wp","href":"https:\/\/api.w.org\/{rel}","templated":true}]}}