{"id":60730,"date":"2023-04-20T10:00:30","date_gmt":"2023-04-20T08:00:30","guid":{"rendered":"https:\/\/miradordeatarfe.es\/?p=60730"},"modified":"2023-04-19T13:27:48","modified_gmt":"2023-04-19T11:27:48","slug":"donana-no-se-toca","status":"publish","type":"post","link":"https:\/\/miradordeatarfe.es\/?p=60730","title":{"rendered":"\u00a1Do\u00f1ana no se toca! por Ignacio Henares"},"content":{"rendered":"<h3><strong>Carta abierta al Consejero de Medio Ambiente, Sostenibilidad y Econom\u00eda Azul<\/strong><\/h3>\n<h3><strong>c\/c al Presidente de la Junta de Andaluc\u00eda:<\/strong><\/h3>\n<p style=\"text-align: justify;\">Ilustr\u00edsimas autoridades del gobierno andaluz:<\/p>\n<p style=\"text-align: justify;\">Les escribo desde Granada, a los pies del conjunto monumental de la Alhambra y el Generalife, cumbre del arte andalus\u00ed de la \u00e9poca nazar\u00ed, declarado Patrimonio de la Humanidad en 1984. Desde mi balc\u00f3n, tras la colina roja, puedo contemplar toda la zona de las altas cumbres occidentales de Sierra Nevada, incluido el Pico Mulhac\u00e9n, el techo de la pen\u00ednsula ib\u00e9rica, que toma el nombre del pen\u00faltimo rey granadino que dej\u00f3 escrito que al finalizar sus d\u00edas quer\u00eda descansar \u2018lejos de vivos y muertos;\u2019 y si hacemos caso a la leyenda, en alg\u00fan lugar escondido de aquellas cimas reposa en paz. Seg\u00fan los ge\u00f3grafos \u00e1rabes en aquellas cumbres, en la laguna conocida como de \u2018la Mosca\u2019, estar\u00eda el nacimiento del Guadalquivir que \u2018muere\u2019 entre Sanl\u00facar de Barrameda y Do\u00f1ana, ya que este ser\u00eda el punto m\u00e1s alto de la cuenca hidrogr\u00e1fica; las tesis dominantes consideran los nacimientos de los r\u00edos en el punto m\u00e1s lejano y por tanto el del \u2018R\u00edo Grande\u2019 se sit\u00faa en la Sierra de Cazorla. (O en la Sierra de los V\u00e9lez, sin \u00e1nimo de avivar la pol\u00e9mica entre jienenses y almerienses).<\/p>\n<p class=\"sumari\" style=\"text-align: justify;\">Los dos espacios naturales andaluces son los \u00fanicos de Espa\u00f1a que, por el momento, han conseguido pasar el riguroso y dif\u00edcil proceso de auditor\u00eda externa que incluye, entre otras muchas variables, la necesidad de dotarse de instrumentos de participaci\u00f3n y de resoluci\u00f3n de conflictos<\/p>\n<p style=\"text-align: justify;\">Como sabr\u00e1n sus se\u00f1or\u00edas, Do\u00f1ana y Sierra Nevada son Reservas de la Biosfera declaradas por la UNESCO, que unen dos figuras jur\u00eddicas que se gestionan de manera integrada, Parque Nacional m\u00e1s Parque Natural. Ambas tambi\u00e9n comparten la condici\u00f3n de estar incluidas en la Red Europea Natura 2000, por albergar H\u00e1bitats de Inter\u00e9s Comunitario y por ser Zonas de Especial Protecci\u00f3n para las Aves. Adem\u00e1s, Do\u00f1ana forma parte de la Lista de Patrimonio Mundial desde 1994. Sierra Nevada y Do\u00f1ana fueron incluidas por la Uni\u00f3n Internacional de Conservaci\u00f3n de la Naturaleza en la Green List creada en el congreso mundial de Sidney en 2014; esta Lista Verde incluye a un selecto club de medio centenar de espacios naturales protegidos en todos los continentes, que son considerados como \u00c1reas Bien Gestionadas. Los dos espacios naturales andaluces son los \u00fanicos de Espa\u00f1a que, por el momento, han conseguido pasar el riguroso y dif\u00edcil proceso de auditor\u00eda externa que incluye, entre otras muchas variables, la necesidad de dotarse de instrumentos de participaci\u00f3n y de resoluci\u00f3n de conflictos, ya que, por su propia naturaleza, son territorios en los que problemas en la gesti\u00f3n de los recursos naturales, haberlos, haylos y la clave no est\u00e1 en ignorarlos sino en saber abordarlos y resolverlos.<\/p>\n<p style=\"text-align: justify;\"><strong><em>Se\u00f1or Juan Manuel Moreno Bonilla,<\/em><\/strong><\/p>\n<p style=\"text-align: justify;\"><strong><em>Se\u00f1or Ram\u00f3n Fern\u00e1ndez-Pacheco:<\/em><\/strong><\/p>\n<p style=\"text-align: justify;\">Sirva esta introducci\u00f3n para poner el acento de la extraordinaria importancia de Do\u00f1ana que, como nuestro himno, es \u2018por Andaluc\u00eda, Espa\u00f1a y la Humanidad\u2019 (pasando por la Uni\u00f3n Europea). No es un asunto local ni regional, sino que tiene una trascendencia, (ecol\u00f3gica, econ\u00f3mica, pol\u00edtica), que va m\u00e1s all\u00e1 de donde ustedes han querido centrar el debate sobre la repercusi\u00f3n de la legalizaci\u00f3n de la ampliaci\u00f3n de los regad\u00edos que han llevado al Parlamento Andaluz, con la legitimidad pol\u00edtica que le da su mayor\u00eda absoluta en la C\u00e1mara andaluza, reforzada por sus socios externos del grupo de ultraderecha de Vox. Debo indicarles que esta deriva de confrontaci\u00f3n a la que se han lanzado en la que les importa m\u00e1s \u2018vencer\u2019 que convencer, no s\u00e9 si ser\u00e1 rentable pol\u00edticamente, lo que ser\u00eda muy triste, pero les puedo asegurar que es un desprop\u00f3sito y una carga de profundidad para el futuro de Do\u00f1ana y por extensi\u00f3n para la gesti\u00f3n de los espacios naturales protegidos andaluces. Y no me refiero solamente a las repercusiones y conflictos legales y a las eventuales sanciones anunciadas por las instituciones europeas.<\/p>\n<p class=\"sumari\" style=\"text-align: justify;\">Si algo he, (hemos), aprendido en los espacios naturales protegidos, en tantos a\u00f1os de gesti\u00f3n, es en la necesidad de navegar siempre buscando \u2018equilibrios\u2019, entre el desarrollo y la conservaci\u00f3n, entre lo ideal y lo posible, y la de entender que las mejores soluciones siempre surgen de procesos de participaci\u00f3n, a veces largos e incluso tediosos<\/p>\n<p style=\"text-align: justify;\">Mi modesta opini\u00f3n que quiero trasladarles es la de un bi\u00f3logo, (que empez\u00f3 zo\u00f3logo, sigui\u00f3 bot\u00e1nico y acab\u00f3 ambient\u00f3logo), enamorado de Do\u00f1ana que ha disfrutado de las maravillas de Do\u00f1ana en m\u00faltiples ocasiones, y la de un empleado p\u00fablico de la Junta de Andaluc\u00eda (33 a\u00f1os cumplir\u00e9 en un par de meses \u2018en la casa\u2019), que ha dedicado la mayor parte de su trayectoria profesional a la conservaci\u00f3n de la biodiversidad y a la gesti\u00f3n de los espacios naturales protegidos, buena parte de ella en el Parque Nacional y Natural de Sierra Nevada, que me ha permitido compartir con los Equipos de Gesti\u00f3n de Do\u00f1ana multitud de reuniones, seminarios, congresos y jornadas sobre problemas, retos, proyectos de investigaci\u00f3n&#8230; espec\u00edficos de cada espacio protegido o comunes a toda la Red de Espacios Naturales Protegidos de Andaluc\u00eda o de la Red de Parques Nacionales Espa\u00f1oles.<\/p>\n<p style=\"text-align: justify;\">Si algo he, (hemos), aprendido en los espacios naturales protegidos, en tantos a\u00f1os de gesti\u00f3n, es en la necesidad de navegar siempre buscando \u2018equilibrios\u2019, entre el desarrollo y la conservaci\u00f3n, entre lo ideal y lo posible, y la de entender que las mejores soluciones siempre surgen de procesos de participaci\u00f3n, a veces largos e incluso tediosos, en los que se alcanzan consensos en los que nadie est\u00e1 de acuerdo totalmente pero tampoco nadie est\u00e1 en total desacuerdo.<\/p>\n<p style=\"text-align: justify;\"><strong><em>Se\u00f1or Consejero de Sostenibilidad, Medio Ambiente y Econom\u00eda Azul,<\/em><\/strong><\/p>\n<p style=\"text-align: justify;\"><strong><em>Se\u00f1or Presidente de la Junta de Andaluc\u00eda:<\/em><\/strong><\/p>\n<p style=\"text-align: justify;\">Les pido encarecidamente que den marcha atr\u00e1s en su empe\u00f1o de ampliar los regad\u00edos, que consideren que no todo el mundo va con el pie cambiado como en el chiste del desfile militar. La Uni\u00f3n Europea, el gobierno de Espa\u00f1a, el Consejo de Participaci\u00f3n del Espacio Natural Do\u00f1ana, los cient\u00edficos, las asociaciones de conservaci\u00f3n de la naturaleza\u2026 no todos pueden estar equivocados y no haber entendido las supuestas bondades de su \u2018m\u00e1gica\u2019 soluci\u00f3n. No pueden hacernos creer que la Uni\u00f3n Internacional de Conservaci\u00f3n de la Naturaleza, la UNESCO o los miembros del Convenio de Ramsar de Protecci\u00f3n de Humedales est\u00e9n preocupados gratuitamente o est\u00e9n manipulados pol\u00edticamente. La soberbia y el despotismo, (en este caso adem\u00e1s desilustrado), que hace ojos ciegos y o\u00eddos sordos a tantas posiciones contrarias a premiar a los ilegales, poniendo en peligro al humedal m\u00e1s importante de Europa, (y de paso a los agricultores legales), no puede ser la actitud de un gobierno que predica su moderaci\u00f3n y que pretende etiquetar su acci\u00f3n como \u2018Revoluci\u00f3n Verde\u2019. El cr\u00e9dito de nuestra regi\u00f3n, pionera en conservaci\u00f3n de espacios protegidos desde el a\u00f1o 1989, est\u00e1 en cuesti\u00f3n. (Hago un inciso para indicarles que la normativa al respecto requiere bastante m\u00e1s que un par de retoques y esa s\u00ed que requiere una iniciativa legislativa de urgencia).<\/p>\n<p class=\"sumari\" style=\"text-align: justify;\">Tengo en gran estima y consideraci\u00f3n a Miguel Delibes, a su conocimiento de Do\u00f1ana y a su capacidad de di\u00e1logo y de concertaci\u00f3n. Les pido que vuelvan a escucharle, que lo lean, que no cierren el di\u00e1logo en el Consejo de Participaci\u00f3n que tiene su raz\u00f3n de ser en el encuentro, (no en el encontronazo), en la b\u00fasqueda de acuerdos entre las diferentes opiniones de la enorme biodiversidad de &#8216;stakeholders&#8217; que se concentran en este \u00f3rgano de participaci\u00f3n<\/p>\n<p style=\"text-align: justify;\">Tengo en gran estima y consideraci\u00f3n a Miguel Delibes, a su conocimiento de Do\u00f1ana y a su capacidad de di\u00e1logo y de concertaci\u00f3n. Les pido que vuelvan a escucharle, que lo lean, que no cierren el di\u00e1logo en el Consejo de Participaci\u00f3n que tiene su raz\u00f3n de ser en el encuentro, (no en el encontronazo), en la b\u00fasqueda de acuerdos entre las diferentes opiniones de la enorme biodiversidad de <em>stakeholders <\/em>que se concentran en este \u00f3rgano de participaci\u00f3n; \u00a0re\u00fananse, de nuevo si ya lo han hecho, con los cient\u00edficos y reconozcan que las decisiones sobre la gesti\u00f3n de Do\u00f1ana deben estar basadas en la mejor informaci\u00f3n t\u00e9cnica y cient\u00edfica disponible y que en los temas ambientales, debe imperar el principio de precauci\u00f3n. En especial analicen los \u00faltimos informes de la Estaci\u00f3n Biol\u00f3gica de Do\u00f1ana que alertan del \u2018insostenible punto cr\u00edtico\u2019 en el que se encuentra Do\u00f1ana por la falta de agua y de la situaci\u00f3n dram\u00e1tica que vive a causa del deterioro generalizado y p\u00e9rdida de las lagunas, as\u00ed como de las afecciones a toda la fauna, mortandad de \u00e1rboles, especialmente de los alcornoques centenarios. Eloy Revilla, director de la EBD ha sido muy gr\u00e1fico al explicar lo que supone este dardo al coraz\u00f3n de Do\u00f1ana: <em>\u201ces como si se asaran salchichas quemando cuadros de Picasso\u201d. <\/em>En mi campo consideramos la p\u00e9rdida de biodiversidad como si desapareciera una enorme biblioteca repleta de libros con toda la Historia de la Humanidad.<\/p>\n<p style=\"text-align: justify;\">Escuchen tambi\u00e9n a los gestores actuales del Espacio Natural de Do\u00f1ana y a todos los anteriores directores del Parque Nacional de Do\u00f1ana que se han manifestado rotundamente en contra de la proposici\u00f3n de ley que ha iniciado la semana pasada su tramitaci\u00f3n parlamentaria, en\u00a0 un ambiente pre-electoral, poco adecuado para buscar consensos amplios como requiere un asunto tan delicado y complejo y en una situaci\u00f3n tan grave de sequ\u00eda como la que se vive este a\u00f1o en \u2018el Coto\u2019, que requiere actuaciones de urgencia para paliar los efectos, no para incrementar el problema.\u00a0<\/p>\n<p class=\"sumari\" style=\"text-align: justify;\">Oigan al Fondo Mundial de Protecci\u00f3n de la Naturaleza, conocida como WWF por sus siglas en ingl\u00e9s, una organizaci\u00f3n cuya historia est\u00e1 ligada a la protecci\u00f3n de este Parque Nacional, que ha lanzado su \u00a1Acci\u00f3n Urgente, Do\u00f1ana!<\/p>\n<p style=\"text-align: justify;\">Oigan al Fondo Mundial de Protecci\u00f3n de la Naturaleza, conocida como WWF por sus siglas en ingl\u00e9s, una organizaci\u00f3n cuya historia est\u00e1 ligada a la protecci\u00f3n de este Parque Nacional, que ha lanzado su <strong>\u00a1Acci\u00f3n Urgente, Do\u00f1ana!<\/strong>, porque considera que podr\u00eda ser el remate final de un acu\u00edfero ya sobreexplotado hasta el extremo.<\/p>\n<p style=\"text-align: justify;\">Sean sensibles a la campa\u00f1a lanzada por SEO-Birdlife <strong>Do\u00f1ana Se Extingue<\/strong> que califica su propuesta, y en esto somos muy sensibles en esta parte de Andaluc\u00eda, \u201ccomo si se propusiera derribar la Alhambra para construir un centro comercial\u201d.<\/p>\n<p style=\"text-align: justify;\">No puedo aportarles m\u00e1s razones y argumentos que todos los que se han vertido en estos d\u00edas por expertos mejor conocedores que yo de Do\u00f1ana. Pero s\u00ed puedo aconsejarles que yo en su lugar, Dios me libre y libre a los andaluces, congelar\u00eda la decisi\u00f3n tomada y la aplazar\u00eda al menos un a\u00f1o en el que dedicar\u00eda a propiciar un acuerdo b\u00e1sico, mejor un Pacto por Do\u00f1ana, similar al que funcion\u00f3 en los a\u00f1os 90.\u00a0 Y dedicar\u00eda el pr\u00f3ximo a\u00f1o para programar en agenda una visita al mes, acompa\u00f1ado de amigos y familiares. Algunas recomendaciones o sugerencias:<\/p>\n<ul style=\"text-align: justify;\">\n<li>Conozcan toda la oferta de Uso P\u00fablico del Espacio Natural Do\u00f1ana y no se pierdan la visita a los centros de Visitantes del Acebuche, el Palacio del Acebr\u00f3n, La Rocina y Centenales; conozcan los centros de interpretaci\u00f3n Jos\u00e9 Antonio Valverde, F\u00e1brica de Hielo y el de Guadiamar y los diferentes puntos de informaci\u00f3n dispersos por los distintos municipios.<\/li>\n<li>Recorran los diferentes senderos se\u00f1alizados e interpretados y sigan las indicaciones para poder disfrutar de la extraordinaria y singular biodiversidad de Do\u00f1ana.<\/li>\n<li>A final de junio acudan a las actividades de la Saca de las Yeguas, una tradici\u00f3n que se celebra junto al Roc\u00edo y que cuenta con quinientos a\u00f1os de antig\u00fcedad.<\/li>\n<li>Este verano disfruten de una puesta de sol en alguna playa virgen o desde un paseo en barco con ruta desde la desembocadura del Guadalquivir. En el camino podr\u00e1n conocer de d\u00f3nde viene lo de <em>\u201cest\u00e1s m\u00e1s perdido que el barco del arroz\u201d<\/em>, (no lo tomen como una indirecta). A la vuelta, no se olviden de mirar al cielo en silencio y mediten con tranquilidad sobre el asunto en cuesti\u00f3n, mientras conocen las historias mitol\u00f3gicas que encierran las constelaciones.<\/li>\n<li>Este oto\u00f1o, tras las primeras lluvias, acudan a ver la llegada de miles de aves migradoras, (an\u00e1tidas, lim\u00edcolas, grullas\u2026), que llegan de un largo viaje desde el norte de Europa. Incluyan en la visita un amanecer en el Cerro de los \u00c1nsares, requiere madrugar mucho pero ya saben lo del refr\u00e1n\u2026<\/li>\n<li>En cualquier hueco, visiten la Reserva Natural Concertada de La Ca\u00f1ada de los P\u00e1jaros y la de la Dehesa de Abajo, podr\u00e1n hablar despu\u00e9s con m\u00e1s propiedad de ecoturismo.<\/li>\n<\/ul>\n<p style=\"text-align: justify;\">Pueden completar esta apresurada propuesta consultando con empresas especializadas de turismo de Do\u00f1ana, las hay y con muy buenos profesionales, y entre visita y visita, y cuando la apretada agenda no lo permita, dediquen un rato a navegar por internet para conocer mejor la historia y las leyendas, la geolog\u00eda, la biodiversidad de Do\u00f1ana; y a ratos aprovechen para ver las webcams que permiten ver en directo escenas emocionantes de la naturaleza como las del centro de cr\u00eda del lince o la que enfoca al nido del \u00e1guila imperial, por citar dos de las especies m\u00e1s emblem\u00e1ticas, catalogadas en peligro de extinci\u00f3n. Por cierto, gestionadas por la Estaci\u00f3n Biol\u00f3gica de Do\u00f1ana del Consejo Superior de Investigaciones Cient\u00edficas y por la Sociedad Ornitol\u00f3gica Espa\u00f1ola (SEO-Birdlife).<\/p>\n<div class=\"divdest\" style=\"text-align: justify;\">Si despu\u00e9s de ese a\u00f1o de pr\u00f3rroga el Pacto por Do\u00f1ana no se ha consumado y esa inmersi\u00f3n en la naturaleza de Do\u00f1ana no les ha conmovido, nuestra sociedad andaluza tiene un grave problema de convivencia y ustedes tienen un problema de hiposensibilidad que requerir\u00e1 atenci\u00f3n m\u00e9dica y que les impide ejercer cargos p\u00fablicos con responsabilidad en temas ambientales.<\/div>\n<p style=\"text-align: justify;\"><strong> <span class=\"autor\"> <a href=\"http:\/\/www.elindependientedegranada.es\/autor\/121\">Ignacio Henares<\/a> <\/span> &#8211;<\/strong><\/p>\n<p>http:\/\/www.elindependientedegranada.es\/blog\/donana-no-toca<\/p>\n<p>FOTO:JORGE SIERRA\/WWF v\u00eda EP.<\/p>\n<div class=\"blq-img mainImg\">\n<div class=\"txt\">\n<div class=\"pie\">Caballos en la marisma de Do\u00f1ana, en el Parque Nacional, en una imagen de archivo<\/div>\n<\/div>\n<\/div>\n","protected":false},"excerpt":{"rendered":"<p>Carta abierta al Consejero de Medio Ambiente, Sostenibilidad y Econom\u00eda Azul c\/c al Presidente de&#8230;<\/p>\n","protected":false},"author":1,"featured_media":60732,"comment_status":"closed","ping_status":"closed","sticky":false,"template":"","format":"standard","meta":{"_coblocks_attr":"","_coblocks_dimensions":"","_coblocks_responsive_height":"","_coblocks_accordion_ie_support":"","jetpack_post_was_ever_published":false,"_jetpack_newsletter_access":"","_jetpack_dont_email_post_to_subs":false,"_jetpack_newsletter_tier_id":0,"_jetpack_memberships_contains_paywalled_content":false,"_jetpack_memberships_contains_paid_content":false,"footnotes":"","jetpack_publicize_message":"","jetpack_publicize_feature_enabled":true,"jetpack_social_post_already_shared":false,"jetpack_social_options":{"image_generator_settings":{"template":"highway","default_image_id":0,"enabled":false},"version":2}},"categories":[1161,9,44,6937,15],"tags":[2791,470],"class_list":["post-60730","post","type-post","status-publish","format-standard","has-post-thumbnail","hentry","category-ciudadania","category-medio-ambiente","category-noticias-de-hoy","category-sociedad","category-ultimas-noticias","tag-donana","tag-gobierno-andaluz"],"jetpack_publicize_connections":[],"jetpack_featured_media_url":"https:\/\/i0.wp.com\/miradordeatarfe.es\/wp-content\/uploads\/2023\/04\/donana.jpg?fit=650%2C435&ssl=1","jetpack_likes_enabled":true,"jetpack_sharing_enabled":true,"_links":{"self":[{"href":"https:\/\/miradordeatarfe.es\/index.php?rest_route=\/wp\/v2\/posts\/60730","targetHints":{"allow":["GET"]}}],"collection":[{"href":"https:\/\/miradordeatarfe.es\/index.php?rest_route=\/wp\/v2\/posts"}],"about":[{"href":"https:\/\/miradordeatarfe.es\/index.php?rest_route=\/wp\/v2\/types\/post"}],"author":[{"embeddable":true,"href":"https:\/\/miradordeatarfe.es\/index.php?rest_route=\/wp\/v2\/users\/1"}],"replies":[{"embeddable":true,"href":"https:\/\/miradordeatarfe.es\/index.php?rest_route=%2Fwp%2Fv2%2Fcomments&post=60730"}],"version-history":[{"count":2,"href":"https:\/\/miradordeatarfe.es\/index.php?rest_route=\/wp\/v2\/posts\/60730\/revisions"}],"predecessor-version":[{"id":60734,"href":"https:\/\/miradordeatarfe.es\/index.php?rest_route=\/wp\/v2\/posts\/60730\/revisions\/60734"}],"wp:featuredmedia":[{"embeddable":true,"href":"https:\/\/miradordeatarfe.es\/index.php?rest_route=\/wp\/v2\/media\/60732"}],"wp:attachment":[{"href":"https:\/\/miradordeatarfe.es\/index.php?rest_route=%2Fwp%2Fv2%2Fmedia&parent=60730"}],"wp:term":[{"taxonomy":"category","embeddable":true,"href":"https:\/\/miradordeatarfe.es\/index.php?rest_route=%2Fwp%2Fv2%2Fcategories&post=60730"},{"taxonomy":"post_tag","embeddable":true,"href":"https:\/\/miradordeatarfe.es\/index.php?rest_route=%2Fwp%2Fv2%2Ftags&post=60730"}],"curies":[{"name":"wp","href":"https:\/\/api.w.org\/{rel}","templated":true}]}}