{"id":60736,"date":"2023-04-20T10:40:41","date_gmt":"2023-04-20T08:40:41","guid":{"rendered":"https:\/\/miradordeatarfe.es\/?p=60736"},"modified":"2023-04-20T11:32:48","modified_gmt":"2023-04-20T09:32:48","slug":"reorganizacion-de-los-centros-de-salud-en-granada-como-afecta-a-pacientes","status":"publish","type":"post","link":"https:\/\/miradordeatarfe.es\/?p=60736","title":{"rendered":"Reorganizaci\u00f3n de los centros de salud en Granada: \u00bfc\u00f3mo afecta a pacientes?"},"content":{"rendered":"<h2 class=\"v-a-sub-t\">Los cinco pasos recomendados por Salud para aquellos que tengan que ser atendidos en atenci\u00f3n primaria<\/h2>\n<p class=\"v-p\">Los centros de salud del Distrito Sanitario Granada-Metropolitano est\u00e1n recibiendo instrucciones para aplicar la limitaci\u00f3n de agendas en atenci\u00f3n primaria, una medida que el Servicio Andaluz de Salud (SAS) acord\u00f3 con el Sindicato M\u00e9dico Andaluz el pasado mes de enero. El pr\u00f3ximo 2 de mayo se pondr\u00e1n en marcha medidas para reorganizar las consultas y garantizar que los pacientes cuenten con diez minutos de tiempo, una reclamaci\u00f3n hist\u00f3rica. Las otras dos \u00e1reas sanitarias, la Nordeste y la Sur, est\u00e1n trabajando en la misma l\u00ednea.<\/p>\n<p class=\"v-p\">Fuentes del Distrito Sanitario Granada-Metropolitano consultadas por IDEAL explican cu\u00e1les deben ser los pasos a seguir por los pacientes que necesiten ser atendidos en un centro de salud para, adem\u00e1s, aliviar las urgencias:<\/p>\n<div class=\"v-c-cmp v-c-cmp--ab-sm\">\n<div class=\"v-d-cmp-list-b\">\n<ol class=\"v-d-cmp-list-b__list\">\n<li class=\"v-d-cmp-list-b__item\">\n<div class=\"v-d-cmp-list-b__n\">\n<h3 class=\"v-number\">1 Pedir cita<\/h3>\n<\/div>\n<\/li>\n<\/ol>\n<\/div>\n<\/div>\n<p class=\"v-p\">Pedir cita a trav\u00e9s de ClicSalud+, la app de Salud Responde, llamando al tel\u00e9fono 955 54 50 60 de Salud Responde o a trav\u00e9s de los tel\u00e9fonos de informaci\u00f3n de cada uno de los centros de salud y consultorios.<\/p>\n<p class=\"v-p\">No siempre hay que pedir cita con el m\u00e9dico de familia. En muchas ocasiones el profesional de Enfermer\u00eda puede resolver el problema, aunque la ciudadan\u00eda lo desconozca. De hecho, el SAS recuerda que en las consultas de acogida pueden solicitar anal\u00edticas, pedir medicaci\u00f3n o hacer el seguimiento de enfermos cr\u00f3nicos, por ejemplo.<\/p>\n<div class=\"v-c-cmp v-c-cmp--ab-sm\">\n<div class=\"v-d-cmp-list-b\">\n<ol class=\"v-d-cmp-list-b__list\">\n<li class=\"v-d-cmp-list-b__item\">\n<div class=\"v-d-cmp-list-b__n\">\n<h3 class=\"v-number\">2 Acudir al centro<\/h3>\n<\/div>\n<\/li>\n<\/ol>\n<\/div>\n<\/div>\n<p class=\"v-p\">En caso de que no haya cita telef\u00f3nica ni presencial disponible, el paciente debe audir al centro de salud. El personal de administraci\u00f3n podr\u00e1 derivar el caso a la enfermera de acogida si la puede resolver.<\/p>\n<div class=\"v-c-cmp v-c-cmp--ab-sm\">\n<div class=\"v-d-cmp-list-b\">\n<ol class=\"v-d-cmp-list-b__list\">\n<li class=\"v-d-cmp-list-b__item\">\n<div class=\"v-d-cmp-list-b__n\">\n<h3 class=\"v-number\">3 Derivaci\u00f3n<\/h3>\n<\/div>\n<\/li>\n<\/ol>\n<\/div>\n<\/div>\n<p class=\"v-p\">En caso de que la enfermera de acogida no pueda solucionarlo, se deriva a otro profesional, como \u00abfisioterapeutas, matronas, enfermera gestora de casos, trabajadora social, enfermera de cupo de pediatr\u00eda o enfermera referente de centros residenciales\u00bb, entre otros.<\/p>\n<div class=\"v-c-cmp v-c-cmp--ab-sm\">\n<div class=\"v-d-cmp-list-b\">\n<ol class=\"v-d-cmp-list-b__list\">\n<li class=\"v-d-cmp-list-b__item\">\n<div class=\"v-d-cmp-list-b__n\">\n<h3 class=\"v-number\">4 Huecos programados<\/h3>\n<\/div>\n<\/li>\n<\/ol>\n<\/div>\n<\/div>\n<p class=\"v-p\">Si el paciente necesita ser atendido por el m\u00e9dico y no hay citas, hay huecos programados para esas demandas no demorables.<\/p>\n<div class=\"v-c-cmp v-c-cmp--ab-sm\">\n<div class=\"v-d-cmp-list-b\">\n<ol class=\"v-d-cmp-list-b__list\">\n<li class=\"v-d-cmp-list-b__item\">\n<div class=\"v-d-cmp-list-b__n\">\n<h3 class=\"v-number\">5 Citas por la tarde<\/h3>\n<\/div>\n<\/li>\n<\/ol>\n<\/div>\n<\/div>\n<p class=\"v-p\">Si la demanda puede esperar, el personal de administraci\u00f3n buscar\u00e1 una cita de tarde ese mismo d\u00eda o al d\u00eda siguiente. Esto podr\u00e1 llevarse a cabo siempre que haya facultativos que quieran trabajar por las tardes.<\/p>\n<h3 class=\"v-a-t\">El Sindicato M\u00e9dico contin\u00faa con su huelga en Granada para pedir mejores condiciones<\/h3>\n<h3 class=\"v-a-sub-t\">Volver\u00e1n a pedir \u00abinstrucciones claras\u00bb para aplicar el acuerdo de limitaci\u00f3n de agendas<\/h3>\n<p class=\"v-p\">El Sindicato M\u00e9dico de Granada sigue adelante con la huelga de atenci\u00f3n primaria, convocada para cada mi\u00e9rcoles hasta el 24 de mayo. En esta segunda jornada volver\u00e1n a pedir \u00abinstrucciones claras\u00bb para aplicar el acuerdo de limitaci\u00f3n de agendas, ya que, a su juicio, \u00abdos meses y medio despu\u00e9s la Consejer\u00eda de Salud y el SAS no han enviado documentos para asegurar su cumplimiento\u00bb. Est\u00e1n convocados a la huelga, de 8.00 a 20.00 horas, todos los m\u00e9dicos de atenci\u00f3n primaria de la provincia.<\/p>\n<p class=\"v-p\">Las otras quejas que motivan la protesta son que los profesionales de atenci\u00f3n primaria cobran un complemento espec\u00edfico \u00abmuy por debajo\u00bb de su formaci\u00f3n; la falta de transparencia en los c\u00e1lculos del Complemento de Rendimiento Profesional; la desigualdad retributiva con el resto de las comunidades aut\u00f3nomas; o la situaci\u00f3n de abandono de los Dispositivos de Apoyo, un puesto creado para reforzar las urgencias extrahospitalarias, cuya figura \u00abno est\u00e1 regulada\u00bb.<\/p>\n<p><a href=\"https:\/\/www.ideal.es\/autor\/laura-velasco-1652.html\"><strong> Laura Velasco<\/strong> <\/a><\/p>\n<article class=\"v-a v-a--d v-a--d-bs v-a--p-b\">\n<div class=\"v-a-img-c v-a-img-c--fw-xs\">\n<figure class=\"v-a-fig\"><figcaption class=\"v-fc\"><span class=\"v-fc__text\">FOTO: El SAS reorganizar\u00e1 las consultas de los centros de salud granadinos.<\/span> <span class=\"v-fc__ath\">Europa Press<\/span><\/figcaption><\/figure>\n<\/div>\n<div class=\"v-a-info-c \">\u00a0<\/div>\n<\/article>\n<div class=\"v-d v-d--ab-c v-d--bs\">\n<div class=\"v-mdl-ath\" data-voc-component=\"viewport-not-visible\">\n<div class=\"v-mdl-ath__c v-mdl-ath__c--1\">\n<div class=\"v-mdl-ath__info\">\n<p>https:\/\/www.ideal.es\/granada\/reorganizacion-centros-salud-granada-afecta-pacientes-20230419001050-nt.html<\/p>\n<\/div>\n<\/div>\n<\/div>\n<\/div>\n","protected":false},"excerpt":{"rendered":"<p>Los cinco pasos recomendados por Salud para aquellos que tengan que ser atendidos en atenci\u00f3n&#8230;<\/p>\n","protected":false},"author":1,"featured_media":60792,"comment_status":"closed","ping_status":"closed","sticky":false,"template":"","format":"standard","meta":{"_coblocks_attr":"","_coblocks_dimensions":"","_coblocks_responsive_height":"","_coblocks_accordion_ie_support":"","jetpack_post_was_ever_published":false,"_jetpack_newsletter_access":"","_jetpack_dont_email_post_to_subs":false,"_jetpack_newsletter_tier_id":0,"_jetpack_memberships_contains_paywalled_content":false,"_jetpack_memberships_contains_paid_content":false,"footnotes":"","jetpack_publicize_message":"","jetpack_publicize_feature_enabled":true,"jetpack_social_post_already_shared":false,"jetpack_social_options":{"image_generator_settings":{"template":"highway","default_image_id":0,"enabled":false},"version":2}},"categories":[2,1161,44,7671,6937,15,1],"tags":[3145,356],"class_list":["post-60736","post","type-post","status-publish","format-standard","has-post-thumbnail","hentry","category-atarfe","category-ciudadania","category-noticias-de-hoy","category-politica","category-sociedad","category-ultimas-noticias","category-uncategorized","tag-centros-de-salud","tag-sanidad-publica"],"jetpack_publicize_connections":[],"jetpack_featured_media_url":"https:\/\/i0.wp.com\/miradordeatarfe.es\/wp-content\/uploads\/2023\/04\/Sin-titulo-4.jpg?fit=300%2C168&ssl=1","jetpack_likes_enabled":true,"jetpack_sharing_enabled":true,"_links":{"self":[{"href":"https:\/\/miradordeatarfe.es\/index.php?rest_route=\/wp\/v2\/posts\/60736","targetHints":{"allow":["GET"]}}],"collection":[{"href":"https:\/\/miradordeatarfe.es\/index.php?rest_route=\/wp\/v2\/posts"}],"about":[{"href":"https:\/\/miradordeatarfe.es\/index.php?rest_route=\/wp\/v2\/types\/post"}],"author":[{"embeddable":true,"href":"https:\/\/miradordeatarfe.es\/index.php?rest_route=\/wp\/v2\/users\/1"}],"replies":[{"embeddable":true,"href":"https:\/\/miradordeatarfe.es\/index.php?rest_route=%2Fwp%2Fv2%2Fcomments&post=60736"}],"version-history":[{"count":1,"href":"https:\/\/miradordeatarfe.es\/index.php?rest_route=\/wp\/v2\/posts\/60736\/revisions"}],"predecessor-version":[{"id":60738,"href":"https:\/\/miradordeatarfe.es\/index.php?rest_route=\/wp\/v2\/posts\/60736\/revisions\/60738"}],"wp:featuredmedia":[{"embeddable":true,"href":"https:\/\/miradordeatarfe.es\/index.php?rest_route=\/wp\/v2\/media\/60792"}],"wp:attachment":[{"href":"https:\/\/miradordeatarfe.es\/index.php?rest_route=%2Fwp%2Fv2%2Fmedia&parent=60736"}],"wp:term":[{"taxonomy":"category","embeddable":true,"href":"https:\/\/miradordeatarfe.es\/index.php?rest_route=%2Fwp%2Fv2%2Fcategories&post=60736"},{"taxonomy":"post_tag","embeddable":true,"href":"https:\/\/miradordeatarfe.es\/index.php?rest_route=%2Fwp%2Fv2%2Ftags&post=60736"}],"curies":[{"name":"wp","href":"https:\/\/api.w.org\/{rel}","templated":true}]}}