{"id":60750,"date":"2023-04-22T09:30:07","date_gmt":"2023-04-22T07:30:07","guid":{"rendered":"https:\/\/miradordeatarfe.es\/?p=60750"},"modified":"2023-04-22T09:58:24","modified_gmt":"2023-04-22T07:58:24","slug":"atarfe-sostenible-y-las-comunidades-energeticas","status":"publish","type":"post","link":"https:\/\/miradordeatarfe.es\/?p=60750","title":{"rendered":"ATARFE SOSTENIBLE Y LAS COMUNIDADES ENERG\u00c9TICAS"},"content":{"rendered":"<p>ATARFE SOSTENIBLE SE PUSO UN RETO PARA TRABAJAR SOBRE LA ENERG\u00cdA Y HOY NOS PROPONE OTRO AVANCE EN ESE RETO JUNTO CON LA OFICINA MUNICIPAL DE LA ENERGIA DEL AYUNTAMIENTO DE ATARFE<\/p>\n<p>C\u00f3mo sab\u00e9is, hemos estado trabajando la ENERG\u00cdA durante el primer trimestre de este a\u00f1o, y el paso a energ\u00edas renovables y las Comunidades Energ\u00e9ticas como f\u00f3rmula de gesti\u00f3n colectiva.<br \/>\nEl <strong>pasado 11 de abril, en una primera reuni\u00f3n convocada por la Oficina Municipal de la Energia de Atarfe junto con el Ayuntamiento de Atarfe <\/strong>,nos explicaron qu\u00e9 eran y c\u00f3mo funcionaban. El grupo asistente quedamos muy interesado con idea de intentar ponerla en marcha en nuestro pueblo, ya est\u00e1 e Monachil, Durcal, Zujar, Huescar&#8230;<\/p>\n<p>\nPor eso el <strong>pr\u00f3ximo lunes 24, a las 18 h habr\u00e1 otra reuni\u00f3n para informarnos mejor y ver c\u00f3mo se empieza<\/strong>.<\/p>\n<p>\u00a0<a href=\"https:\/\/i0.wp.com\/miradordeatarfe.es\/wp-content\/uploads\/2023\/04\/Imagen-de-WhatsApp-2023-04-19-a-las-11.56.04.jpg?ssl=1\"><img data-recalc-dims=\"1\" loading=\"lazy\" decoding=\"async\" class=\"alignnone wp-image-60757 size-full\" src=\"https:\/\/i0.wp.com\/miradordeatarfe.es\/wp-content\/uploads\/2023\/04\/Imagen-de-WhatsApp-2023-04-19-a-las-11.56.04.jpg?resize=640%2C905&#038;ssl=1\" alt=\"\" width=\"640\" height=\"905\" srcset=\"https:\/\/i0.wp.com\/miradordeatarfe.es\/wp-content\/uploads\/2023\/04\/Imagen-de-WhatsApp-2023-04-19-a-las-11.56.04.jpg?w=1080&amp;ssl=1 1080w, https:\/\/i0.wp.com\/miradordeatarfe.es\/wp-content\/uploads\/2023\/04\/Imagen-de-WhatsApp-2023-04-19-a-las-11.56.04.jpg?resize=212%2C300&amp;ssl=1 212w, https:\/\/i0.wp.com\/miradordeatarfe.es\/wp-content\/uploads\/2023\/04\/Imagen-de-WhatsApp-2023-04-19-a-las-11.56.04.jpg?resize=724%2C1024&amp;ssl=1 724w, https:\/\/i0.wp.com\/miradordeatarfe.es\/wp-content\/uploads\/2023\/04\/Imagen-de-WhatsApp-2023-04-19-a-las-11.56.04.jpg?resize=768%2C1087&amp;ssl=1 768w\" sizes=\"auto, (max-width: 640px) 100vw, 640px\" \/><\/a><\/p>\n<p>Si tienes inter\u00e9s en poner fotovoltaica, si ya la tienes con excedentes, si quieres pero vives en un bloque de pisos..<\/p>\n<h3>Te lo explicamos brevemente:\u00a0<\/h3>\n<p><a href=\"https:\/\/i0.wp.com\/miradordeatarfe.es\/wp-content\/uploads\/2023\/04\/Comunidades-Energeticas.-Que-son-Quien-pertenece-Par-a-que1_page-0001.jpg?ssl=1\"><img data-recalc-dims=\"1\" loading=\"lazy\" decoding=\"async\" class=\"alignnone wp-image-60752 size-full\" src=\"https:\/\/i0.wp.com\/miradordeatarfe.es\/wp-content\/uploads\/2023\/04\/Comunidades-Energeticas.-Que-son-Quien-pertenece-Par-a-que1_page-0001.jpg?resize=640%2C905&#038;ssl=1\" alt=\"\" width=\"640\" height=\"905\" srcset=\"https:\/\/i0.wp.com\/miradordeatarfe.es\/wp-content\/uploads\/2023\/04\/Comunidades-Energeticas.-Que-son-Quien-pertenece-Par-a-que1_page-0001.jpg?w=1241&amp;ssl=1 1241w, https:\/\/i0.wp.com\/miradordeatarfe.es\/wp-content\/uploads\/2023\/04\/Comunidades-Energeticas.-Que-son-Quien-pertenece-Par-a-que1_page-0001.jpg?resize=212%2C300&amp;ssl=1 212w, https:\/\/i0.wp.com\/miradordeatarfe.es\/wp-content\/uploads\/2023\/04\/Comunidades-Energeticas.-Que-son-Quien-pertenece-Par-a-que1_page-0001.jpg?resize=724%2C1024&amp;ssl=1 724w, https:\/\/i0.wp.com\/miradordeatarfe.es\/wp-content\/uploads\/2023\/04\/Comunidades-Energeticas.-Que-son-Quien-pertenece-Par-a-que1_page-0001.jpg?resize=768%2C1086&amp;ssl=1 768w, https:\/\/i0.wp.com\/miradordeatarfe.es\/wp-content\/uploads\/2023\/04\/Comunidades-Energeticas.-Que-son-Quien-pertenece-Par-a-que1_page-0001.jpg?resize=1086%2C1536&amp;ssl=1 1086w\" sizes=\"auto, (max-width: 640px) 100vw, 640px\" \/><\/a> <a href=\"https:\/\/i0.wp.com\/miradordeatarfe.es\/wp-content\/uploads\/2023\/04\/Comunidades-Energeticas.-Que-son-Quien-pertenece-Par-a-que1_page-0002.jpg?ssl=1\"><img data-recalc-dims=\"1\" loading=\"lazy\" decoding=\"async\" class=\"alignnone wp-image-60753 size-full\" src=\"https:\/\/i0.wp.com\/miradordeatarfe.es\/wp-content\/uploads\/2023\/04\/Comunidades-Energeticas.-Que-son-Quien-pertenece-Par-a-que1_page-0002.jpg?resize=640%2C905&#038;ssl=1\" alt=\"\" width=\"640\" height=\"905\" srcset=\"https:\/\/i0.wp.com\/miradordeatarfe.es\/wp-content\/uploads\/2023\/04\/Comunidades-Energeticas.-Que-son-Quien-pertenece-Par-a-que1_page-0002.jpg?w=1241&amp;ssl=1 1241w, https:\/\/i0.wp.com\/miradordeatarfe.es\/wp-content\/uploads\/2023\/04\/Comunidades-Energeticas.-Que-son-Quien-pertenece-Par-a-que1_page-0002.jpg?resize=212%2C300&amp;ssl=1 212w, https:\/\/i0.wp.com\/miradordeatarfe.es\/wp-content\/uploads\/2023\/04\/Comunidades-Energeticas.-Que-son-Quien-pertenece-Par-a-que1_page-0002.jpg?resize=724%2C1024&amp;ssl=1 724w, https:\/\/i0.wp.com\/miradordeatarfe.es\/wp-content\/uploads\/2023\/04\/Comunidades-Energeticas.-Que-son-Quien-pertenece-Par-a-que1_page-0002.jpg?resize=768%2C1086&amp;ssl=1 768w, https:\/\/i0.wp.com\/miradordeatarfe.es\/wp-content\/uploads\/2023\/04\/Comunidades-Energeticas.-Que-son-Quien-pertenece-Par-a-que1_page-0002.jpg?resize=1086%2C1536&amp;ssl=1 1086w\" sizes=\"auto, (max-width: 640px) 100vw, 640px\" \/><\/a> <a href=\"https:\/\/i0.wp.com\/miradordeatarfe.es\/wp-content\/uploads\/2023\/04\/Comunidades-Energeticas.-Que-son-Quien-pertenece-Par-a-que1_page-0003.jpg?ssl=1\"><img data-recalc-dims=\"1\" loading=\"lazy\" decoding=\"async\" class=\"alignnone wp-image-60754 size-full\" src=\"https:\/\/i0.wp.com\/miradordeatarfe.es\/wp-content\/uploads\/2023\/04\/Comunidades-Energeticas.-Que-son-Quien-pertenece-Par-a-que1_page-0003.jpg?resize=640%2C905&#038;ssl=1\" alt=\"\" width=\"640\" height=\"905\" srcset=\"https:\/\/i0.wp.com\/miradordeatarfe.es\/wp-content\/uploads\/2023\/04\/Comunidades-Energeticas.-Que-son-Quien-pertenece-Par-a-que1_page-0003.jpg?w=1241&amp;ssl=1 1241w, https:\/\/i0.wp.com\/miradordeatarfe.es\/wp-content\/uploads\/2023\/04\/Comunidades-Energeticas.-Que-son-Quien-pertenece-Par-a-que1_page-0003.jpg?resize=212%2C300&amp;ssl=1 212w, https:\/\/i0.wp.com\/miradordeatarfe.es\/wp-content\/uploads\/2023\/04\/Comunidades-Energeticas.-Que-son-Quien-pertenece-Par-a-que1_page-0003.jpg?resize=724%2C1024&amp;ssl=1 724w, https:\/\/i0.wp.com\/miradordeatarfe.es\/wp-content\/uploads\/2023\/04\/Comunidades-Energeticas.-Que-son-Quien-pertenece-Par-a-que1_page-0003.jpg?resize=768%2C1086&amp;ssl=1 768w, https:\/\/i0.wp.com\/miradordeatarfe.es\/wp-content\/uploads\/2023\/04\/Comunidades-Energeticas.-Que-son-Quien-pertenece-Par-a-que1_page-0003.jpg?resize=1086%2C1536&amp;ssl=1 1086w\" sizes=\"auto, (max-width: 640px) 100vw, 640px\" \/><\/a><\/p>\n<p><strong> ! Ven e inf\u00f3rmate!<\/strong><br \/>\nCentro\u00a0C\u00edvico<\/p>\n","protected":false},"excerpt":{"rendered":"<p>ATARFE SOSTENIBLE SE PUSO UN RETO PARA TRABAJAR SOBRE LA ENERG\u00cdA Y HOY NOS PROPONE&#8230;<\/p>\n","protected":false},"author":1,"featured_media":60756,"comment_status":"closed","ping_status":"closed","sticky":false,"template":"","format":"standard","meta":{"_coblocks_attr":"","_coblocks_dimensions":"","_coblocks_responsive_height":"","_coblocks_accordion_ie_support":"","jetpack_post_was_ever_published":false,"_jetpack_newsletter_access":"","_jetpack_dont_email_post_to_subs":false,"_jetpack_newsletter_tier_id":0,"_jetpack_memberships_contains_paywalled_content":false,"_jetpack_memberships_contains_paid_content":false,"footnotes":"","jetpack_publicize_message":"","jetpack_publicize_feature_enabled":true,"jetpack_social_post_already_shared":false,"jetpack_social_options":{"image_generator_settings":{"template":"highway","default_image_id":0,"enabled":false},"version":2}},"categories":[2,7725,6916,1161,186,9,44,15],"tags":[81,9921,588],"class_list":["post-60750","post","type-post","status-publish","format-standard","has-post-thumbnail","hentry","category-atarfe","category-atarfe-sostenible","category-ayuntamiento-de-atarfe","category-ciudadania","category-instituciones","category-medio-ambiente","category-noticias-de-hoy","category-ultimas-noticias","tag-atarfe","tag-comunidades-energeticas","tag-energia"],"jetpack_publicize_connections":[],"jetpack_featured_media_url":"https:\/\/i0.wp.com\/miradordeatarfe.es\/wp-content\/uploads\/2023\/04\/Imagen-de-WhatsApp-2023-04-19-a-las-11.56.04-2.jpg?fit=1016%2C653&ssl=1","jetpack_likes_enabled":true,"jetpack_sharing_enabled":true,"_links":{"self":[{"href":"https:\/\/miradordeatarfe.es\/index.php?rest_route=\/wp\/v2\/posts\/60750","targetHints":{"allow":["GET"]}}],"collection":[{"href":"https:\/\/miradordeatarfe.es\/index.php?rest_route=\/wp\/v2\/posts"}],"about":[{"href":"https:\/\/miradordeatarfe.es\/index.php?rest_route=\/wp\/v2\/types\/post"}],"author":[{"embeddable":true,"href":"https:\/\/miradordeatarfe.es\/index.php?rest_route=\/wp\/v2\/users\/1"}],"replies":[{"embeddable":true,"href":"https:\/\/miradordeatarfe.es\/index.php?rest_route=%2Fwp%2Fv2%2Fcomments&post=60750"}],"version-history":[{"count":2,"href":"https:\/\/miradordeatarfe.es\/index.php?rest_route=\/wp\/v2\/posts\/60750\/revisions"}],"predecessor-version":[{"id":60758,"href":"https:\/\/miradordeatarfe.es\/index.php?rest_route=\/wp\/v2\/posts\/60750\/revisions\/60758"}],"wp:featuredmedia":[{"embeddable":true,"href":"https:\/\/miradordeatarfe.es\/index.php?rest_route=\/wp\/v2\/media\/60756"}],"wp:attachment":[{"href":"https:\/\/miradordeatarfe.es\/index.php?rest_route=%2Fwp%2Fv2%2Fmedia&parent=60750"}],"wp:term":[{"taxonomy":"category","embeddable":true,"href":"https:\/\/miradordeatarfe.es\/index.php?rest_route=%2Fwp%2Fv2%2Fcategories&post=60750"},{"taxonomy":"post_tag","embeddable":true,"href":"https:\/\/miradordeatarfe.es\/index.php?rest_route=%2Fwp%2Fv2%2Ftags&post=60750"}],"curies":[{"name":"wp","href":"https:\/\/api.w.org\/{rel}","templated":true}]}}