{"id":60777,"date":"2023-04-20T11:00:26","date_gmt":"2023-04-20T09:00:26","guid":{"rendered":"https:\/\/miradordeatarfe.es\/?p=60777"},"modified":"2023-04-20T11:10:21","modified_gmt":"2023-04-20T09:10:21","slug":"noticias-del-ayuntamiento-de-atarfe","status":"publish","type":"post","link":"https:\/\/miradordeatarfe.es\/?p=60777","title":{"rendered":"NOTICIAS DEL AYUNTAMIENTO DE ATARFE"},"content":{"rendered":"<div class=\"\" dir=\"auto\">\n<div id=\":r33l:\" class=\"x1iorvi4 x1pi30zi x1swvt13 x1l90r2v\" data-ad-comet-preview=\"message\" data-ad-preview=\"message\">\n<div class=\"x78zum5 xdt5ytf xz62fqu x16ldp7u\">\n<div class=\"xu06os2 x1ok221b\">\n<div class=\"x11i5rnm xat24cr x1mh8g0r x1vvkbs xdj266r x126k92a\">\n<h3 dir=\"auto\">SE FIRMA EL PLAN LOCAL DE INSTALACIONES Y EQUIPAMIENTOS DEPORTIVOS<\/h3>\n<div dir=\"auto\"><a href=\"https:\/\/i0.wp.com\/miradordeatarfe.es\/wp-content\/uploads\/2023\/04\/341774598_164409443224296_6803683157737946460_n.jpg?ssl=1\"><img data-recalc-dims=\"1\" loading=\"lazy\" decoding=\"async\" class=\"size-medium wp-image-60778 alignright\" src=\"https:\/\/i0.wp.com\/miradordeatarfe.es\/wp-content\/uploads\/2023\/04\/341774598_164409443224296_6803683157737946460_n.jpg?resize=224%2C300&#038;ssl=1\" alt=\"\" width=\"224\" height=\"300\" srcset=\"https:\/\/i0.wp.com\/miradordeatarfe.es\/wp-content\/uploads\/2023\/04\/341774598_164409443224296_6803683157737946460_n.jpg?resize=224%2C300&amp;ssl=1 224w, https:\/\/i0.wp.com\/miradordeatarfe.es\/wp-content\/uploads\/2023\/04\/341774598_164409443224296_6803683157737946460_n.jpg?w=526&amp;ssl=1 526w\" sizes=\"auto, (max-width: 224px) 100vw, 224px\" \/><\/a><\/div>\n<\/div>\n<\/div>\n<div dir=\"auto\">\u00a0<\/div>\n<div class=\"xu06os2 x1ok221b\">\n<div class=\"x11i5rnm xat24cr x1mh8g0r x1vvkbs xdj266r x126k92a\">\n<div dir=\"auto\">\u00a0\u00a0\u00a0\u00a0\u00a0\u00a0\u00a0\u00a0\u00a0\u00a0 Nuestro Alcalde Pedro Mart\u00ednez Parra y el Diputado provincial del \u00e1rea de Deportes de la Excma. Diputaci\u00f3n de Granada Francisco M. Guirado Izquierdo, presentan el Plan Local de Instalaciones y Equipamientos Deportivos de Atarfe.<\/div>\n<div dir=\"auto\">\u00a0<\/div>\n<div dir=\"auto\">Con este documento elaborado por personal t\u00e9cnico de las dos instituciones en colaboraci\u00f3n y evaluando las necesidades de nuestro municipio, se configura una herramienta de trabajo para los siguientes 10 a\u00f1os. El objetivo ser\u00e1 la consolidaci\u00f3n del deporte como un instrumento de mejora de la calidad de vida y uso saludable del tiempo libre y ocio de toda la poblaci\u00f3n atarfe\u00f1a, as\u00ed como garantizar la existencia de instalaciones y su uso sostenible.<\/div>\n<\/div>\n<\/div>\n<\/div>\n<\/div>\n<\/div>\n<div dir=\"auto\">\u00a0<\/div>\n<h3 dir=\"auto\">\u00a0<\/h3>\n<h3 dir=\"auto\">YUDO ATARFE<\/h3>\n<div dir=\"auto\">\n<div dir=\"auto\">1 de Abril nuestros Atarfe\u00f1os disputaron el campeonato de judo de Andalucia Infantil y cadete en Hu\u00e9rcal, Almer\u00eda. La competici\u00f3n m\u00e1s dura del a\u00f1o, y ellos estuvieron a la altura, gran trabajo de parte de los cadetes que ya en su primer a\u00f1o est\u00e1n luchando por subir al podium:<\/div>\n<div dir=\"auto\">\u00a0<\/div>\n<div dir=\"auto\">Ra\u00fal Molina -60 7\u00b0<\/div>\n<div dir=\"auto\">Pablo Titos -66 9\u00b0<\/div>\n<div dir=\"auto\">Antonio M. P\u00e9rez -90 5\u00b0<\/div>\n<div dir=\"auto\">\u00a0<\/div>\n<div dir=\"auto\">Nuestros infantiles consiguieron otro a\u00f1o m\u00e1s que el nombre de Atarfe este entre los mejores de toda Andalucia:<\/div>\n<div dir=\"auto\">Aharon Delgado -42 <span class=\"x3nfvp2 x1j61x8r x1fcty0u xdj266r xhhsvwb xat24cr xgzva0m xxymvpz xlup9mm x1kky2od\"><img loading=\"lazy\" decoding=\"async\" src=\"https:\/\/static.xx.fbcdn.net\/images\/emoji.php\/v9\/t15\/1\/16\/1f948.png\" alt=\"\" width=\"16\" height=\"16\" \/><\/span><\/div>\n<div dir=\"auto\">Ismael L\u00f3pez -50 7\u00b0<\/div>\n<div dir=\"auto\">Oliver Uribe -60 5\u00b0<\/div>\n<div dir=\"auto\">Frederick Hoang -66 <span class=\"x3nfvp2 x1j61x8r x1fcty0u xdj266r xhhsvwb xat24cr xgzva0m xxymvpz xlup9mm x1kky2od\"><img loading=\"lazy\" decoding=\"async\" src=\"https:\/\/static.xx.fbcdn.net\/images\/emoji.php\/v9\/t96\/1\/16\/1f949.png\" alt=\"\" width=\"16\" height=\"16\" \/><\/span><\/div>\n<div dir=\"auto\">Mar\u00eda P\u00e9rez +63 <span class=\"x3nfvp2 x1j61x8r x1fcty0u xdj266r xhhsvwb xat24cr xgzva0m xxymvpz xlup9mm x1kky2od\"><img loading=\"lazy\" decoding=\"async\" src=\"https:\/\/static.xx.fbcdn.net\/images\/emoji.php\/v9\/t96\/1\/16\/1f949.png\" alt=\"\" width=\"16\" height=\"16\" \/><\/span> Felicidades a todo el CD Judo Atarfe<\/div>\n<\/div>\n<div dir=\"auto\">\u00a0<\/div>\n<div dir=\"auto\"><a href=\"https:\/\/i0.wp.com\/miradordeatarfe.es\/wp-content\/uploads\/2023\/04\/341854913_1812458819154529_196290174521600005_n.jpg?ssl=1\"><img data-recalc-dims=\"1\" loading=\"lazy\" decoding=\"async\" class=\"alignnone wp-image-60779 size-large\" src=\"https:\/\/i0.wp.com\/miradordeatarfe.es\/wp-content\/uploads\/2023\/04\/341854913_1812458819154529_196290174521600005_n.jpg?resize=618%2C278&#038;ssl=1\" alt=\"\" width=\"618\" height=\"278\" srcset=\"https:\/\/i0.wp.com\/miradordeatarfe.es\/wp-content\/uploads\/2023\/04\/341854913_1812458819154529_196290174521600005_n.jpg?resize=1024%2C460&amp;ssl=1 1024w, https:\/\/i0.wp.com\/miradordeatarfe.es\/wp-content\/uploads\/2023\/04\/341854913_1812458819154529_196290174521600005_n.jpg?resize=300%2C135&amp;ssl=1 300w, https:\/\/i0.wp.com\/miradordeatarfe.es\/wp-content\/uploads\/2023\/04\/341854913_1812458819154529_196290174521600005_n.jpg?resize=768%2C345&amp;ssl=1 768w, https:\/\/i0.wp.com\/miradordeatarfe.es\/wp-content\/uploads\/2023\/04\/341854913_1812458819154529_196290174521600005_n.jpg?resize=1536%2C690&amp;ssl=1 1536w, https:\/\/i0.wp.com\/miradordeatarfe.es\/wp-content\/uploads\/2023\/04\/341854913_1812458819154529_196290174521600005_n.jpg?resize=1320%2C593&amp;ssl=1 1320w, https:\/\/i0.wp.com\/miradordeatarfe.es\/wp-content\/uploads\/2023\/04\/341854913_1812458819154529_196290174521600005_n.jpg?w=1600&amp;ssl=1 1600w\" sizes=\"auto, (max-width: 618px) 100vw, 618px\" \/><\/a> <a href=\"https:\/\/i0.wp.com\/miradordeatarfe.es\/wp-content\/uploads\/2023\/04\/341867633_540559531484216_777465829242155174_n.jpg?ssl=1\"><img data-recalc-dims=\"1\" loading=\"lazy\" decoding=\"async\" class=\"alignnone wp-image-60780 size-large\" src=\"https:\/\/i0.wp.com\/miradordeatarfe.es\/wp-content\/uploads\/2023\/04\/341867633_540559531484216_777465829242155174_n.jpg?resize=618%2C278&#038;ssl=1\" alt=\"\" width=\"618\" height=\"278\" srcset=\"https:\/\/i0.wp.com\/miradordeatarfe.es\/wp-content\/uploads\/2023\/04\/341867633_540559531484216_777465829242155174_n.jpg?resize=1024%2C460&amp;ssl=1 1024w, https:\/\/i0.wp.com\/miradordeatarfe.es\/wp-content\/uploads\/2023\/04\/341867633_540559531484216_777465829242155174_n.jpg?resize=300%2C135&amp;ssl=1 300w, https:\/\/i0.wp.com\/miradordeatarfe.es\/wp-content\/uploads\/2023\/04\/341867633_540559531484216_777465829242155174_n.jpg?resize=768%2C345&amp;ssl=1 768w, https:\/\/i0.wp.com\/miradordeatarfe.es\/wp-content\/uploads\/2023\/04\/341867633_540559531484216_777465829242155174_n.jpg?resize=1536%2C690&amp;ssl=1 1536w, https:\/\/i0.wp.com\/miradordeatarfe.es\/wp-content\/uploads\/2023\/04\/341867633_540559531484216_777465829242155174_n.jpg?resize=1320%2C593&amp;ssl=1 1320w, https:\/\/i0.wp.com\/miradordeatarfe.es\/wp-content\/uploads\/2023\/04\/341867633_540559531484216_777465829242155174_n.jpg?w=1600&amp;ssl=1 1600w\" sizes=\"auto, (max-width: 618px) 100vw, 618px\" \/><\/a> <a href=\"https:\/\/i0.wp.com\/miradordeatarfe.es\/wp-content\/uploads\/2023\/04\/342035950_186199450920732_7571149223138281057_n.jpg?ssl=1\"><img data-recalc-dims=\"1\" loading=\"lazy\" decoding=\"async\" class=\"alignnone wp-image-60781 size-large\" src=\"https:\/\/i0.wp.com\/miradordeatarfe.es\/wp-content\/uploads\/2023\/04\/342035950_186199450920732_7571149223138281057_n.jpg?resize=618%2C275&#038;ssl=1\" alt=\"\" width=\"618\" height=\"275\" srcset=\"https:\/\/i0.wp.com\/miradordeatarfe.es\/wp-content\/uploads\/2023\/04\/342035950_186199450920732_7571149223138281057_n.jpg?resize=1024%2C455&amp;ssl=1 1024w, https:\/\/i0.wp.com\/miradordeatarfe.es\/wp-content\/uploads\/2023\/04\/342035950_186199450920732_7571149223138281057_n.jpg?resize=300%2C133&amp;ssl=1 300w, https:\/\/i0.wp.com\/miradordeatarfe.es\/wp-content\/uploads\/2023\/04\/342035950_186199450920732_7571149223138281057_n.jpg?resize=768%2C341&amp;ssl=1 768w, https:\/\/i0.wp.com\/miradordeatarfe.es\/wp-content\/uploads\/2023\/04\/342035950_186199450920732_7571149223138281057_n.jpg?resize=1536%2C683&amp;ssl=1 1536w, https:\/\/i0.wp.com\/miradordeatarfe.es\/wp-content\/uploads\/2023\/04\/342035950_186199450920732_7571149223138281057_n.jpg?resize=1320%2C587&amp;ssl=1 1320w, https:\/\/i0.wp.com\/miradordeatarfe.es\/wp-content\/uploads\/2023\/04\/342035950_186199450920732_7571149223138281057_n.jpg?w=1600&amp;ssl=1 1600w\" sizes=\"auto, (max-width: 618px) 100vw, 618px\" \/><\/a> <a href=\"https:\/\/i0.wp.com\/miradordeatarfe.es\/wp-content\/uploads\/2023\/04\/342045523_575143117754689_4995770780621172784_n.jpg?ssl=1\"><img data-recalc-dims=\"1\" loading=\"lazy\" decoding=\"async\" class=\"alignnone wp-image-60782 size-large\" src=\"https:\/\/i0.wp.com\/miradordeatarfe.es\/wp-content\/uploads\/2023\/04\/342045523_575143117754689_4995770780621172784_n.jpg?resize=618%2C278&#038;ssl=1\" alt=\"\" width=\"618\" height=\"278\" srcset=\"https:\/\/i0.wp.com\/miradordeatarfe.es\/wp-content\/uploads\/2023\/04\/342045523_575143117754689_4995770780621172784_n.jpg?resize=1024%2C460&amp;ssl=1 1024w, https:\/\/i0.wp.com\/miradordeatarfe.es\/wp-content\/uploads\/2023\/04\/342045523_575143117754689_4995770780621172784_n.jpg?resize=300%2C135&amp;ssl=1 300w, https:\/\/i0.wp.com\/miradordeatarfe.es\/wp-content\/uploads\/2023\/04\/342045523_575143117754689_4995770780621172784_n.jpg?resize=768%2C345&amp;ssl=1 768w, https:\/\/i0.wp.com\/miradordeatarfe.es\/wp-content\/uploads\/2023\/04\/342045523_575143117754689_4995770780621172784_n.jpg?resize=1536%2C690&amp;ssl=1 1536w, https:\/\/i0.wp.com\/miradordeatarfe.es\/wp-content\/uploads\/2023\/04\/342045523_575143117754689_4995770780621172784_n.jpg?resize=1320%2C593&amp;ssl=1 1320w, https:\/\/i0.wp.com\/miradordeatarfe.es\/wp-content\/uploads\/2023\/04\/342045523_575143117754689_4995770780621172784_n.jpg?w=1600&amp;ssl=1 1600w\" sizes=\"auto, (max-width: 618px) 100vw, 618px\" \/><\/a><\/div>\n<div dir=\"auto\">\u00a0<\/div>\n<div dir=\"auto\">\n<div class=\"migapan\">\u00a0<\/div>\n<div class=\"tema\">\n<h2 title=\"Entre bobos anda el juego\">Entre bobos anda el juego<\/h2>\n<\/div>\n<\/div>\n<div dir=\"auto\">\n<div class=\"text\">\n<p><a href=\"https:\/\/i0.wp.com\/miradordeatarfe.es\/wp-content\/uploads\/2023\/04\/342388652_994781861506923_331016909252974156_n.jpg?ssl=1\"><img data-recalc-dims=\"1\" loading=\"lazy\" decoding=\"async\" class=\"size-medium wp-image-60783 alignleft\" src=\"https:\/\/i0.wp.com\/miradordeatarfe.es\/wp-content\/uploads\/2023\/04\/342388652_994781861506923_331016909252974156_n.jpg?resize=213%2C300&#038;ssl=1\" alt=\"\" width=\"213\" height=\"300\" srcset=\"https:\/\/i0.wp.com\/miradordeatarfe.es\/wp-content\/uploads\/2023\/04\/342388652_994781861506923_331016909252974156_n.jpg?resize=213%2C300&amp;ssl=1 213w, https:\/\/i0.wp.com\/miradordeatarfe.es\/wp-content\/uploads\/2023\/04\/342388652_994781861506923_331016909252974156_n.jpg?w=512&amp;ssl=1 512w\" sizes=\"auto, (max-width: 213px) 100vw, 213px\" \/><\/a><\/p>\n<p class=\"entradilla\">Obra dram\u00e1tica de Francisco de Rojas Zorrilla que se representa en el C<strong>ENTRO CULTURAL DE ATARFE este VIERNES 21 A LAS 20 HORAS<\/strong>\u00a0 , subg\u00e9nero de gran \u00e9xito durante el \u2018Siglo de Oro\u2019.<\/p>\n<p>Pieza teatral de Francisco de Rojas Zorrilla, seguidor de Calder\u00f3n de la Barca, escrita y estrenada en 1638, y publicada en 1645.<\/p>\n<p>Compuesta mientras se recuperaba de un apu\u00f1alamiento, la obra, tambi\u00e9n llamada \u201cDon Lucas del Cigarral\u201d, dio origen a la comedia de figur\u00f3n, subg\u00e9nero dram\u00e1tico de enorme difusi\u00f3n durante el \u2018Siglo de Oro\u2019, caracterizado por una compleja trama y por la profunda psicolog\u00eda de sus protagonistas o \u2018figurones\u2019.<\/p>\n<p>La comedia gira en torno al caricaturesco protagonista don Lucas del Cigarral, viejo y rico hidalgo quien encarga a Pedro, su joven primo, que vaya a buscar a su futura esposa, Isabel. Para desgracia del hidalgo, Pedro e Isabel se enamorar\u00e1n, dando inicio a un seguido de graciosos conflictos y malentendidos de todo tipo.<\/p>\n<\/div>\n<\/div>\n<p>&nbsp;<\/p>\n<h3>\u00a0<\/h3>\n<div dir=\"auto\">\n<div class=\"\" dir=\"auto\">\n<div id=\":r304:\" class=\"x1iorvi4 x1pi30zi x1swvt13 x1l90r2v\" data-ad-comet-preview=\"message\" data-ad-preview=\"message\">\n<div class=\"x78zum5 xdt5ytf xz62fqu x16ldp7u\">\n<div class=\"xu06os2 x1ok221b\">\n<div class=\"x11i5rnm xat24cr x1mh8g0r x1vvkbs xdj266r x126k92a\">\n<h3 dir=\"auto\">Mart\u00ednez Ares de nuevo en el Centro Cultural Medina Elvira con su espect\u00e1culo: LA CIUDAD INVISIBLE.<\/h3>\n<div dir=\"auto\"><a href=\"https:\/\/i0.wp.com\/miradordeatarfe.es\/wp-content\/uploads\/2023\/04\/342065843_908362673563581_8445302472602052854_n.jpg?ssl=1\"><img data-recalc-dims=\"1\" loading=\"lazy\" decoding=\"async\" class=\"size-medium wp-image-60784 alignright\" src=\"https:\/\/i0.wp.com\/miradordeatarfe.es\/wp-content\/uploads\/2023\/04\/342065843_908362673563581_8445302472602052854_n.jpg?resize=213%2C300&#038;ssl=1\" alt=\"\" width=\"213\" height=\"300\" srcset=\"https:\/\/i0.wp.com\/miradordeatarfe.es\/wp-content\/uploads\/2023\/04\/342065843_908362673563581_8445302472602052854_n.jpg?resize=213%2C300&amp;ssl=1 213w, https:\/\/i0.wp.com\/miradordeatarfe.es\/wp-content\/uploads\/2023\/04\/342065843_908362673563581_8445302472602052854_n.jpg?w=512&amp;ssl=1 512w\" sizes=\"auto, (max-width: 213px) 100vw, 213px\" \/><\/a><strong>ATARFE ES CULTURA. domingo 23 de abril a las 19 horas<\/strong><\/div>\n<div dir=\"auto\">\u00a0<\/div>\n<div dir=\"auto\">Si alguien sabe competir, ese es Antonio Mart\u00ednez Ares. Cuando todo est\u00e1 en juego, sabe romper la baraja para honrar lo que debe ser la \u00faltima noche del Concurso gaditano. Incluso, es capaz de cambiar sus propios c\u00e1nones para olvidarse de cerrar su concurrencia con un piropo a C\u00e1diz. Pero eso no importa porque para eso tiene un estribillo nuevo que es una delicia y que cumple con la premisa de cupl\u00e9 de comparsa para buscar el estribillo. Dos pasodobles mordaces en un certamen en el que no se ha callado nada.<\/div>\n<\/div>\n<div dir=\"auto\">\n<p>\u201cLa Ciudad Invisible\u201d se presenta en Cuenca, en el Paraninfo de la UCLM en Cuenca, para mostrar a todos los asistentes el arte de uno de los carnavales m\u00e1s importantes de Espa\u00f1a, el Carnaval de C\u00e1diz. Las voces de la comparsa de Antonio Mart\u00ednez Ares enganchar\u00e1n con los asistentes, disfrutando de las risas, la emoci\u00f3n, la cr\u00edtica\u2026.que representan las letras del autor.<\/p>\n<p class=\"has-text-align-center\"><strong>\u201cLa Ciudad Invisible\u201d. <\/strong><strong>Comparsa gaditana de Antonio Mart\u00ednez Ares. <\/strong><\/p>\n<p>El autor actualmente m\u00e1s representativo del carnaval de C\u00e1diz, ya que desde su reaparici\u00f3n en el a\u00f1o 2016 ha participado en todas las finales del concurso, consiguiendo el primer premio en 3 ocasiones, la \u00faltima en el carnaval 2022 con \u201cLos sumisos\u201d.<\/p>\n<p>Llega a Atarfe, para exponer su trabajo con el cual cierra un ciclo iniciado hace unos a\u00f1os. Grandes letras, grandes momentos deparar\u00e1 su espect\u00e1culo, donde adem\u00e1s de \u201cLa Ciudad Invisible\u201d se interpretar\u00e1n sus mejores letras que le han aupado al escal\u00f3n m\u00e1s alto del Carnaval de C\u00e1diz.<\/p>\n<\/div>\n<\/div>\n<\/div>\n<\/div>\n<\/div>\n<\/div>\n","protected":false},"excerpt":{"rendered":"<p>SE FIRMA EL PLAN LOCAL DE INSTALACIONES Y EQUIPAMIENTOS DEPORTIVOS \u00a0 \u00a0\u00a0\u00a0\u00a0\u00a0\u00a0\u00a0\u00a0\u00a0\u00a0 Nuestro Alcalde Pedro&#8230;<\/p>\n","protected":false},"author":1,"featured_media":60788,"comment_status":"closed","ping_status":"closed","sticky":false,"template":"","format":"standard","meta":{"_coblocks_attr":"","_coblocks_dimensions":"","_coblocks_responsive_height":"","_coblocks_accordion_ie_support":"","jetpack_post_was_ever_published":false,"_jetpack_newsletter_access":"","_jetpack_dont_email_post_to_subs":false,"_jetpack_newsletter_tier_id":0,"_jetpack_memberships_contains_paywalled_content":false,"_jetpack_memberships_contains_paid_content":false,"footnotes":"","jetpack_publicize_message":"","jetpack_publicize_feature_enabled":true,"jetpack_social_post_already_shared":false,"jetpack_social_options":{"image_generator_settings":{"template":"highway","default_image_id":0,"enabled":false},"version":2}},"categories":[2,12,6916,1161,44,6937,15,10],"tags":[10268,123,498,726],"class_list":["post-60777","post","type-post","status-publish","format-standard","has-post-thumbnail","hentry","category-atarfe","category-cultura","category-ayuntamiento-de-atarfe","category-ciudadania","category-noticias-de-hoy","category-sociedad","category-ultimas-noticias","category-salud","tag-comparsa","tag-deportes","tag-teatro","tag-yudo"],"jetpack_publicize_connections":[],"jetpack_featured_media_url":"https:\/\/i0.wp.com\/miradordeatarfe.es\/wp-content\/uploads\/2023\/04\/Atarfe_desde_la_Ermita_de_los_Tres_Juanes.jpg?fit=266%2C182&ssl=1","jetpack_likes_enabled":true,"jetpack_sharing_enabled":true,"_links":{"self":[{"href":"https:\/\/miradordeatarfe.es\/index.php?rest_route=\/wp\/v2\/posts\/60777","targetHints":{"allow":["GET"]}}],"collection":[{"href":"https:\/\/miradordeatarfe.es\/index.php?rest_route=\/wp\/v2\/posts"}],"about":[{"href":"https:\/\/miradordeatarfe.es\/index.php?rest_route=\/wp\/v2\/types\/post"}],"author":[{"embeddable":true,"href":"https:\/\/miradordeatarfe.es\/index.php?rest_route=\/wp\/v2\/users\/1"}],"replies":[{"embeddable":true,"href":"https:\/\/miradordeatarfe.es\/index.php?rest_route=%2Fwp%2Fv2%2Fcomments&post=60777"}],"version-history":[{"count":1,"href":"https:\/\/miradordeatarfe.es\/index.php?rest_route=\/wp\/v2\/posts\/60777\/revisions"}],"predecessor-version":[{"id":60785,"href":"https:\/\/miradordeatarfe.es\/index.php?rest_route=\/wp\/v2\/posts\/60777\/revisions\/60785"}],"wp:featuredmedia":[{"embeddable":true,"href":"https:\/\/miradordeatarfe.es\/index.php?rest_route=\/wp\/v2\/media\/60788"}],"wp:attachment":[{"href":"https:\/\/miradordeatarfe.es\/index.php?rest_route=%2Fwp%2Fv2%2Fmedia&parent=60777"}],"wp:term":[{"taxonomy":"category","embeddable":true,"href":"https:\/\/miradordeatarfe.es\/index.php?rest_route=%2Fwp%2Fv2%2Fcategories&post=60777"},{"taxonomy":"post_tag","embeddable":true,"href":"https:\/\/miradordeatarfe.es\/index.php?rest_route=%2Fwp%2Fv2%2Ftags&post=60777"}],"curies":[{"name":"wp","href":"https:\/\/api.w.org\/{rel}","templated":true}]}}