{"id":60789,"date":"2023-04-21T09:48:59","date_gmt":"2023-04-21T07:48:59","guid":{"rendered":"https:\/\/miradordeatarfe.es\/?p=60789"},"modified":"2023-04-19T18:51:56","modified_gmt":"2023-04-19T16:51:56","slug":"los-jovenes-dedican-a-las-pantallas-mas-del-doble-del-tiempo-recomendado-por-la-oms","status":"publish","type":"post","link":"https:\/\/miradordeatarfe.es\/?p=60789","title":{"rendered":"Los j\u00f3venes dedican a las pantallas m\u00e1s del doble del tiempo recomendado por la OMS"},"content":{"rendered":"<h3 class=\"a_st\" style=\"text-align: justify;\">En los \u00faltimos tres a\u00f1os, los menores espa\u00f1oles han aumentado 20 minutos su uso de televisi\u00f3n, dispositivos m\u00f3viles y videojuegos<\/h3>\n<p class=\"\" style=\"text-align: justify;\">Los adolescentes y los ni\u00f1os espa\u00f1oles pasan cada vez m\u00e1s tiempo delante de una pantalla y menos haciendo ejercicio. As\u00ed lo determina la Fundaci\u00f3n Gasol, que este martes ha presentado datos relacionados con la actividad f\u00edsica y el uso de las pantallas extra\u00eddos de su estudio<i> <\/i><a href=\"https:\/\/gasolfoundation.org\/wp-content\/uploads\/2023\/01\/GF-PASOS-informe-2022-WEB.pdf\" target=\"_blank\" rel=\"noopener\" data-link-track-dtm=\"\"><i>PASOS 2022<\/i><\/a><i>.<\/i> En esta investigaci\u00f3n han podido determinar que los menores invierten m\u00e1s de tres horas entre semana en ocio sedentario. Una cifra que se eleva casi a las cinco horas los fines de semana, y que supone m\u00e1s del doble de la recomendaci\u00f3n de la OMS, que supone no superar las dos horas diarias.<\/p>\n<p class=\"\" style=\"text-align: justify;\">Los investigadores encargados del proyecto han observado que se trata de una tendencia ascendente. En 2019 se public\u00f3 el primer informe <i>PASOS <\/i>y, tres a\u00f1os despu\u00e9s, los menores dedican 21 minutos m\u00e1s a los<a href=\"https:\/\/elpais.com\/tecnologia\/tu-tecnologia\/2022-07-16\/asi-afecta-la-ola-de-calor-a-tus-dispositivos-electronicos.html\" target=\"_blank\" rel=\"noopener\" data-link-track-dtm=\"\"> dispositivos electr\u00f3nicos<\/a> entre semana, y 12 minutos m\u00e1s los fines de semana. Esto lleva inevitablemente de la mano que se reduzca la actividad f\u00edsica. Ahora dedican casi siete minutos menos a ejercitarse y solo el 29% cumple el consejo de la OMS de practicar al menos 60 minutos diarios de ejercicio.<\/p>\n<p class=\"\" style=\"text-align: justify;\">Gen\u00eds Seg\u00fan, coordinador t\u00e9cnico de Investigaci\u00f3n y Programas de la Fundaci\u00f3n Gasol, asegura que, aunque hacen falta m\u00e1s estudios para estudiar esta relaci\u00f3n, queda claro que cada vez se dedica menos tiempo al ocio en movimiento y m\u00e1s al ocio sedentario. Una situaci\u00f3n que considera \u201calarmante para todas las edades\u201d. Paula Berruezo, tambi\u00e9n coordinadora t\u00e9cnica de investigaci\u00f3n y programas de la organizaci\u00f3n, explica que las cifras que han presentado son un indicador de que el deterioro de<a href=\"https:\/\/elpais.com\/salud-y-bienestar\/2022-06-28\/el-riesgo-de-sufrir-demencia-se-puede-prevenir-si-se-mejoran-los-habitos-de-vida.html\" target=\"_blank\" rel=\"noopener\" data-link-track-dtm=\"\"> los h\u00e1bitos <\/a>saludables se ha extendido a todos los grupos poblacionales.<\/p>\n<p class=\"\" style=\"text-align: justify;\">El grupo de las chicas es el que m\u00e1s ha aumentado en estos tres a\u00f1os. En ese momento presentaban un uso de las pantallas mucho m\u00e1s bajo que los ni\u00f1os y ahora se han acercado preocupantemente a sus coet\u00e1neos. Ellas dedican 7,8 minutos menos al<a href=\"https:\/\/elpais.com\/salud-y-bienestar\/2022-12-26\/el-ejercicio-fisico-intenso-podria-actuar-como-escudo-protector-contra-el-cancer-metastasico.html\" target=\"_blank\" rel=\"noopener\" data-link-track-dtm=\"\"> ejercicio f\u00edsico<\/a> (m\u00e1s de un minuto por debajo de la media general) que en 2019, pero 21 minutos m\u00e1s entre semana y 13 los fines de semana a la televisi\u00f3n, los videojuegos y los dispositivos m\u00f3viles.<\/p>\n<p class=\"\" style=\"text-align: justify;\">Si se filtran los datos por etapa de la vida, el mayor pico se observa en la preadolescencia (entre los 10 y los 13 a\u00f1os). Al comienzo de la educaci\u00f3n secundaria, el ocio sedentario se incrementa notablemente, seg\u00fan los expertos. Un fen\u00f3meno que podr\u00eda deberse a que a esta edad <a href=\"https:\/\/elpais.com\/sociedad\/2022-09-29\/un-experimento-deja-a-97-jovenes-una-semana-sin-movil-he-leido-un-libro-por-primera-vez-en-seis-anos.html\" target=\"_blank\" rel=\"noopener\" data-link-track-dtm=\"\">los j\u00f3venes<\/a> suelen recibir su primer tel\u00e9fono m\u00f3vil, aunque hace falta m\u00e1s investigaci\u00f3n para poder afirmarlo, dice Berruezo. Los estudiantes de 1\u00ba de la ESO (12 a\u00f1os) dedican casi media hora m\u00e1s a las pantallas que hace tres a\u00f1os y han reducido 16 minutos su actividad f\u00edsica diaria.<\/p>\n<p class=\"\" style=\"text-align: justify;\">No se puede dejar fuera el impacto del nivel socioecon\u00f3mico. La obesidad tiene casi el doble de prevalencia entre los j\u00f3venes de renta m\u00e1s baja. Mientras que entre los que tienen menos recursos hay un 16% de obesidad, entre los m\u00e1s ricos la cifra supone casi la mitad, el 8,3%. Tambi\u00e9n influye la renta en el tiempo dedicado a <a href=\"https:\/\/elpais.com\/ciencia\/2022-08-22\/un-estudio-vincula-un-mayor-riesgo-de-demencia-con-una-vida-sedentaria-delante-de-la-television.html\" target=\"_blank\" rel=\"noopener\" data-link-track-dtm=\"\">la televisi\u00f3n <\/a>y los dispositivos m\u00f3viles. En los hogares de menos ingresos, el 70% de los menores excede entre semana el empleo de pantallas recomendado por la OMS, un dato que asciende al 85% los fines de semana.<\/p>\n<p class=\"\" style=\"text-align: justify;\">Para poder revertir esta situaci\u00f3n, Berruezo aboga por promocionar el ejercicio desde casa. Ir a la escuela, a la <a href=\"https:\/\/elpais.com\/salud-y-bienestar\/enformate\/2023-02-06\/no-empujemos-a-los-ninos-y-ninas-a-que-abandonen-el-deporte.html\" target=\"_blank\" rel=\"noopener\" data-link-track-dtm=\"\">compra o a las actividades extraescolares<\/a> caminando o en bicicleta y dejar las pantallas fuera de los momentos en familia. En la misma l\u00ednea, Gen\u00eds Seg\u00fan a\u00f1ade que <a href=\"https:\/\/elpais.com\/salud-y-bienestar\/2023-02-07\/la-actividad-fisica-puede-proteger-frente-a-las-infecciones-respiratorias.html\" target=\"_blank\" rel=\"noopener\" data-link-track-dtm=\"\">la actividad f\u00edsica <\/a>desde el hogar es clave, ya que facilita la adherencia al deporte cuando los ni\u00f1os crecen. Helmut Schr\u00f6der, investigador s\u00e9nior del Instituto Hospital del Mar de Investigaciones M\u00e9dicas, sostiene que hay que instruir a\u00fan m\u00e1s a la sociedad en los beneficios del deporte y los perjuicios del sedentarismo. \u201cEsta informaci\u00f3n no ha llegado a todas las partes y tenemos que sensibilizar a toda la poblaci\u00f3n\u201d, concluye.<\/p>\n<p><a class=\"a_md_a_n\" title=\"Ver todas las noticias de In\u00e9s S\u00e1nchez-Manjavacas Casta\u00f1o\" href=\"https:\/\/elpais.com\/autor\/ines-sanchez-manjavacas-castano\/#?rel=author_top\"><strong>In\u00e9s S\u00e1nchez-Manjavacas Casta\u00f1o<\/strong><\/a><\/p>\n<header class=\"a_e _g _g-xs\">\n<div class=\"a_e_m\">\n<figure class=\"a_m a_m-h \"><figcaption class=\"a_m_p\">FOTO : El de las chicas es el grupo que m\u00e1s ha aumentado en su conexi\u00f3n a las pantallas en estos tres a\u00f1os.<span class=\"a_m_m\">M\u00f3nica Torres<\/span><\/figcaption><\/figure>\n<\/div>\n<\/header>\n<div class=\"a_md _g _g-xs \">\n<figure class=\"a_md_i a_m-h c_m--nf\"><span class=\"a_m_w _db\">https:\/\/elpais.com\/salud-y-bienestar\/2023-04-18\/los-jovenes-dedican-a-las-pantallas-mas-del-doble-del-tiempo-recomendado-por-la-oms.html<\/span><\/figure>\n<div class=\"a_md_txt\">\n<div class=\"a_md_a\" data-dtm-region=\"articulo_firma\">\u00a0<\/div>\n<\/div>\n<\/div>\n","protected":false},"excerpt":{"rendered":"<p>En los \u00faltimos tres a\u00f1os, los menores espa\u00f1oles han aumentado 20 minutos su uso de&#8230;<\/p>\n","protected":false},"author":1,"featured_media":60790,"comment_status":"closed","ping_status":"closed","sticky":false,"template":"","format":"standard","meta":{"_coblocks_attr":"","_coblocks_dimensions":"","_coblocks_responsive_height":"","_coblocks_accordion_ie_support":"","jetpack_post_was_ever_published":false,"_jetpack_newsletter_access":"","_jetpack_dont_email_post_to_subs":false,"_jetpack_newsletter_tier_id":0,"_jetpack_memberships_contains_paywalled_content":false,"_jetpack_memberships_contains_paid_content":false,"footnotes":"","jetpack_publicize_message":"","jetpack_publicize_feature_enabled":true,"jetpack_social_post_already_shared":false,"jetpack_social_options":{"image_generator_settings":{"template":"highway","default_image_id":0,"enabled":false},"version":2}},"categories":[1161,44,6937,6920,15],"tags":[1273,4963,2445],"class_list":["post-60789","post","type-post","status-publish","format-standard","has-post-thumbnail","hentry","category-ciudadania","category-noticias-de-hoy","category-sociedad","category-tecnologia","category-ultimas-noticias","tag-jovenes","tag-pantallas","tag-vision"],"jetpack_publicize_connections":[],"jetpack_featured_media_url":"https:\/\/i0.wp.com\/miradordeatarfe.es\/wp-content\/uploads\/2023\/04\/Screenshot-2023-04-19-at-18-49-33-Los-jovenes-dedican-a-las-pantallas-mas-del-doble-del-tiempo-recomendado-por-la-OMS.png?fit=606%2C546&ssl=1","jetpack_likes_enabled":true,"jetpack_sharing_enabled":true,"_links":{"self":[{"href":"https:\/\/miradordeatarfe.es\/index.php?rest_route=\/wp\/v2\/posts\/60789","targetHints":{"allow":["GET"]}}],"collection":[{"href":"https:\/\/miradordeatarfe.es\/index.php?rest_route=\/wp\/v2\/posts"}],"about":[{"href":"https:\/\/miradordeatarfe.es\/index.php?rest_route=\/wp\/v2\/types\/post"}],"author":[{"embeddable":true,"href":"https:\/\/miradordeatarfe.es\/index.php?rest_route=\/wp\/v2\/users\/1"}],"replies":[{"embeddable":true,"href":"https:\/\/miradordeatarfe.es\/index.php?rest_route=%2Fwp%2Fv2%2Fcomments&post=60789"}],"version-history":[{"count":1,"href":"https:\/\/miradordeatarfe.es\/index.php?rest_route=\/wp\/v2\/posts\/60789\/revisions"}],"predecessor-version":[{"id":60791,"href":"https:\/\/miradordeatarfe.es\/index.php?rest_route=\/wp\/v2\/posts\/60789\/revisions\/60791"}],"wp:featuredmedia":[{"embeddable":true,"href":"https:\/\/miradordeatarfe.es\/index.php?rest_route=\/wp\/v2\/media\/60790"}],"wp:attachment":[{"href":"https:\/\/miradordeatarfe.es\/index.php?rest_route=%2Fwp%2Fv2%2Fmedia&parent=60789"}],"wp:term":[{"taxonomy":"category","embeddable":true,"href":"https:\/\/miradordeatarfe.es\/index.php?rest_route=%2Fwp%2Fv2%2Fcategories&post=60789"},{"taxonomy":"post_tag","embeddable":true,"href":"https:\/\/miradordeatarfe.es\/index.php?rest_route=%2Fwp%2Fv2%2Ftags&post=60789"}],"curies":[{"name":"wp","href":"https:\/\/api.w.org\/{rel}","templated":true}]}}