{"id":6079,"date":"2016-01-22T08:22:24","date_gmt":"2016-01-22T08:22:24","guid":{"rendered":"http:\/\/miradordeatarfe.es\/?p=6079"},"modified":"2016-01-19T09:27:52","modified_gmt":"2016-01-19T09:27:52","slug":"la-policia-vigila-a-552-adolescentes-espanolas-victimas-de-violencia-machista","status":"publish","type":"post","link":"https:\/\/miradordeatarfe.es\/?p=6079","title":{"rendered":"La Polic\u00eda vigila a 552 adolescentes espa\u00f1olas v\u00edctimas de violencia machista"},"content":{"rendered":"<p>El Ministerio de Interior acaba de hacer p\u00fablico por primera vez el n\u00famero de chicas menores de edad v\u00edctimas de la violencia de g\u00e9nero incluidas en su sistema de vigilancia integral (VioG\u00e9n)<!--more--><\/p>\n<p>Los datos del <a title=\" Sistema VioG\u00e9n\" href=\"http:\/\/www.interior.gob.es\/web\/servicios-al-ciudadano\/violencia-contra-la-mujer\/sistema-viogen\" target=\"_blank\"><strong>sistema de vigilancia integral VioG\u00e9n<\/strong><\/a> reflejan el repunte del machismo entre los j\u00f3venes. La polic\u00eda tiene bajo control a 552 adolescentes de edades comprendidas entre los 14 y los 17 a\u00f1os. De ellas, <strong>el 60% tiene un nivel de riesgo no apreciado,<\/strong> es decir, <strong>leve,<\/strong> seg\u00fan la valoraci\u00f3n realizada por la Polic\u00eda. 189 casos est\u00e1n clasificados como riesgo bajo, lo que supone un seguimiento telef\u00f3nico por parte de los agentes. <strong>36 adolescentes corren riesgo medio<\/strong>, tienen una mayor protecci\u00f3n policial, y <strong>una chica est\u00e1 dentro del nivel de riesgo alto,<\/strong> por lo que al polic\u00eda la vigila frecuentemente y controla a su agresor. No hay ninguna en peligro extremo.<\/p>\n<div id=\"sumario_2|foto\" class=\"izquierda\">\n<p><a name=\"sumario_2\"><\/a><\/p>\n<div class=\"media\">\n<div class=\"foto figure\">\n<p><a href=\"https:\/\/i0.wp.com\/miradordeatarfe.es\/wp-content\/uploads\/2016\/01\/1453104089_742784_1453115017_sumario_grande.jpg?ssl=1\" rel=\"attachment wp-att-6080\"><img data-recalc-dims=\"1\" loading=\"lazy\" decoding=\"async\" class=\"alignnone size-full wp-image-6080\" src=\"https:\/\/i0.wp.com\/miradordeatarfe.es\/wp-content\/uploads\/2016\/01\/1453104089_742784_1453115017_sumario_grande.jpg?resize=640%2C906&#038;ssl=1\" alt=\"1453104089_742784_1453115017_sumario_grande\" width=\"640\" height=\"906\" srcset=\"https:\/\/i0.wp.com\/miradordeatarfe.es\/wp-content\/uploads\/2016\/01\/1453104089_742784_1453115017_sumario_grande.jpg?w=980&amp;ssl=1 980w, https:\/\/i0.wp.com\/miradordeatarfe.es\/wp-content\/uploads\/2016\/01\/1453104089_742784_1453115017_sumario_grande.jpg?resize=212%2C300&amp;ssl=1 212w, https:\/\/i0.wp.com\/miradordeatarfe.es\/wp-content\/uploads\/2016\/01\/1453104089_742784_1453115017_sumario_grande.jpg?resize=768%2C1088&amp;ssl=1 768w, https:\/\/i0.wp.com\/miradordeatarfe.es\/wp-content\/uploads\/2016\/01\/1453104089_742784_1453115017_sumario_grande.jpg?resize=723%2C1024&amp;ssl=1 723w, https:\/\/i0.wp.com\/miradordeatarfe.es\/wp-content\/uploads\/2016\/01\/1453104089_742784_1453115017_sumario_grande.jpg?resize=600%2C850&amp;ssl=1 600w\" sizes=\"auto, (max-width: 640px) 100vw, 640px\" \/><\/a><\/p>\n<p class=\"figcaption estirar\">Los datos de violencia machista entre menores de 14 y 17 a\u00f1os, provincia por provincia \/ <span class=\"firma\">MINISTERIO DEL INTERIOR<\/span><\/p>\n<\/div>\n<\/div>\n<div class=\"datos_sumario\"><\/div>\n<\/div>\n<p>En cuanto a las v\u00edctimas adultas, <strong>Interior protege a 52.000<\/strong>, seg\u00fan los \u00faltimos datos del Sistema Integral de Vigilancia. Son un 33% menos que hace tres. <strong>Tambi\u00e9n han bajado de forma relevante el n\u00famero de casos de riesgo alto y extremo.<\/strong> El Gobierno no explica las razones de este descenso que la oposici\u00f3n y los colectivos de mujeres atribuyen a los recortes en las plantillas policiales.<\/p>\n<p>El n\u00famero de casos de menores v\u00edctimas de la violencia machista se ha multiplicado por dos en el \u00faltimo a\u00f1o, seg\u00fan las expertas y psic\u00f3logas consultadas por la Cadena SER. <strong>En sus programas de recuperaci\u00f3n entran ni\u00f1as incluso de 13 a\u00f1os.<\/strong> Y lo peor es que <strong>no identifican que est\u00e1n siendo maltratadas por sus novios.<\/strong><\/p>\n<p>La Fundaci\u00f3n Luzcasanova, una de las pocas en Espa\u00f1a que dispone de una unidad para adolescentes, <strong>ha pasado de atender 47 casos en 2014 a 79 en 2015, casi el doble.<\/strong> Las menores les llegan derivadas de los institutos, de los pediatras y del <strong>016.<\/strong> Nos cuentan que el control y acoso por wasap es una violencia generaliza. Todas la padecen. Tambi\u00e9n la violencia psicol\u00f3gica. <strong>Y en los casos m\u00e1s graves las menores sufren agresiones f\u00edsicas y sexuales.<\/strong><\/p>\n<p>La mayor\u00eda de las adolescentes no identifica el maltrato. Lo justifica y tiene normalizado, por lo que en ocasiones se complica adem\u00e1s la relaci\u00f3n con las familias. <strong>La gran mayor\u00eda tampoco da el paso de denunciar ante la Polic\u00eda.<\/strong><\/p>\n<p><a href=\"http:\/\/cadenaser.com\/ser\/2016\/01\/18\/sociedad\/1453104089_742784.html\">http:\/\/cadenaser.com\/ser\/2016\/01\/18\/sociedad\/1453104089_742784.html<\/a><\/p>\n","protected":false},"excerpt":{"rendered":"<p>El Ministerio de Interior acaba de hacer p\u00fablico por primera vez el n\u00famero de chicas&#8230;<\/p>\n","protected":false},"author":1,"featured_media":6081,"comment_status":"closed","ping_status":"closed","sticky":false,"template":"","format":"standard","meta":{"_coblocks_attr":"","_coblocks_dimensions":"","_coblocks_responsive_height":"","_coblocks_accordion_ie_support":"","jetpack_post_was_ever_published":false,"_jetpack_newsletter_access":"","_jetpack_dont_email_post_to_subs":false,"_jetpack_newsletter_tier_id":0,"_jetpack_memberships_contains_paywalled_content":false,"_jetpack_memberships_contains_paid_content":false,"footnotes":"","jetpack_publicize_message":"","jetpack_publicize_feature_enabled":true,"jetpack_social_post_already_shared":false,"jetpack_social_options":{"image_generator_settings":{"template":"highway","default_image_id":0,"enabled":false},"version":2}},"categories":[1161,14,186,44,15],"tags":[1608,390,562,19,2045,1546],"class_list":["post-6079","post","type-post","status-publish","format-standard","has-post-thumbnail","hentry","category-ciudadania","category-feminismo","category-instituciones","category-noticias-de-hoy","category-ultimas-noticias","tag-adolescencia","tag-juventud","tag-machismo","tag-mujeres","tag-violencia-genero","tag-violencia-machista"],"jetpack_publicize_connections":[],"jetpack_featured_media_url":"https:\/\/i0.wp.com\/miradordeatarfe.es\/wp-content\/uploads\/2016\/01\/1453104089_742784_1453104308_noticia_normal.jpg?fit=770%2C433&ssl=1","jetpack_likes_enabled":true,"jetpack_sharing_enabled":true,"_links":{"self":[{"href":"https:\/\/miradordeatarfe.es\/index.php?rest_route=\/wp\/v2\/posts\/6079","targetHints":{"allow":["GET"]}}],"collection":[{"href":"https:\/\/miradordeatarfe.es\/index.php?rest_route=\/wp\/v2\/posts"}],"about":[{"href":"https:\/\/miradordeatarfe.es\/index.php?rest_route=\/wp\/v2\/types\/post"}],"author":[{"embeddable":true,"href":"https:\/\/miradordeatarfe.es\/index.php?rest_route=\/wp\/v2\/users\/1"}],"replies":[{"embeddable":true,"href":"https:\/\/miradordeatarfe.es\/index.php?rest_route=%2Fwp%2Fv2%2Fcomments&post=6079"}],"version-history":[{"count":2,"href":"https:\/\/miradordeatarfe.es\/index.php?rest_route=\/wp\/v2\/posts\/6079\/revisions"}],"predecessor-version":[{"id":6083,"href":"https:\/\/miradordeatarfe.es\/index.php?rest_route=\/wp\/v2\/posts\/6079\/revisions\/6083"}],"wp:featuredmedia":[{"embeddable":true,"href":"https:\/\/miradordeatarfe.es\/index.php?rest_route=\/wp\/v2\/media\/6081"}],"wp:attachment":[{"href":"https:\/\/miradordeatarfe.es\/index.php?rest_route=%2Fwp%2Fv2%2Fmedia&parent=6079"}],"wp:term":[{"taxonomy":"category","embeddable":true,"href":"https:\/\/miradordeatarfe.es\/index.php?rest_route=%2Fwp%2Fv2%2Fcategories&post=6079"},{"taxonomy":"post_tag","embeddable":true,"href":"https:\/\/miradordeatarfe.es\/index.php?rest_route=%2Fwp%2Fv2%2Ftags&post=6079"}],"curies":[{"name":"wp","href":"https:\/\/api.w.org\/{rel}","templated":true}]}}