{"id":60803,"date":"2023-04-22T08:00:57","date_gmt":"2023-04-22T06:00:57","guid":{"rendered":"https:\/\/miradordeatarfe.es\/?p=60803"},"modified":"2023-04-22T09:57:47","modified_gmt":"2023-04-22T07:57:47","slug":"consulta-con-tu-matricula-que-etiqueta-de-la-dgt-tienes-y-si-podrias-entrar-al-centro","status":"publish","type":"post","link":"https:\/\/miradordeatarfe.es\/?p=60803","title":{"rendered":"Consulta con tu matr\u00edcula qu\u00e9 etiqueta de la DGT tienes y si podr\u00edas entrar al centro"},"content":{"rendered":"<h3 class=\"v-a-sub-t\">Las principales capitales de provincia contin\u00faan avanzando con los planes anticontaminaci\u00f3n y plantean restricciones al tr\u00e1fico<\/h3>\n<p class=\"v-p\">Diversas capitales de provincia, como Granada, han avanzado que restringir\u00e1n el tr\u00e1fico y aparcamiento de veh\u00edculos contaminantes en el Centro. La zona de bajas emisiones, un proyecto al que obliga la Ley de Sostenibilidad, empezar\u00e1 a funcionar en ciudades como Granada a final de a\u00f1o si no hay nuevos contratiempos -deb\u00eda estar lista en 2022-. Si tienes dudas sobre si podr\u00edas circular por el Centro, consulta con tu matr\u00edcula qu\u00e9 etiqueta de la DGT tienes en el siguiente desarrollo.<\/p>\n<div class=\"v-c-cmp v-n-mrg\">\n<h3 class=\"v-d-cmp-sub-hl\">Comprueba tu matr\u00edcula:<\/h3>\n<\/div>\n<div class=\"v-c-cmp \">\n<div class=\"container-wrapper-genially\">\n<div id=\"643fc940fe6bae00127dd7c4\" class=\"genially-embed\" data-embedded-from-script=\"true\" data-rendered=\"true\">\n<div class=\"provider-container\" data-view-id=\"hHnaxxF88bXtCpex9ueu7\">\n<div class=\"router-container\" data-genially-name=\"genially\">\n<div class=\"pre-container\">\n<div class=\"genially-view-route genially-view-route-hidden-scroll\">\n<section id=\"zoom-wrapper-643fc940fe6bae00127dd7c6\">\n<div class=\"genially-view-sketch-field-slide-container\">\n<div>\n<div class=\"genially-view-slide-container\" data-genially-unsafe-slide=\"false\" aria-live=\"polite\">\n<h1 class=\"sc-kDTinF gfQJfC\">\u00a0<\/h1>\n<div id=\"643fc940fe6bae00127dd7c6\" class=\"genially-view-slide\">\n<div class=\"genially-view-slide-wrapper-transform\">\n<div>\u00a0<\/div>\n<div id=\"genially-animated-10f19e19-ff72-4bfe-821e-43915793f1da\" class=\"genially-animated-wrapper\" data-initial-left=\"1.7295147708493914px\" data-initial-top=\"-332.13245135397375px\">\n<div class=\"genially-view-item genially-view-rich-content \" tabindex=\"-1\" data-genially-id=\"643fc940fe6bae00127dd7c4\">\n<div id=\"10f19e19-ff72-4bfe-821e-43915793f1da\" data-cy=\"richContentItemView\">\n<div class=\"card-iframe\"><iframe loading=\"lazy\" src=\"https:\/\/sede.dgt.gob.es\/es\/vehiculos\/distintivo-ambiental\/\" name=\"consulta\" width=\"350px\" height=\"600px\" scrolling=\"no\" data-mce-fragment=\"1\"><\/iframe><\/div>\n<\/div>\n<\/div>\n<\/div>\n<\/div>\n<\/div>\n<\/div>\n<\/div>\n<\/div>\n<\/section>\n<\/div>\n<\/div>\n<div class=\"genially-view-out-rich-contents\">\u00a0<\/div>\n<div class=\"Wrapper-sc-1vjolak oRxvs\">\n<div class=\"ToastsWrapper-sc-1o0436m cXYSYf StyledToasts-sc-fancru hDHYgb\" aria-live=\"assertive\">\u00a0<\/div>\n<\/div>\n<\/div>\n<\/div>\n<\/div>\n<\/div>\n<\/div>\n<div class=\"v-c-cmp \">\n<div class=\"v-c-cmp-u\">\n<div id=\"g-etiquetas_dgt-box\" class=\"ai2html\">\n<div id=\"g-etiquetas_dgt-M\" class=\"g-artboard\" data-aspect-ratio=\"0.425\" data-min-width=\"650\">\n<div>\u00a0<\/div>\n<p><img data-recalc-dims=\"1\" decoding=\"async\" id=\"g-etiquetas_dgt-M-img\" class=\"g-aiImg\" src=\"https:\/\/i0.wp.com\/s2.ppllstatics.com\/ideal\/www\/multimedia\/2023\/04\/19\/etiquetas_dgt-M.png?w=640&#038;ssl=1\" alt=\"\" \/><\/p>\n<div id=\"g-ai2-1\" class=\"g-Capa_3 g-aiAbs\">\n<h1 class=\"g-pstyle0\">Clasificaci\u00f3n por distintivo medioambiental<\/h1>\n<\/div>\n<div id=\"g-ai2-2\" class=\"g-Capa_3 g-aiAbs\">\n<h3 class=\"g-pstyle1\">Sin etiqueta<\/h3>\n<\/div>\n<div id=\"g-ai2-4\" class=\"g-Capa_3 g-aiAbs\">\n<p class=\"g-pstyle3\">Gasolina . Todos los anteriores al a\u00f1o <span class=\"g-cstyle0\">2001 <\/span>o que no cumplen con <span class=\"g-cstyle0\">Euro III<\/span><\/p>\n<p class=\"g-pstyle3\">Diesel: Los anteriores a <span class=\"g-cstyle0\">2006 <\/span>o que no cumplen <span class=\"g-cstyle0\">Euro IV<\/span><\/p>\n<\/div>\n<div id=\"g-ai2-5\" class=\"g-Capa_3 g-aiAbs g-aiPointText\">\n<h3 class=\"g-pstyle1\">\u00a0<\/h3>\n<h3 class=\"g-pstyle1\">Etiqueta B<\/h3>\n<\/div>\n<div id=\"g-ai2-7\" class=\"g-Capa_3 g-aiAbs\">\n<p class=\"g-pstyle3\">Gasolina Turismos y furgonetas ligeras matriculados a partir del 1 de enero de <span class=\"g-cstyle0\">2001 <\/span>o que cumplen con <span class=\"g-cstyle0\">Euro III. <\/span>Veh\u00edculos de m\u00e1s 8 plazas y pesados matriculados a partir de <span class=\"g-cstyle0\">2005<\/span><\/p>\n<p class=\"g-pstyle3\">Diesel Matriculados a partir del 1 de enero de <span class=\"g-cstyle0\">2006 <\/span>o que cumplen <span class=\"g-cstyle0\">Euro IV o Euro V. <\/span>Veh\u00edculos de m\u00e1s 8 plazas y pesados matriculados a partir de <span class=\"g-cstyle0\">2005<\/span><\/p>\n<\/div>\n<div id=\"g-ai2-8\" class=\"g-Capa_3 g-aiAbs\">\n<p>&nbsp;<\/p>\n<h3 class=\"g-pstyle1\">Etiqueta C<\/h3>\n<\/div>\n<div id=\"g-ai2-9\" class=\"g-Capa_3 g-aiAbs\">\n<p class=\"g-pstyle3\">Gasolina\u00a0 Turismos y furgonetas ligeras matriculados a partir a 1 de enero de <span class=\"g-cstyle0\">2006 <\/span>o que cumplen con <span class=\"g-cstyle0\">Euro IV, Euro V o Euro VI. <\/span>Veh\u00edculos de m\u00e1s de 8 plazas y pesados matriculados desde <span class=\"g-cstyle0\">2014<\/span><\/p>\n<p class=\"g-pstyle3\">Diesel Matriculados a partir del 1 de septiembre de <span class=\"g-cstyle0\">2015 <\/span>o que cumplen <span class=\"g-cstyle0\">Euro VI. <\/span>Veh\u00edculos de m\u00e1s de 8 plazas y pesados matriculados desde <span class=\"g-cstyle0\">2014<\/span><\/p>\n<\/div>\n<div id=\"g-ai2-10\" class=\"g-Capa_3 g-aiAbs\">\n<p>&nbsp;<\/p>\n<h3 class=\"g-pstyle1\">Etiqueta ECO H\u00edbridos no enchufables (HEV)<\/h3>\n<\/div>\n<div id=\"g-ai2-11\" class=\"g-Capa_3 g-aiAbs\">\n<p><span class=\"g-cstyle0\">Electr\u00edcos h\u00edbridos enchufables <\/span>con autonom\u00eda el\u00e9ctrica inferior a 40 kil\u00f3metros.<\/p>\n<p>Veh\u00edculos impulsados por <span class=\"g-cstyle0\">gas natural, gas natural comprimido<\/span> (GNC) o <span class=\"g-cstyle0\">gas licuado de petr\u00f3leo <\/span>(GLP) y que, adem\u00e1s, cumplan con los requisitos de la etiqueta C<\/p>\n<\/div>\n<div id=\"g-ai2-12\" class=\"g-Capa_3 g-aiAbs\">\n<p>&nbsp;<\/p>\n<h3 class=\"g-pstyle1\">Etiqueta 0<\/h3>\n<\/div>\n<div id=\"g-ai2-13\" class=\"g-Capa_3 g-aiAbs\">\n<p><span class=\"g-cstyle0\">El\u00e9ctricos h\u00edbridos enchufables (PHEV) <\/span>con autonom\u00eda el\u00e9ctrica superior a 40 kil\u00f3metros.<\/p>\n<p class=\"g-pstyle3\">El\u00e9ctricos de bater\u00eda (BEV)<\/p>\n<p class=\"g-pstyle3\">El\u00e9ctricos de autonomia extendida (REEV)<\/p>\n<p>&nbsp;<\/p>\n<\/div>\n<div id=\"g-ai0-1\" class=\"g-Capa_3 g-aiAbs\">\n<h1 class=\"g-pstyle0\">La informaci\u00f3n que lleva la etiqueta<\/h1>\n<\/div>\n<div id=\"g-ai0-2\" class=\"g-Capa_3 g-aiAbs\">\n<p>C\u00f3digo QR con la siguiente informaci\u00f3n: -A\u00f1o de matriculaci\u00f3n, -Marca, -Modelo, -Combustible, -Categor\u00eda, -Autonom\u00eda el\u00e9ctrica, -Nivel de emisiones Euro , -Potencia fiscal ,N\u00famero de etiqueta y c\u00f3digo de barras,Nivel de emisiones Euro del veh\u00edculo ,Logo DGT , Matr\u00edcula y combustible empleado por el veh\u00edculo<\/p>\n<\/div>\n<\/div>\n<\/div>\n<\/div>\n<\/div>\n<div class=\"v-c-cmp \">\n<div class=\"v-c-cmp-u\">\n<div id=\"g-etiquetas_dgt_01-box\" class=\"ai2html\">\n<div id=\"g-etiquetas_dgt_01-M\" class=\"g-artboard\" data-aspect-ratio=\"0.475\" data-min-width=\"650\">\n<div>\u00a0<\/div>\n<p><img data-recalc-dims=\"1\" loading=\"lazy\" decoding=\"async\" id=\"g-etiquetas_dgt_01-M-img\" class=\"g-aiImg\" src=\"https:\/\/i0.wp.com\/s3.ppllstatics.com\/ideal\/www\/multimedia\/2023\/04\/19\/etiquetas_dgt_01-M.jpg?resize=640%2C1346&#038;ssl=1\" alt=\"\" width=\"640\" height=\"1346\" \/><\/p>\n<div id=\"g-ai0-1\" class=\"g-Capa_3 g-aiAbs\">\u00a0<\/div>\n<div id=\"g-ai0-7\" class=\"g-Capa_3 g-aiAbs\">\n<h1 class=\"g-pstyle1\">La colocaci\u00f3n de la etiqueta medioambiental<\/h1>\n<\/div>\n<div id=\"g-ai0-8\" class=\"g-Capa_3 g-aiAbs\">\n<p>Es voluntaria, pero Tr\u00e1fico recomienda llevarla para facilitar las labores de reconocimiento de la polic\u00eda en las ciudades. Sin embargo, advierte que <span class=\"g-cstyle0\">algunos ayuntamientos pueden exigir su obligatoriedad<\/span><\/p>\n<\/div>\n<div id=\"g-ai0-9\" class=\"g-Capa_3 g-aiAbs\">\n<p class=\"g-pstyle2\"><span class=\"g-cstyle1\">La DGT especifica d\u00f3nde debe colocarse: <\/span>justo en la esquina inferior derecha del parabrisas<span class=\"g-cstyle1\"> delantero<\/span><\/p>\n<\/div>\n<div id=\"g-ai0-10\" class=\"g-Capa_3 g-aiAbs\">\n<p>Si no se coloca en este lugar, es cuando corremos el riesgo de ganarnos una <span class=\"g-cstyle0\">multa <\/span>porque la etiqueta puede obstaculizar la visi\u00f3n del conductor y esto est\u00e1 penado con <span class=\"g-cstyle0\">200 \u20ac<\/span><\/p>\n<\/div>\n<div id=\"g-ai0-11\" class=\"g-Capa_3 g-aiAbs\">\n<p class=\"g-pstyle3\">Fuente: DGT<\/p>\n<\/div>\n<\/div>\n<\/div>\n<\/div>\n<\/div>\n<p><strong><a href=\"https:\/\/www.ideal.es\/autor\/carlos-valdemoros-392.html\">Carlos Valdemoros <\/a><\/strong><\/p>\n","protected":false},"excerpt":{"rendered":"<p>Las principales capitales de provincia contin\u00faan avanzando con los planes anticontaminaci\u00f3n y plantean restricciones al&#8230;<\/p>\n","protected":false},"author":1,"featured_media":60804,"comment_status":"closed","ping_status":"closed","sticky":false,"template":"","format":"standard","meta":{"_coblocks_attr":"","_coblocks_dimensions":"","_coblocks_responsive_height":"","_coblocks_accordion_ie_support":"","jetpack_post_was_ever_published":false,"_jetpack_newsletter_access":"","_jetpack_dont_email_post_to_subs":false,"_jetpack_newsletter_tier_id":0,"_jetpack_memberships_contains_paywalled_content":false,"_jetpack_memberships_contains_paid_content":false,"footnotes":"","jetpack_publicize_message":"","jetpack_publicize_feature_enabled":true,"jetpack_social_post_already_shared":false,"jetpack_social_options":{"image_generator_settings":{"template":"highway","default_image_id":0,"enabled":false},"version":2}},"categories":[1161,9,44,7671,15],"tags":[2201,99,10269],"class_list":["post-60803","post","type-post","status-publish","format-standard","has-post-thumbnail","hentry","category-ciudadania","category-medio-ambiente","category-noticias-de-hoy","category-politica","category-ultimas-noticias","tag-etiquetas","tag-medio-ambiente","tag-movilidad-en-las-ciudades"],"jetpack_publicize_connections":[],"jetpack_featured_media_url":"https:\/\/i0.wp.com\/miradordeatarfe.es\/wp-content\/uploads\/2023\/04\/Screenshot-2023-04-20-at-12-23-29-Consulta-con-tu-matricula-que-etiqueta-de-la-DGT-tienes-y-si-podrias-entrar-al-centro.png?fit=843%2C558&ssl=1","jetpack_likes_enabled":true,"jetpack_sharing_enabled":true,"_links":{"self":[{"href":"https:\/\/miradordeatarfe.es\/index.php?rest_route=\/wp\/v2\/posts\/60803","targetHints":{"allow":["GET"]}}],"collection":[{"href":"https:\/\/miradordeatarfe.es\/index.php?rest_route=\/wp\/v2\/posts"}],"about":[{"href":"https:\/\/miradordeatarfe.es\/index.php?rest_route=\/wp\/v2\/types\/post"}],"author":[{"embeddable":true,"href":"https:\/\/miradordeatarfe.es\/index.php?rest_route=\/wp\/v2\/users\/1"}],"replies":[{"embeddable":true,"href":"https:\/\/miradordeatarfe.es\/index.php?rest_route=%2Fwp%2Fv2%2Fcomments&post=60803"}],"version-history":[{"count":1,"href":"https:\/\/miradordeatarfe.es\/index.php?rest_route=\/wp\/v2\/posts\/60803\/revisions"}],"predecessor-version":[{"id":60805,"href":"https:\/\/miradordeatarfe.es\/index.php?rest_route=\/wp\/v2\/posts\/60803\/revisions\/60805"}],"wp:featuredmedia":[{"embeddable":true,"href":"https:\/\/miradordeatarfe.es\/index.php?rest_route=\/wp\/v2\/media\/60804"}],"wp:attachment":[{"href":"https:\/\/miradordeatarfe.es\/index.php?rest_route=%2Fwp%2Fv2%2Fmedia&parent=60803"}],"wp:term":[{"taxonomy":"category","embeddable":true,"href":"https:\/\/miradordeatarfe.es\/index.php?rest_route=%2Fwp%2Fv2%2Fcategories&post=60803"},{"taxonomy":"post_tag","embeddable":true,"href":"https:\/\/miradordeatarfe.es\/index.php?rest_route=%2Fwp%2Fv2%2Ftags&post=60803"}],"curies":[{"name":"wp","href":"https:\/\/api.w.org\/{rel}","templated":true}]}}