{"id":60806,"date":"2023-04-22T10:00:32","date_gmt":"2023-04-22T08:00:32","guid":{"rendered":"https:\/\/miradordeatarfe.es\/?p=60806"},"modified":"2023-10-21T20:20:03","modified_gmt":"2023-10-21T18:20:03","slug":"atarfenos-del-mundo-de-la-ciencia-maria-del-carmen-flores-martin","status":"publish","type":"post","link":"https:\/\/miradordeatarfe.es\/?p=60806","title":{"rendered":"ATARFE\u00d1OS DEL MUNDO DE LA CIENCIA: MAR\u00cdA DEL CARMEN FLORES MART\u00cdN"},"content":{"rendered":"<h3>Mar\u00cda del Carmen Flores Mart\u00cdn Lda. Biolog\u00eda-Bioqu\u00edmica. Laboratorio\u00a0DCOOP:\u00a0T\u00e9cnico<\/h3>\n<p style=\"text-align: left;\"><em>Estimad@s alumn@s y profesionales de un futuro no muy lejano, aprovecho esta<\/em><em>\u00a0<\/em><em>oportunidad que se me ha brindado para animaros a perseguir vuestros Sue\u00f1os:<\/em><em>\u00a0<\/em><em>Siempre<\/em><em>\u00a0<\/em><em>ha<\/em><em>\u00a0<\/em><em>existido<\/em><em>\u00a0<\/em><em>la<\/em><em>\u00a0<\/em><em>incertidumbre,<\/em><em>\u00a0<\/em><em>pero<\/em><em>\u00a0<\/em><em>cuando<\/em><em>\u00a0<\/em><em>gracias<\/em><em>\u00a0<\/em><em>a<\/em><em>\u00a0<\/em><em>la<\/em><em>\u00a0<\/em><em>ciencia<\/em><em>\u00a0<\/em><em>abrimos<\/em><em>\u00a0<\/em><em>nuestra<\/em><em>\u00a0<\/em><em>mente<\/em><em>\u00a0<\/em><em>a infinitas<\/em><em>\u00a0<\/em><em>posibilidades y nos<\/em><em>\u00a0<\/em><em>esforzamos, nuestro<\/em><em>\u00a0<\/em><em>camino se va<\/em><em>\u00a0<\/em><em>trazando.<\/em><\/p>\n<p style=\"text-align: justify;\"><em>No<\/em><em>\u00a0<\/em><em>importa<\/em><em>\u00a0<\/em><em>el<\/em><em>\u00a0<\/em><em>tiempo<\/em><em>\u00a0<\/em><em>empleado<\/em><em>\u00a0<\/em><em>o<\/em><em>\u00a0<\/em><em>el<\/em><em>\u00a0<\/em><em>n\u00famero<\/em><em>\u00a0<\/em><em>de<\/em><em>\u00a0<\/em><em>intentos<\/em><em>\u00a0<\/em><em>para<\/em><em>\u00a0<\/em><em>conseguir<\/em><em>\u00a0<\/em><em>un<\/em><em>\u00a0<\/em><em>objetivo,<\/em><em>\u00a0<\/em><em>lo<\/em><em>\u00a0<\/em><em>importante<\/em><em>\u00a0<\/em><em>es llegar.<\/em><\/p>\n<p style=\"text-align: left;\"><em>Precisamente son las dificultades<\/em><em>\u00a0<\/em><em>y la superaci\u00f3n gradual de las mismas lo que nos hace<\/em><em>\u00a0<\/em><em>crecer<\/em><em>\u00a0<\/em><em>como<\/em><em>\u00a0<\/em><em>personas<\/em><em>\u00a0<\/em><em>y<\/em><em>\u00a0<\/em><em>profesionales,<\/em><em>\u00a0<\/em><em>siempre<\/em><em>\u00a0<\/em><em>desde<\/em><em>\u00a0<\/em><em>la<\/em><em>\u00a0<\/em><em>humildad<\/em><em>\u00a0<\/em><em>para<\/em><em>\u00a0<\/em><em>admitir<\/em><em>\u00a0<\/em><em>y<\/em><em>\u00a0<\/em><em>corregir<\/em><em>\u00a0<\/em><em>errores,<\/em><em>\u00a0<\/em><em>preguntar<\/em><em>\u00a0<\/em><em>lo<\/em><em>\u00a0<\/em><em>que<\/em><em>\u00a0<\/em><em>no<\/em><em>\u00a0<\/em><em>se<\/em><em>\u00a0<\/em><em>sabe,<\/em><em>\u00a0<\/em><em>e<\/em><em>\u00a0<\/em><em>intentarlo<\/em><em>\u00a0<\/em><em>tantas<\/em><em>\u00a0<\/em><em>veces<\/em><em>\u00a0<\/em><em>como<\/em><em>\u00a0<\/em><em>sea<\/em><em>\u00a0<\/em><em>necesario.<\/em><\/p>\n<p style=\"text-align: justify;\"><em>Determinaci\u00f3n,<\/em><em>\u00a0<\/em><em>trabajo<\/em><em>\u00a0<\/em><em>y<\/em><em>\u00a0<\/em><em>constancia<\/em><em>\u00a0<\/em><em>son<\/em><em>\u00a0<\/em><em>fundamentales<\/em><em>\u00a0<\/em><em>as\u00ed<\/em><em>\u00a0<\/em><em>como<\/em><em>\u00a0<\/em><em>generosidad<\/em><em>\u00a0<\/em><em>para<\/em><em>\u00a0<\/em><em>compartir lo que sabemos.<\/em><\/p>\n<p><em>Todo<\/em><em>\u00a0<\/em><em>el<\/em><em>\u00a0<\/em><em>mundo<\/em><em>\u00a0<\/em><em>tiene<\/em><em>\u00a0<\/em><em>un<\/em><em>\u00a0<\/em><em>sitio<\/em><em>\u00a0<\/em><em>en<\/em><em>\u00a0<\/em><em>la<\/em><em>\u00a0<\/em><em>ciencia<\/em><em>\u00a0<\/em><em>para<\/em><em>\u00a0<\/em><em>aportar<\/em><em>\u00a0<\/em><em>su<\/em><em>\u00a0<\/em><em>granito<\/em><em>\u00a0<\/em><em>de<\/em><em>\u00a0<\/em><em>arena,<\/em><em>\u00a0<\/em><em>siendo<\/em><em>\u00a0<\/em><em>el<\/em><em>\u00a0<\/em><em>compa\u00f1erismo,<\/em><em>\u00a0<\/em><em>el<\/em><em>\u00a0<\/em><em>trabajo<\/em><em>\u00a0<\/em><em>en<\/em><em>\u00a0<\/em><em>equipo<\/em><em>\u00a0<\/em><em>y la<\/em><em>\u00a0<\/em><em>perseverancia<\/em><em>\u00a0<\/em><em>cualidades<\/em><em>\u00a0<\/em><em>imprescindibles.\u00bb<\/em><\/p>\n<p><a href=\"https:\/\/i0.wp.com\/miradordeatarfe.es\/wp-content\/uploads\/2023\/04\/MARIA.png?ssl=1\"><img data-recalc-dims=\"1\" loading=\"lazy\" decoding=\"async\" class=\"alignnone wp-image-60807 size-full\" src=\"https:\/\/i0.wp.com\/miradordeatarfe.es\/wp-content\/uploads\/2023\/04\/MARIA.png?resize=640%2C853&#038;ssl=1\" alt=\"\" width=\"640\" height=\"853\" srcset=\"https:\/\/i0.wp.com\/miradordeatarfe.es\/wp-content\/uploads\/2023\/04\/MARIA.png?w=1200&amp;ssl=1 1200w, https:\/\/i0.wp.com\/miradordeatarfe.es\/wp-content\/uploads\/2023\/04\/MARIA.png?resize=225%2C300&amp;ssl=1 225w, https:\/\/i0.wp.com\/miradordeatarfe.es\/wp-content\/uploads\/2023\/04\/MARIA.png?resize=768%2C1024&amp;ssl=1 768w, https:\/\/i0.wp.com\/miradordeatarfe.es\/wp-content\/uploads\/2023\/04\/MARIA.png?resize=1152%2C1536&amp;ssl=1 1152w\" sizes=\"auto, (max-width: 640px) 100vw, 640px\" \/><\/a><\/p>\n","protected":false},"excerpt":{"rendered":"<p>Mar\u00cda del Carmen Flores Mart\u00cdn Lda. Biolog\u00eda-Bioqu\u00edmica. Laboratorio\u00a0DCOOP:\u00a0T\u00e9cnico Estimad@s alumn@s y profesionales de un futuro&#8230;<\/p>\n","protected":false},"author":1,"featured_media":60808,"comment_status":"closed","ping_status":"closed","sticky":false,"template":"","format":"standard","meta":{"_coblocks_attr":"","_coblocks_dimensions":"","_coblocks_responsive_height":"","_coblocks_accordion_ie_support":"","jetpack_post_was_ever_published":false,"_jetpack_newsletter_access":"","_jetpack_dont_email_post_to_subs":false,"_jetpack_newsletter_tier_id":0,"_jetpack_memberships_contains_paywalled_content":false,"_jetpack_memberships_contains_paid_content":false,"footnotes":"","jetpack_publicize_message":"","jetpack_publicize_feature_enabled":true,"jetpack_social_post_already_shared":false,"jetpack_social_options":{"image_generator_settings":{"template":"highway","default_image_id":0,"enabled":false},"version":2}},"categories":[9597,10778,6539],"tags":[81,9598],"class_list":["post-60806","post","type-post","status-publish","format-standard","has-post-thumbnail","hentry","category-cientificos-atarfenos","category-feria-de-la-ciencia-atarfe","category-personajes-de-ataref","tag-atarfe","tag-cientificos-atarfenos"],"jetpack_publicize_connections":[],"jetpack_featured_media_url":"https:\/\/i0.wp.com\/miradordeatarfe.es\/wp-content\/uploads\/2023\/04\/1606467694952.jpg?fit=560%2C560&ssl=1","jetpack_likes_enabled":true,"jetpack_sharing_enabled":true,"_links":{"self":[{"href":"https:\/\/miradordeatarfe.es\/index.php?rest_route=\/wp\/v2\/posts\/60806","targetHints":{"allow":["GET"]}}],"collection":[{"href":"https:\/\/miradordeatarfe.es\/index.php?rest_route=\/wp\/v2\/posts"}],"about":[{"href":"https:\/\/miradordeatarfe.es\/index.php?rest_route=\/wp\/v2\/types\/post"}],"author":[{"embeddable":true,"href":"https:\/\/miradordeatarfe.es\/index.php?rest_route=\/wp\/v2\/users\/1"}],"replies":[{"embeddable":true,"href":"https:\/\/miradordeatarfe.es\/index.php?rest_route=%2Fwp%2Fv2%2Fcomments&post=60806"}],"version-history":[{"count":1,"href":"https:\/\/miradordeatarfe.es\/index.php?rest_route=\/wp\/v2\/posts\/60806\/revisions"}],"predecessor-version":[{"id":60809,"href":"https:\/\/miradordeatarfe.es\/index.php?rest_route=\/wp\/v2\/posts\/60806\/revisions\/60809"}],"wp:featuredmedia":[{"embeddable":true,"href":"https:\/\/miradordeatarfe.es\/index.php?rest_route=\/wp\/v2\/media\/60808"}],"wp:attachment":[{"href":"https:\/\/miradordeatarfe.es\/index.php?rest_route=%2Fwp%2Fv2%2Fmedia&parent=60806"}],"wp:term":[{"taxonomy":"category","embeddable":true,"href":"https:\/\/miradordeatarfe.es\/index.php?rest_route=%2Fwp%2Fv2%2Fcategories&post=60806"},{"taxonomy":"post_tag","embeddable":true,"href":"https:\/\/miradordeatarfe.es\/index.php?rest_route=%2Fwp%2Fv2%2Ftags&post=60806"}],"curies":[{"name":"wp","href":"https:\/\/api.w.org\/{rel}","templated":true}]}}