{"id":60810,"date":"2023-04-23T09:42:03","date_gmt":"2023-04-23T07:42:03","guid":{"rendered":"https:\/\/miradordeatarfe.es\/?p=60810"},"modified":"2023-04-20T12:57:34","modified_gmt":"2023-04-20T10:57:34","slug":"espana-se-enfrenta-al-dilema-imposible-de-un-campo-que-multiplica-los-regadios-en-un-pais-sin-agua","status":"publish","type":"post","link":"https:\/\/miradordeatarfe.es\/?p=60810","title":{"rendered":"Espa\u00f1a se enfrenta al dilema imposible de un campo que multiplica los regad\u00edos en un pa\u00eds sin agua"},"content":{"rendered":"<h3 style=\"text-align: justify;\">Ser un territorio que se vuelve m\u00e1s y m\u00e1s \u00e1rido y a la vez situarse como la segunda potencia agr\u00edcola europea solo puede hacerse a fuerza de incrementar las fincas de riego, pero el consumo intensivo pone en jaque muchos de sus ecosistemas m\u00e1s preciados, como Do\u00f1ana o Las Tablas de Daimiel<\/h3>\n<p class=\"article-text\" style=\"text-align: justify;\">El dilema es perverso. Espa\u00f1a es un pa\u00eds cada vez m\u00e1s \u00e1rido. Un pa\u00eds que se seca, donde el agua se vuelve m\u00e1s y m\u00e1s escasa. Pero, al mismo tiempo, se ha convertido en <a class=\"link\" href=\"https:\/\/www.lamoncloa.gob.es\/espana\/eh18-19\/agricultura\/Paginas\/agriculturayganaderia.aspx#:~:text=Espa%C3%B1a%20es%20el%20cuarto%20productor,del%20total%20de%20la%20UE).\" target=\"_blank\" rel=\"noopener\" data-mrf-recirculation=\"links-noticia\">la segunda potencia agr\u00edcola de la Uni\u00f3n Europea<\/a> a base de incrementar los campos de regad\u00edo; es decir, de utilizar intensivamente esa agua menguante.<\/p>\n<p class=\"article-text\" style=\"text-align: justify;\">El plan del PP para ganar votos regularizando <a class=\"link\" href=\"https:\/\/www.eldiario.es\/andalucia\/sostenibilidad\/donana-punado-votos-79-concejales-juego-ampliacion-regadios-impulsan-pp-vox_1_10116407.html\" data-mrf-recirculation=\"links-noticia\">cientos de hect\u00e1reas de regad\u00edo ilegal<\/a> alrededor del Parque Nacional de Do\u00f1ana ha puesto el foco sobre esta paradoja: c\u00f3mo alimentar m\u00e1s regad\u00edos con menos agua, y a la vez esquivar el da\u00f1o ambiental que ocasiona exprimir un recurso que, m\u00e1s all\u00e1 de su utilidad econ\u00f3mica, es crucial para los ecosistemas.<\/p>\n<div class=\"partner-wrapper article-page__body-row \">\n<div class=\"second-col\">\n<p class=\"article-text\" style=\"text-align: justify;\">Los datos describen claramente la evoluci\u00f3n: desde 1950, los climas \u00e1ridos han ido comiendo terreno en Espa\u00f1a y<a class=\"link\" href=\"https:\/\/www.aemet.es\/documentos\/es\/conocermas\/recursos_en_linea\/publicaciones_y_estudios\/publicaciones\/NT_37_AEMET\/NT_37_AEMET.pdf\" target=\"_blank\" rel=\"noopener\" data-mrf-recirculation=\"links-noticia\"> han conquistado 1.500 km2 en detrimento de los m\u00e1s templados<\/a>, seg\u00fan certifica la Aemet. En ese tiempo, la superficie dedicada al regad\u00edo ha pasado de 1,6 millones a 3,8 millones de hect\u00e1reas, seg\u00fan el Ministerio de Agricultura.<\/p>\n<figure class=\"embed-container embed-container--type-embed \" style=\"text-align: justify;\">\n<iframe id=\"datawrapper-chart-EF86f\" title=\"500.000 nuevas hect\u00e1reas de regad\u00edo en la \u00faltima d\u00e9cada\" src=\"https:\/\/datawrapper.dwcdn.net\/EF86f\/1\/\" height=\"500\" frameborder=\"0\" scrolling=\"no\" aria-label=\"Interactive line chart\" data-external=\"1\" data-mce-fragment=\"1\"><\/iframe> <\/figure>\n<p class=\"article-text\" style=\"text-align: justify;\">La raz\u00f3n es sencilla: <strong>utilizar el agua hace las fincas mucho m\u00e1s rentables<\/strong>. Actualmente, el 23% de toda la superficie que se cultiva en Espa\u00f1a se ha puesto en regad\u00edo. \u00bfEl resultado? Un cuarto de la tierra produce el 65% de la cosecha total espa\u00f1ola. Esto nos convierte en el segundo pa\u00eds de la Uni\u00f3n Europea en superficie calificada como regable, solo por detr\u00e1s de Italia, <a class=\"link\" href=\"https:\/\/ec.europa.eu\/eurostat\/statistics-explained\/index.php?title=File:Table1_Irrigable_and_irrigated_areas_EU-28_Norway_2005-2016.png\" target=\"_blank\" rel=\"noopener\" data-mrf-recirculation=\"links-noticia\">pero supera al pa\u00eds transalpino en tierra efectivamente regada, seg\u00fan Eurostat<\/a>.<\/p>\n<p class=\"article-text\" style=\"text-align: justify;\">As\u00ed que la piedra angular de este sector es el agua. Casi el 80% del consumo nacional se dedica, precisamente, a regar cultivos. Pero los recursos h\u00eddricos disponibles van descendiendo. <a class=\"link\" href=\"https:\/\/www.lamoncloa.gob.es\/consejodeministros\/resumenes\/Paginas\/2023\/240123-rp-cministros.aspx\" target=\"_blank\" rel=\"noopener\" data-mrf-recirculation=\"links-noticia\">Ya han ca\u00eddo un 12%, seg\u00fan calcula el Ministerio de Transici\u00f3n Ecol\u00f3gica<\/a>. Para 2050, las proyecciones avisan de una disminuci\u00f3n de entre el 14% y el 40%. Espa\u00f1a no solo se vuelve \u00e1rida como consecuencia de \u201clos efectos del calentamiento global observado en las \u00faltimas d\u00e9cadas\u201d, sino tambi\u00e9n m\u00e1s seca.<\/p>\n<p class=\"article-text\" style=\"text-align: justify;\">De hecho, la demanda intensiva que ha impuesto el avance del regad\u00edo ha hecho que <a class=\"link\" href=\"https:\/\/www.eldiario.es\/sociedad\/consumo-masivo-condena-espana-escasez-agua-importar-llueva_1_8382177.html\" target=\"_blank\" rel=\"noopener\" data-mrf-recirculation=\"links-noticia\">incluso en a\u00f1os con lluvias normales se genere escasez grave de agua<\/a> para satisfacer esas demandas en algunos lugares. Pero si adem\u00e1s llega un ciclo de pocas lluvias, las reservas exprimidas no pueden remontar su nivel. El problema se arrastra y se agrava paulatinamente. Resta y sigue.<\/p>\n<figure class=\"embed-container embed-container--type-embed \" style=\"text-align: justify;\">\n<iframe id=\"datawrapper-chart-L8q2K\" title=\"Las provincias que m\u00e1s cultivos tienen de regad\u00edos\" src=\"https:\/\/datawrapper.dwcdn.net\/L8q2K\/1\/\" height=\"544\" frameborder=\"0\" scrolling=\"no\" aria-label=\"Mapa\" data-external=\"1\" data-mce-fragment=\"1\"><\/iframe> <\/figure>\n<h3 class=\"article-text\" style=\"text-align: justify;\">\u00bfR\u00edos sin agua?<\/h3>\n<p class=\"article-text\" style=\"text-align: justify;\">El agua no es solo un recurso econ\u00f3mico para la producci\u00f3n. Adem\u00e1s de para beber los humanos, es la base de los ecosistemas. <a class=\"link\" href=\"https:\/\/www.eldiario.es\/sociedad\/mitad-rios-espanoles-mal-presas-cambio-climatico-especies-invasoras_1_9740562.html\" target=\"_blank\" rel=\"noopener\" data-mrf-recirculation=\"links-noticia\">Casi la mitad de los r\u00edos espa\u00f1oles est\u00e1n en mal estado<\/a>, seg\u00fan admite la Estrategia Nacional de Recuperaci\u00f3n de R\u00edos. Los planes hidrol\u00f3gicos reci\u00e9n estrenados han establecido nuevos caudales ecol\u00f3gicos para muchos cursos. Es el agua m\u00ednima que debe fluir para mantener la vida pisc\u00edcola y la vegetaci\u00f3n.<\/p>\n<p class=\"article-text\" style=\"text-align: justify;\">La aplicaci\u00f3n de este caudal \u2013que es una obligaci\u00f3n legal\u2013 por primera vez en el r\u00edo Tajo es lo que ha <a class=\"link\" href=\"https:\/\/www.eldiario.es\/sociedad\/peces-fincas-riego-elecciones-claves-no-perderse-guerra-agua_1_9871940.html\" target=\"_blank\" rel=\"noopener\" data-mrf-recirculation=\"links-noticia\">desatado la protesta de los regantes que se benefician del trasvase Tajo-Segura<\/a>, y que consideran que debe mantenerse el volumen de agua que reciben. Si el r\u00edo lleva m\u00e1s l\u00edquido, menos queda para ellos. Los gobiernos de la Comunitat Valenciana, Murcia y Andaluc\u00eda han llevado a los tribunales este plan del Ejecutivo.<\/p>\n<p class=\"article-text\" style=\"text-align: justify;\">En estos d\u00edas, la ley de amnist\u00eda para regad\u00edos ilegales en torno a Do\u00f1ana que prepara el PP en Andaluc\u00eda ha acaparado la atenci\u00f3n. El parque est\u00e1 en crisis, <a class=\"link\" href=\"https:\/\/www.eldiario.es\/andalucia\/sostenibilidad\/gobierno-andaluz-desoye-consejo-donana-avala-ley-regadios-pese-alerta-situacion-critica-parque_1_10107606.html\" target=\"_blank\" rel=\"noopener\" data-mrf-recirculation=\"links-noticia\">\u201cen deterioro generalizado\u201d <\/a>porque el expolio de los acu\u00edferos ha desecado gran parte de sus lagunas, seg\u00fan expuso el director de la Estaci\u00f3n Biol\u00f3gica del CSIC, Eloy Revilla.<\/p>\n<figure class=\"embed-container embed-container--type-embed \" style=\"text-align: justify;\">\n<iframe id=\"datawrapper-chart-49MFg\" title=\"Casi la mitad de los r\u00edos de la Pen\u00ednsula est\u00e1n en mal estado\" src=\"https:\/\/datawrapper.dwcdn.net\/49MFg\/1\/\" height=\"590\" frameborder=\"0\" scrolling=\"no\" aria-label=\"Mapa\" data-external=\"1\" data-mce-fragment=\"1\"><\/iframe> <\/figure>\n<p class=\"article-text\" style=\"text-align: justify;\">Pero, tambi\u00e9n ahora, otro humedal de importancia internacional y parque nacional como es Las Tablas de Daimiel ha visto c\u00f3mo su exigua superficie encharcada <a class=\"link\" href=\"https:\/\/www.eldiario.es\/castilla-la-mancha\/parque-nacional-tablas-daimiel-pierde-40-superficie-inundada-meses_1_10117521.html\" target=\"_blank\" rel=\"noopener\" data-mrf-recirculation=\"links-noticia\">se reduc\u00eda un 40% en solo dos meses. <\/a><\/p>\n<p class=\"article-text\" style=\"text-align: justify;\">Las Tablas est\u00e1n secas porque el descenso de los niveles en las aguas subterr\u00e1neas \u2013explotadas para regar y sin recarga natural suficiente\u2013 \u201cest\u00e1n desconectadas de las superficiales que sustentan el Parque Nacional\u201d, <a class=\"link\" href=\"https:\/\/www.chguadiana.es\/sites\/default\/files\/2022-12\/PUBLICACION%20DOCLM_0.pdf\" target=\"_blank\" rel=\"noopener\" data-mrf-recirculation=\"links-noticia\">seg\u00fan explica la Confederaci\u00f3n Hidrogr\u00e1fica del Guadiana, bas\u00e1ndose en un informe del Instituto Geol\u00f3gico y Minero de Espa\u00f1a<\/a>.<\/p>\n<p class=\"article-text\" style=\"text-align: justify;\">Ese acu\u00edfero se declar\u00f3 definitivamente sobreexplotado en 1994. Ahora, el dep\u00f3sito se considera dividido en tres masas de agua: Mancha Occidental I, Mancha Occidental II y Rus de Vilalobos. Todas est\u00e1n declaradas en mal estado. Las tres presentaban en diciembre de 2022 unos \u00edndices de explotaci\u00f3n (el cociente entre los derechos de extracciones y los recursos disponibles) de 3,41, 2,99 y 3,55 respectivamente. El umbral m\u00e1ximo para considerarlos en riesgo es 0,8.<\/p>\n<p class=\"article-text\" style=\"text-align: justify;\">All\u00ed, ya en 2008, el Plan Especial del Alto Guadiana dec\u00eda: \u201cDe las 20.000-30.000 hect\u00e1reas que ocupaba el regad\u00edo a comienzo de la d\u00e9cada de los setenta se ha pasado a las m\u00e1s de 200.000, con 137.694 de esas hect\u00e1reas situadas sobre acu\u00edferos sobreexplotados\u201d.<\/p>\n<p class=\"article-text\" style=\"text-align: justify;\">Con en el paso del tiempo, la cosa no ha mejorado. Solo un ejemplo de diciembre de 2022: \u201cA pesar de las limitaciones establecidas desde la declaraci\u00f3n en riesgo y del incremento en las labores de vigilancia\u201d, dice la Confederaci\u00f3n, lejos de revertirse el problema se ha producido \u201cun agravamiento del estado cuantitativo de la masa de agua subterr\u00e1nea Mancha Occidental I respecto al que ten\u00eda cuando se declar\u00f3 en riesgo\u201d.<\/p>\n<h3 class=\"article-text\" style=\"text-align: justify;\">El estr\u00e9s h\u00eddrico<\/h3>\n<p class=\"article-text\" style=\"text-align: justify;\">El World Resources Institute eval\u00faa la situaci\u00f3n de estr\u00e9s h\u00eddrico en el mundo por pa\u00edses. Seg\u00fan su an\u00e1lisis, <a class=\"link\" href=\"https:\/\/www.wri.org\/insights\/17-countries-home-one-quarter-worlds-population-face-extremely-high-water-stress\" target=\"_blank\" rel=\"noopener\" data-mrf-recirculation=\"links-noticia\">Espa\u00f1a soporta un nivel alto de estr\u00e9s <\/a>\u2013m\u00e1s del 40% de los recursos disponibles se extraen cada a\u00f1o\u2013. Es el cuarto pa\u00eds de la Uni\u00f3n Europea por detr\u00e1s de Chipre, B\u00e9lgica y Grecia, y por delante de Italia y Portugal. Ocupa el 28\u00ba puesto en el r\u00e1nking mundial.<\/p>\n<p class=\"article-text\" style=\"text-align: justify;\">\u201cTenemos unas demandas, mayoritariamente agrarias, que se sit\u00faan sistem\u00e1ticamente al nivel de los m\u00e1ximos recursos disponibles. Y estamos en un clima donde esos m\u00e1ximos no son la normalidad\u201d, opina la investigadora de la Fundaci\u00f3n Nueva Cultura del Agua, Nuria Hern\u00e1ndez Mora.<\/p>\n<blockquote class=\"quote\">\n<div class=\"quote-wrapper\">\n<p class=\"quote-text\"><em>Las demandas est\u00e1n al nivel de los m\u00e1ximos recursos disponibles. Y estamos en un clima donde esos m\u00e1ximos no son la normalidad. Hay que reducirlas hasta situarlas por debajo de los niveles disponibles ordinarios<\/em><\/p>\n<div class=\"quote-author\"><em><span class=\"name\">Nuria Hern\u00e1ndez Mora<\/span> \u2014 Investigadora de la Fundaci\u00f3n Nueva Cultura del Agua<\/em><\/div>\n<\/div>\n<\/blockquote>\n<p class=\"article-text\" style=\"text-align: justify;\">Y pone un ejemplo: \u201cEl sistema de regulaci\u00f3n general en el Guadalquivir solo ha estado en situaci\u00f3n de normalidad el 36% de los meses transcurridos entre 1980 y 2020. Eso indica que se est\u00e1 produciendo una situaci\u00f3n de sobrexplotaci\u00f3n\u201d.<\/p>\n<p class=\"article-text\" style=\"text-align: justify;\">Al otro lado est\u00e1 la presi\u00f3n econ\u00f3mica. Cada hect\u00e1rea que se pone en regad\u00edo (y recibe agua) multiplica su valor. El precio medio de una hect\u00e1rea para cultivo en Espa\u00f1a es de 10.000 euros. Una hect\u00e1rea de hortalizas cuesta 36.000. Si es bajo invernadero, el precio escala a m\u00e1s de 200.000 euros, <a class=\"link\" href=\"https:\/\/www.mapa.gob.es\/es\/estadistica\/temas\/estadisticas-agrarias\/encuestadepreciosdelatierra2021maquetado_tcm30-628876.pdf\" target=\"_blank\" rel=\"noopener\" data-mrf-recirculation=\"links-noticia\">seg\u00fan la Encuesta de precios de la tierra del Ministerio de Agricultura<\/a>.<\/p>\n<p class=\"article-text\" style=\"text-align: justify;\">Si se compara, una hect\u00e1rea dedicada a frutales de clima subtropical \u2013el aguacate, el mango, n\u00edspero o chirimoyo\u2013 en r\u00e9gimen de secano, cuesta unos 8.000 euros. El mismo terreno y con los mismos \u00e1rboles, si es de regad\u00edo, supera los 113.000 euros. 14 veces m\u00e1s.<\/p>\n<p class=\"article-text\" style=\"text-align: justify;\">\u201cCreo que es evidente que hay que reducir demandas hasta situarlas por debajo de los niveles disponibles ordinarios\u201d, reflexionaba Hern\u00e1ndez Mora durante un an\u00e1lisis de los pr\u00f3ximos planes de sequ\u00eda de Transici\u00f3n Ecol\u00f3gica. E ilustra: \u201cComo con la econom\u00eda familiar, t\u00fa no te gastas la n\u00f3mina y algo m\u00e1s. Vas ahorrando y vas metiendo en la caja de manera que cuando te surge una emergencia, como es la situaci\u00f3n de sequ\u00eda extraordinaria, tienes margen para actuar. Si te est\u00e1s gastando por encima de lo que tienes, cuando llega la emergencia el da\u00f1o es mucho mayor\u201d.<\/p>\n<h3 class=\"article-text\" style=\"text-align: justify;\">Sector rentable, pueblos pobres<\/h3>\n<p class=\"article-text\" style=\"text-align: justify;\">El ministro de Agricultura, Luis Planas, no comparte la visi\u00f3n de que haya un exceso: \u201cEl enfoque no es regad\u00edo s\u00ed o regad\u00edo no, sino que debe ser sostenible y viable si queremos continuar con el nivel de producci\u00f3n y autonom\u00eda alimentaria\u201d. \u201cPara nosotros el regad\u00edo sostenible es absolutamente necesario\u201d, considera el ministro. Su tesis es que no hay que restar tierras, sino escatimar el agua. \u201cLa misi\u00f3n del Gobierno no es reducir la superficie sino reducir los caudales de utilizaci\u00f3n de las dotaciones de agua y de agua disponible utilizados en la agricultura\u201d.<\/p>\n<p class=\"article-text\" style=\"text-align: justify;\">Lo cierto es que buena parte de la producci\u00f3n se dedica a la exportaci\u00f3n. Por ejemplo, de los 6,8 millones de toneladas de c\u00edtricos que se cosechan de media al a\u00f1o, unos 3,7 se mandaron fuera en el ejercicio 2021-2022. Generaron 3.500 millones de euros. Las exportaciones de hortalizas de invernadero vendieron ese curso por valor de 3.200 millones de euros, m\u00e1s otros 2.500 de las fincas al aire libre. Para los frutos rojos, con 440.000 toneladas, las exportaciones generaron 1.315 millones de euros.<\/p>\n<p class=\"article-text\" style=\"text-align: justify;\">Otra cosa es c\u00f3mo ese nicho econ\u00f3mico <em>riega<\/em> luego los beneficios. Porque se da una paradoja: en la provincia de Almer\u00eda, entre los pueblos con menor renta por persona se sit\u00faan los municipios de N\u00edjar y Adra, seg\u00fan la Encuesta de distribuci\u00f3n de rentas del INE. Ambos son dos centros neur\u00e1lgicos de la agricultura bajo invernadero de la provincia.<\/p>\n<p class=\"article-text\" style=\"text-align: justify;\">En Huelva, donde se concentra el 90% de la producci\u00f3n de fresas y frutos rojos, entre los cinco municipios con peores datos de renta se cuentan Rociana del Condado y Almonte. Los dos son contiguos y se sit\u00faan, precisamente, en la corona alrededor de Do\u00f1ana dedicada a estos cultivos.<\/p>\n<h3 class=\"article-text\" style=\"text-align: justify;\">Ni hablar de rebajar<\/h3>\n<p class=\"article-text\" style=\"text-align: justify;\">El ingeniero agr\u00f3nomo y miembro de Ecologistas en Acci\u00f3n Santiago Mart\u00edn Barajas insiste desde hace a\u00f1os en que la reducci\u00f3n debe ser \u201cde un mill\u00f3n de hect\u00e1reas de regad\u00edo\u201d para, repite, \u201crecuperar cierto equilibrio y evitar el colapso h\u00eddrico\u201d. El ecologista opina que la expansi\u00f3n de esta industria \u201ces la mayor amenaza para nuestro medio natural\u201d.<\/p>\n<p class=\"article-text\" style=\"text-align: justify;\">Sin embargo, los regantes contraponen que son cada vez m\u00e1s eficientes a la hora de utilizar el agua y eso \u201cha disminuido la demanda un 15% en los \u00faltimos 20 a\u00f1os\u201d, seg\u00fan explica Juan Valero, secretario general de la Federaci\u00f3n de Regantes Fenacore . El 52% de las hect\u00e1reas utilizan riego localizado por un 24% con riego &#8216;a manta&#8217; (por gravedad).<\/p>\n<p class=\"article-text\" style=\"text-align: justify;\">La apuesta por el regad\u00edo ha sido, desde luego, de alto voltaje. El Estado ha puesto much\u00edsimo dinero en el sector. El Ministerio de Agricultura calcula que \u201cla inversi\u00f3n p\u00fablica para modernizar 1,5 millones de hect\u00e1reas ascendi\u00f3 a 3.000 millones de euros\u201d. Y que eso ha permitido \u201cun ahorro anual de agua de 3.000 hm3\u201d.<\/p>\n<p class=\"article-text\" style=\"text-align: justify;\">Planas anunci\u00f3 este martes otro paquete de 2.130 millones de euros hasta 2027 para \u201cmodernizar regad\u00edos, hacerlos m\u00e1s eficientes y utilizar otras fuentes de agua como la regenerada o la desalada, que supondr\u00e1 un ahorro del 10% en agua\u201d.<\/p>\n<blockquote class=\"quote\">\n<div class=\"quote-wrapper\">\n<p class=\"quote-text\"><em>No tiene sentido pedir reducciones porque las demandas y los recursos de agua se calculan en promedios. Habr\u00e1 a\u00f1os en los que sobre agua<\/em><\/p>\n<div class=\"quote-author\"><em><span class=\"name\">Juan Valero\u00ba<\/span> \u2014 Secretario general de la Federaci\u00f3n Nacional de Regantes Fenacore<\/em><\/div>\n<\/div>\n<\/blockquote>\n<p class=\"article-text\" style=\"text-align: justify;\">As\u00ed que Valero no quiere ni o\u00edr hablar de reducir el regad\u00edo. \u201cNo tiene sentido pedir reducciones porque las demandas y los recursos de agua se calculan en promedios. Habr\u00e1 a\u00f1os en los que sobre agua\u201d, defiende el representante de Fenacore. \u201cHabr\u00e1 a\u00f1os en los que s\u00ed se puedan atender las demandas, generando as\u00ed riqueza y empleo. Reducir no ser\u00eda un planteamiento inteligente. Ir\u00eda contra el inter\u00e9s de Espa\u00f1a\u201d.<\/p>\n<p class=\"article-text\" style=\"text-align: justify;\">Fenacore apuesta en su lugar por ampliar las infraestructuras de regulaci\u00f3n de r\u00edos y almacenamiento: presas, embalses y canalizaciones que, piensan, \u201cpermiten embalsar agua en las \u00e9pocas de lluvia para distribuirla y usarla cuando se necesite\u201d. Tambi\u00e9n se rebelan contra la idea de que \u201clos regantes provocan las sequ\u00edas\u201d. \u201cCuando hay escasez somos el sector m\u00e1s afectado. Y detr\u00e1s de esos da\u00f1os hay dramas humanos\u201d, describe su secretario general.<\/p>\n<p class=\"article-text\" style=\"text-align: justify;\">La idea de construir m\u00e1s presas para almacenar agua \u201ces un hidromito\u201d, contrapone Hern\u00e1ndez Mora. Porque si no llueve no hay qu\u00e9 almacenar. Fenacore defiende que si se reducen los caudales ecol\u00f3gicos de los r\u00edos, habr\u00e1 m\u00e1s agua que embalsar. La propuesta de Transici\u00f3n Ecol\u00f3gica les parece \u201cecologismo radical\u201d.<\/p>\n<p class=\"article-text\" style=\"text-align: justify;\">Esto va en la l\u00ednea que han defendido PP y Vox en las \u00faltimas semanas, seg\u00fan se acercan las elecciones auton\u00f3micas y locales, que han calificado de <a class=\"link\" href=\"https:\/\/www.eldiario.es\/sociedad\/derechas-llaman-desperdicio-rios-lleven-agua-mar_1_9939436.html\" target=\"_blank\" rel=\"noopener\" data-mrf-recirculation=\"links-noticia\">desperdicio que los r\u00edos lleven agua hasta el mar. <\/a><\/p>\n<p class=\"article-text\" style=\"text-align: justify;\">En realidad, la ley establece que ese volumen ecol\u00f3gico de agua<a class=\"link\" href=\"https:\/\/www.boe.es\/buscar\/act.php?id=BOE-A-2001-14276\" target=\"_blank\" rel=\"noopener\" data-mrf-recirculation=\"links-noticia\"> es una exigencia previa antes de que se distribuyan los recursos para sus diferentes usos.<\/a> Es una \u201crestricci\u00f3n\u201d que debe salvaguardarse y, solo despu\u00e9s, podr\u00e1 calcularse cu\u00e1nto se dedica a la industria y, por supuesto, cu\u00e1nto a la agricultura.\u00a0<\/p>\n<p style=\"text-align: justify;\"><a href=\"https:\/\/www.eldiario.es\/autores\/raul_rejon\/\"><strong>Ra\u00fal Rej\u00f3n<\/strong><\/a><\/p>\n<p>https:\/\/www.eldiario.es\/sociedad\/espana-enfrenta-dilema-imposible-campo-multiplica-regadios-pais-agua_1_10120919.html<\/p>\n<\/div>\n<\/div>\n","protected":false},"excerpt":{"rendered":"<p>Ser un territorio que se vuelve m\u00e1s y m\u00e1s \u00e1rido y a la vez situarse&#8230;<\/p>\n","protected":false},"author":1,"featured_media":60811,"comment_status":"closed","ping_status":"closed","sticky":false,"template":"","format":"standard","meta":{"_coblocks_attr":"","_coblocks_dimensions":"","_coblocks_responsive_height":"","_coblocks_accordion_ie_support":"","jetpack_post_was_ever_published":false,"_jetpack_newsletter_access":"","_jetpack_dont_email_post_to_subs":false,"_jetpack_newsletter_tier_id":0,"_jetpack_memberships_contains_paywalled_content":false,"_jetpack_memberships_contains_paid_content":false,"footnotes":"","jetpack_publicize_message":"","jetpack_publicize_feature_enabled":true,"jetpack_social_post_already_shared":false,"jetpack_social_options":{"image_generator_settings":{"template":"highway","default_image_id":0,"enabled":false},"version":2}},"categories":[7725,1161,9,44,7671,15],"tags":[249,10270],"class_list":["post-60810","post","type-post","status-publish","format-standard","has-post-thumbnail","hentry","category-atarfe-sostenible","category-ciudadania","category-medio-ambiente","category-noticias-de-hoy","category-politica","category-ultimas-noticias","tag-agua","tag-tierras-de-regadio"],"jetpack_publicize_connections":[],"jetpack_featured_media_url":"https:\/\/i0.wp.com\/miradordeatarfe.es\/wp-content\/uploads\/2023\/04\/30ed4f91-2613-455b-8219-05d4e1c1b2e0_16-9-discover-aspect-ratio_default_0.jpg?fit=1200%2C675&ssl=1","jetpack_likes_enabled":true,"jetpack_sharing_enabled":true,"_links":{"self":[{"href":"https:\/\/miradordeatarfe.es\/index.php?rest_route=\/wp\/v2\/posts\/60810","targetHints":{"allow":["GET"]}}],"collection":[{"href":"https:\/\/miradordeatarfe.es\/index.php?rest_route=\/wp\/v2\/posts"}],"about":[{"href":"https:\/\/miradordeatarfe.es\/index.php?rest_route=\/wp\/v2\/types\/post"}],"author":[{"embeddable":true,"href":"https:\/\/miradordeatarfe.es\/index.php?rest_route=\/wp\/v2\/users\/1"}],"replies":[{"embeddable":true,"href":"https:\/\/miradordeatarfe.es\/index.php?rest_route=%2Fwp%2Fv2%2Fcomments&post=60810"}],"version-history":[{"count":1,"href":"https:\/\/miradordeatarfe.es\/index.php?rest_route=\/wp\/v2\/posts\/60810\/revisions"}],"predecessor-version":[{"id":60812,"href":"https:\/\/miradordeatarfe.es\/index.php?rest_route=\/wp\/v2\/posts\/60810\/revisions\/60812"}],"wp:featuredmedia":[{"embeddable":true,"href":"https:\/\/miradordeatarfe.es\/index.php?rest_route=\/wp\/v2\/media\/60811"}],"wp:attachment":[{"href":"https:\/\/miradordeatarfe.es\/index.php?rest_route=%2Fwp%2Fv2%2Fmedia&parent=60810"}],"wp:term":[{"taxonomy":"category","embeddable":true,"href":"https:\/\/miradordeatarfe.es\/index.php?rest_route=%2Fwp%2Fv2%2Fcategories&post=60810"},{"taxonomy":"post_tag","embeddable":true,"href":"https:\/\/miradordeatarfe.es\/index.php?rest_route=%2Fwp%2Fv2%2Ftags&post=60810"}],"curies":[{"name":"wp","href":"https:\/\/api.w.org\/{rel}","templated":true}]}}