{"id":60826,"date":"2023-04-23T10:45:29","date_gmt":"2023-04-23T08:45:29","guid":{"rendered":"https:\/\/miradordeatarfe.es\/?p=60826"},"modified":"2023-04-20T13:39:02","modified_gmt":"2023-04-20T11:39:02","slug":"atarfe-abierto-el-plazo-para-el-concurso-del-dia-de-la-cruz-hasta-las-12-horas-del-dia-28-de-abril-de-2023","status":"publish","type":"post","link":"https:\/\/miradordeatarfe.es\/?p=60826","title":{"rendered":"ATARFE:  Abierto el plazo para el Concurso del D\u00eda de la Cruz hasta las 12 horas del d\u00eda 28 de abril de 2023."},"content":{"rendered":"<h3><span class=\"x193iq5w xeuugli x13faqbe x1vvkbs x1xmvt09 x1lliihq x1s928wv xhkezso x1gmr53x x1cpjm7i x1fgarty x1943h6x xudqn12 x3x7a5m x6prxxf xvq8zen xo1l8bm xzsf02u\" dir=\"auto\">Como cada a\u00f1o, el d\u00eda 3 de Mayo, D\u00eda de la Cruz, el Ayuntamiento de Atarfe celebra el tradicional Concurso de Cruces, con el objetivo de disfrutar de unos d\u00edas de alegr\u00eda, fiestas y convivencia con la participaci\u00f3n de los colectivos sociales y educativos de Atarfe.<\/span><\/h3>\n<p><span class=\"x193iq5w xeuugli x13faqbe x1vvkbs x1xmvt09 x1lliihq x1s928wv xhkezso x1gmr53x x1cpjm7i x1fgarty x1943h6x xudqn12 x3x7a5m x6prxxf xvq8zen xo1l8bm xzsf02u\" dir=\"auto\">Bases e inscripci\u00f3n en la web del Ayuntamiento de Atarfe. La inscripci\u00f3n se realiza a trav\u00e9s de la sede electr\u00f3nica o en el registro del Ayuntamiento de Atarfe. <\/span><\/p>\n<p><span class=\"x193iq5w xeuugli x13faqbe x1vvkbs x1xmvt09 x1lliihq x1s928wv xhkezso x1gmr53x x1cpjm7i x1fgarty x1943h6x xudqn12 x3x7a5m x6prxxf xvq8zen xo1l8bm xzsf02u\" dir=\"auto\">EXPONEMOS LAS BASES DE DICHO CONCURSO<br \/>\n<\/span><\/p>\n<div class=\"x1i10hfl xjbqb8w x6umtig x1b1mbwd xaqea5y xav7gou x9f619 x1ypdohk xt0psk2 xe8uvvx xdj266r x11i5rnm xat24cr x1mh8g0r xexx8yu x4uap5 x18d9i69 xkhd6sd x16tdsg8 x1hl2dhg xggy1nq x1a2a7pz xt0b8zv xzsf02u x1s688f\" tabindex=\"0\" role=\"button\">\n<h3 class=\"textLayer\" data-main-rotation=\"0\"><span id=\"page11R_mcid1\" class=\"markedContent\"><\/span><span id=\"page11R_mcid2\" class=\"markedContent\"><\/span><span id=\"page11R_mcid3\" class=\"markedContent\"><br role=\"presentation\" \/><br \/>\n<span dir=\"ltr\" role=\"presentation\">PRINCIPALES ARTICULOS DE LAS BASES DEL CONCURSO DE D\u00cdA DE LA CRUZ 2023<\/span><\/span><span id=\"page11R_mcid4\" class=\"markedContent\"><\/span><\/h3>\n<p class=\"textLayer\" data-main-rotation=\"0\"><span id=\"page11R_mcid4\" class=\"markedContent\"><br role=\"presentation\" \/><br \/>\n<span dir=\"ltr\" role=\"presentation\"><strong>Primera.<\/strong>&#8211;<\/span> <span dir=\"ltr\" role=\"presentation\">INSCRIPCI\u00d3N.<\/span> <span dir=\"ltr\" role=\"presentation\">Podr\u00e1n<\/span> <span dir=\"ltr\" role=\"presentation\">inscribirse<\/span> <span dir=\"ltr\" role=\"presentation\">para<\/span> <span dir=\"ltr\" role=\"presentation\">participar<\/span> <span dir=\"ltr\" role=\"presentation\">en<\/span> <span dir=\"ltr\" role=\"presentation\">el<\/span> <span dir=\"ltr\" role=\"presentation\">Concurso<\/span> <span dir=\"ltr\" role=\"presentation\">de<\/span> <span dir=\"ltr\" role=\"presentation\">Cruces<\/span> <span dir=\"ltr\" role=\"presentation\">aquellas<\/span> <span dir=\"ltr\" role=\"presentation\">personas<\/span> <span dir=\"ltr\" role=\"presentation\">f\u00edsicas<\/span> <span dir=\"ltr\" role=\"presentation\">o<\/span> <span dir=\"ltr\" role=\"presentation\">personas<\/span> <span dir=\"ltr\" role=\"presentation\">jur\u00eddicas<\/span> <span dir=\"ltr\" role=\"presentation\">debidamente constituidas que as\u00ed lo deseen e instalen una Cruz de Mayo,<\/span> <span dir=\"ltr\" role=\"presentation\">en un lugar p\u00fablico, en el municipio de Atarfe,<\/span><\/span><span id=\"page11R_mcid5\" class=\"markedContent\"><\/span><span id=\"page11R_mcid6\" class=\"markedContent\"> <\/span><\/p>\n<p class=\"textLayer\" data-main-rotation=\"0\"><span id=\"page11R_mcid6\" class=\"markedContent\"><span dir=\"ltr\" role=\"presentation\">La inscripci\u00f3n deber\u00e1 efectuarse en el Registro General del Ayuntamiento<\/span> <span dir=\"ltr\" role=\"presentation\">o<\/span> <span dir=\"ltr\" role=\"presentation\">en la Sede<\/span> <span dir=\"ltr\" role=\"presentation\">electr\u00f3nica, en el modelo de<\/span> <span dir=\"ltr\" role=\"presentation\">solicitud que<\/span> <span dir=\"ltr\" role=\"presentation\">se<\/span> <span dir=\"ltr\" role=\"presentation\">acompa\u00f1a,<\/span> <span dir=\"ltr\" role=\"presentation\">desde la publicaci\u00f3n de las bases hasta<\/span> <span dir=\"ltr\" role=\"presentation\">las 12 horas del d\u00eda 28 de abril<\/span> <span dir=\"ltr\" role=\"presentation\">de 2023.<\/span><\/span><span id=\"page11R_mcid7\" class=\"markedContent\"><\/span><\/p>\n<p class=\"textLayer\" data-main-rotation=\"0\"><span id=\"page11R_mcid7\" class=\"markedContent\"><span dir=\"ltr\" role=\"presentation\">Con dicha inscripci\u00f3n se aceptan estas bases. El Ayuntamiento se reserva<\/span> <span dir=\"ltr\" role=\"presentation\">la competencia para resolver cualquier reclamaci\u00f3n que se produzca.<\/span><\/span><span id=\"page11R_mcid8\" class=\"markedContent\"><\/span><span id=\"page11R_mcid9\" class=\"markedContent\"><\/span><\/p>\n<p class=\"textLayer\" data-main-rotation=\"0\"><span id=\"page11R_mcid9\" class=\"markedContent\"><span dir=\"ltr\" role=\"presentation\"><strong>Segunda<\/strong>.- REPRESENTACI\u00d3N.<\/span> <span dir=\"ltr\" role=\"presentation\">Cada una de las Cruces inscritas en el<\/span> <span dir=\"ltr\" role=\"presentation\">Concurso, deber\u00e1 contar con un Representante Oficial, que ser\u00e1 el que<\/span> <span dir=\"ltr\" role=\"presentation\">figure en la solicitud de inscripci\u00f3n.<\/span><\/span><span id=\"page11R_mcid10\" class=\"markedContent\"><br role=\"presentation\" \/><br \/>\n<\/span><\/p>\n<p class=\"textLayer\" data-main-rotation=\"0\"><span id=\"page11R_mcid10\" class=\"markedContent\"><span dir=\"ltr\" role=\"presentation\"><strong>Tercera.<\/strong>-CATEGORIAS.<\/span> <span dir=\"ltr\" role=\"presentation\">Se establecen dos categor\u00edas: Categor\u00eda General<\/span>\u00a0 <span dir=\"ltr\" role=\"presentation\">y Categor\u00eda Infantil (hasta la etapa de educaci\u00f3n primaria).<\/span><\/span><span id=\"page11R_mcid11\" class=\"markedContent\"><br role=\"presentation\" \/><br \/>\n<\/span><\/p>\n<p class=\"textLayer\" data-main-rotation=\"0\"><span id=\"page11R_mcid11\" class=\"markedContent\"><span dir=\"ltr\" role=\"presentation\"><strong>Cuarta.<\/strong>&#8211;<\/span> <span dir=\"ltr\" role=\"presentation\">EL<\/span> <span dir=\"ltr\" role=\"presentation\">JURADO.<\/span> <span dir=\"ltr\" role=\"presentation\">El<\/span> <span dir=\"ltr\" role=\"presentation\">Jurado<\/span> <span dir=\"ltr\" role=\"presentation\">ser\u00e1<\/span> <span dir=\"ltr\" role=\"presentation\">designado<\/span> <span dir=\"ltr\" role=\"presentation\">por<\/span> <span dir=\"ltr\" role=\"presentation\">la<\/span> <span dir=\"ltr\" role=\"presentation\">Concejal\u00eda<\/span> <span dir=\"ltr\" role=\"presentation\">de<\/span> <span dir=\"ltr\" role=\"presentation\">Cultura y estar\u00e1 compuesto por un Presidente y dos Vocales. El Jurado<\/span> <span dir=\"ltr\" role=\"presentation\">visitar\u00e1 las Cruces inscritas el d\u00eda 3 de mayo a partir de las 11,00 horas de<\/span> <span dir=\"ltr\" role=\"presentation\">la<\/span> <span dir=\"ltr\" role=\"presentation\">ma\u00f1ana,<\/span> <span dir=\"ltr\" role=\"presentation\">hora<\/span> <span dir=\"ltr\" role=\"presentation\">en<\/span> <span dir=\"ltr\" role=\"presentation\">que<\/span> <span dir=\"ltr\" role=\"presentation\">deber\u00e1<\/span> <span dir=\"ltr\" role=\"presentation\">estar<\/span> <span dir=\"ltr\" role=\"presentation\">finalizada<\/span> <span dir=\"ltr\" role=\"presentation\">la<\/span> <span dir=\"ltr\" role=\"presentation\">ornamentaci\u00f3n<\/span> <span dir=\"ltr\" role=\"presentation\">completa de cada Cruz que participe en el Concurso.<\/span><\/span><span id=\"page11R_mcid12\" class=\"markedContent\"><\/span><span id=\"page11R_mcid13\" class=\"markedContent\"> <span dir=\"ltr\" role=\"presentation\">El<\/span> <span dir=\"ltr\" role=\"presentation\">Jurado<\/span> <span dir=\"ltr\" role=\"presentation\">iniciar\u00e1<\/span> <span dir=\"ltr\" role=\"presentation\">el<\/span> <span dir=\"ltr\" role=\"presentation\">recorrido<\/span> <span dir=\"ltr\" role=\"presentation\">teniendo<\/span> <span dir=\"ltr\" role=\"presentation\">en<\/span> <span dir=\"ltr\" role=\"presentation\">cuenta<\/span> <span dir=\"ltr\" role=\"presentation\">la<\/span> <span dir=\"ltr\" role=\"presentation\">ubicaci\u00f3n<\/span> <span dir=\"ltr\" role=\"presentation\">de<\/span> <span dir=\"ltr\" role=\"presentation\">las cruces inscritas.<\/span><\/span><span id=\"page11R_mcid14\" class=\"markedContent\"><br role=\"presentation\" \/><br \/>\n<\/span><\/p>\n<p class=\"textLayer\" data-main-rotation=\"0\"><span id=\"page11R_mcid14\" class=\"markedContent\"><span dir=\"ltr\" role=\"presentation\"><strong>Quinta.<\/strong>&#8211;<\/span> <span dir=\"ltr\" role=\"presentation\">PUNTUACIONES.<\/span> <span dir=\"ltr\" role=\"presentation\">Cada<\/span> <span dir=\"ltr\" role=\"presentation\">miembro<\/span> <span dir=\"ltr\" role=\"presentation\">del<\/span> <span dir=\"ltr\" role=\"presentation\">Jurado<\/span> <span dir=\"ltr\" role=\"presentation\">efectuar\u00e1<\/span> <span dir=\"ltr\" role=\"presentation\">su<\/span> <span dir=\"ltr\" role=\"presentation\">calificaci\u00f3n individual para cada Cruz, atendiendo a la siguiente tabla de<\/span> <span dir=\"ltr\" role=\"presentation\">baremaci\u00f3n, la puntuaci\u00f3n para cada it\u00e9ms ser\u00e1 del 1 al 10, siendo el 1 la<\/span> <span dir=\"ltr\" role=\"presentation\">puntuci\u00f3n m\u00e1s baja:<\/span><\/span><span id=\"page11R_mcid15\" class=\"markedContent\"><br role=\"presentation\" \/><br \/>\n<\/span><\/p>\n<p><span class=\"markedContent\"><span class=\"markedContent\"><span dir=\"ltr\" role=\"presentation\"><span id=\"page29R_mcid0\" class=\"markedContent\">&#8211; Elementos simb\u00f3licos tradicionales.<br role=\"presentation\" \/><br \/>\n-Est\u00e9tica general<br role=\"presentation\" \/><br \/>\n-Finalidad.<\/span><span id=\"page29R_mcid1\" class=\"markedContent\"><br role=\"presentation\" \/><br \/>\n<\/span><\/span><\/span><\/span><\/div>\n<div tabindex=\"0\" role=\"button\">\u00a0<\/div>\n<div class=\"x1i10hfl xjbqb8w x6umtig x1b1mbwd xaqea5y xav7gou x9f619 x1ypdohk xt0psk2 xe8uvvx xdj266r x11i5rnm xat24cr x1mh8g0r xexx8yu x4uap5 x18d9i69 xkhd6sd x16tdsg8 x1hl2dhg xggy1nq x1a2a7pz xt0b8zv xzsf02u x1s688f\" tabindex=\"0\" role=\"button\"><span class=\"markedContent\"><span class=\"markedContent\"><span dir=\"ltr\" role=\"presentation\"><span id=\"page29R_mcid1\" class=\"markedContent\"><strong>Sexta.-<\/strong> PREMIOS. Para la presente convocatoria se determinar\u00e1n las siguientes categor\u00edas y premios:<\/span><span id=\"page29R_mcid2\" class=\"markedContent\"><\/span><span id=\"page29R_mcid3\" class=\"markedContent\"><br role=\"presentation\" \/><br \/>\nCATEGOR\u00cdA GENERAL<\/span><span id=\"page29R_mcid4\" class=\"markedContent\"> CATEGOR\u00cdA INFANTIL<\/span><span id=\"page29R_mcid5\" class=\"markedContent\"> ACC\u00c9SIT<\/span><span id=\"page29R_mcid6\" class=\"markedContent\"><\/span><span id=\"page29R_mcid7\" class=\"markedContent\"><br role=\"presentation\" \/><br \/>\n<\/span><\/span><\/span><\/span><\/div>\n<div tabindex=\"0\" role=\"button\">\u00a0<\/div>\n<div class=\"x1i10hfl xjbqb8w x6umtig x1b1mbwd xaqea5y xav7gou x9f619 x1ypdohk xt0psk2 xe8uvvx xdj266r x11i5rnm xat24cr x1mh8g0r xexx8yu x4uap5 x18d9i69 xkhd6sd x16tdsg8 x1hl2dhg xggy1nq x1a2a7pz xt0b8zv xzsf02u x1s688f\" tabindex=\"0\" role=\"button\"><span class=\"markedContent\"><span class=\"markedContent\"><span dir=\"ltr\" role=\"presentation\"><span id=\"page29R_mcid19\" class=\"markedContent\"><a href=\"https:\/\/i0.wp.com\/miradordeatarfe.es\/wp-content\/uploads\/2023\/04\/Screenshot-2023-04-20-at-13-30-26-20230419_Otros_BASES-DIA-DE-LA-CRUZ-2023-1.pdf.png?ssl=1\"><img data-recalc-dims=\"1\" loading=\"lazy\" decoding=\"async\" class=\"alignnone wp-image-60827 size-full\" src=\"https:\/\/i0.wp.com\/miradordeatarfe.es\/wp-content\/uploads\/2023\/04\/Screenshot-2023-04-20-at-13-30-26-20230419_Otros_BASES-DIA-DE-LA-CRUZ-2023-1.pdf.png?resize=640%2C230&#038;ssl=1\" alt=\"\" width=\"640\" height=\"230\" srcset=\"https:\/\/i0.wp.com\/miradordeatarfe.es\/wp-content\/uploads\/2023\/04\/Screenshot-2023-04-20-at-13-30-26-20230419_Otros_BASES-DIA-DE-LA-CRUZ-2023-1.pdf.png?w=766&amp;ssl=1 766w, https:\/\/i0.wp.com\/miradordeatarfe.es\/wp-content\/uploads\/2023\/04\/Screenshot-2023-04-20-at-13-30-26-20230419_Otros_BASES-DIA-DE-LA-CRUZ-2023-1.pdf.png?resize=300%2C108&amp;ssl=1 300w\" sizes=\"auto, (max-width: 640px) 100vw, 640px\" \/><\/a><br role=\"presentation\" \/><br \/>\nEl acc\u00e9sit que recogen estas Bases, no est\u00e1n asignados a ninguna de las dos categor\u00edas, pudiendo recaer indistintamente en una u otra, si as\u00ed lo estimasen los miembros del Jurado.<\/span><span id=\"page29R_mcid20\" class=\"markedContent\"> En ning\u00fan caso los premios son acumulativos.<\/span><span id=\"page29R_mcid21\" class=\"markedContent\"><\/span><span id=\"page29R_mcid22\" class=\"markedContent\"> *Para recibir dichos premios hay que estar al corriente de las obligaciones tributarias con el Ayuntamiento de Atarfe, as\u00ed como Hacienda y la Seguridad Social. El pago de los mismos ser\u00e1 a trav\u00e9s de transferencia bancaria, tras los tr\u00e1mites administrativos que correspondan.<\/span><span id=\"page29R_mcid23\" class=\"markedContent\"><br role=\"presentation\" \/><br \/>\n* Todos los premios quedan sujetos a las retenciones fiscales y legales, que correspondan en cada momento.<\/span><span id=\"page29R_mcid24\" class=\"markedContent\"><\/span><span id=\"page29R_mcid25\" class=\"markedContent\"><\/span><span id=\"page29R_mcid26\" class=\"markedContent\"><br role=\"presentation\" \/><br \/>\n<\/span><\/span><\/span><\/span><\/div>\n<div tabindex=\"0\" role=\"button\">\u00a0<\/div>\n<div tabindex=\"0\" role=\"button\"><a href=\"https:\/\/i0.wp.com\/miradordeatarfe.es\/wp-content\/uploads\/2023\/04\/342028718_1419275225574385_2551918013062819637_n.png?ssl=1\"><img data-recalc-dims=\"1\" loading=\"lazy\" decoding=\"async\" class=\"alignnone wp-image-60828 size-full\" src=\"https:\/\/i0.wp.com\/miradordeatarfe.es\/wp-content\/uploads\/2023\/04\/342028718_1419275225574385_2551918013062819637_n.png?resize=640%2C640&#038;ssl=1\" alt=\"\" width=\"640\" height=\"640\" srcset=\"https:\/\/i0.wp.com\/miradordeatarfe.es\/wp-content\/uploads\/2023\/04\/342028718_1419275225574385_2551918013062819637_n.png?w=2048&amp;ssl=1 2048w, https:\/\/i0.wp.com\/miradordeatarfe.es\/wp-content\/uploads\/2023\/04\/342028718_1419275225574385_2551918013062819637_n.png?resize=300%2C300&amp;ssl=1 300w, https:\/\/i0.wp.com\/miradordeatarfe.es\/wp-content\/uploads\/2023\/04\/342028718_1419275225574385_2551918013062819637_n.png?resize=1024%2C1024&amp;ssl=1 1024w, https:\/\/i0.wp.com\/miradordeatarfe.es\/wp-content\/uploads\/2023\/04\/342028718_1419275225574385_2551918013062819637_n.png?resize=150%2C150&amp;ssl=1 150w, https:\/\/i0.wp.com\/miradordeatarfe.es\/wp-content\/uploads\/2023\/04\/342028718_1419275225574385_2551918013062819637_n.png?resize=768%2C768&amp;ssl=1 768w, https:\/\/i0.wp.com\/miradordeatarfe.es\/wp-content\/uploads\/2023\/04\/342028718_1419275225574385_2551918013062819637_n.png?resize=1536%2C1536&amp;ssl=1 1536w, https:\/\/i0.wp.com\/miradordeatarfe.es\/wp-content\/uploads\/2023\/04\/342028718_1419275225574385_2551918013062819637_n.png?resize=1320%2C1320&amp;ssl=1 1320w, https:\/\/i0.wp.com\/miradordeatarfe.es\/wp-content\/uploads\/2023\/04\/342028718_1419275225574385_2551918013062819637_n.png?w=1920&amp;ssl=1 1920w\" sizes=\"auto, (max-width: 640px) 100vw, 640px\" \/><\/a><\/div>\n<div tabindex=\"0\" role=\"button\">\u00a0<\/div>\n<div class=\"x1i10hfl xjbqb8w x6umtig x1b1mbwd xaqea5y xav7gou x9f619 x1ypdohk xt0psk2 xe8uvvx xdj266r x11i5rnm xat24cr x1mh8g0r xexx8yu x4uap5 x18d9i69 xkhd6sd x16tdsg8 x1hl2dhg xggy1nq x1a2a7pz xt0b8zv xzsf02u x1s688f\" tabindex=\"0\" role=\"button\">\n<div class=\"page\" role=\"region\" data-page-number=\"5\" aria-label=\"P\u00e1gina 5\" data-loaded=\"true\">\n<div class=\"annotationLayer\" data-main-rotation=\"0\">\u00a0<\/div>\n<\/div>\n<div class=\"page\" role=\"region\" data-page-number=\"6\" aria-label=\"P\u00e1gina 6\" data-loaded=\"true\">\n<div class=\"canvasWrapper\">DEMAS\u00a0 ARTICULADO _: <a href=\"https:\/\/atarfe.sedelectronica.es\/info.0?x=Q2rWtsOeD75hGslEfGJvqLYDge7rJGh7SX6NTEvTXqiQ3xCcE*VpjfqwE1PIORt1B303jwlMaG0ywHrOh4yYrjNumyglVG5SPv76M*BIMKFEWTOx8KTwxV65P8KGRtg*\">https:\/\/atarfe.sedelectronica.es\/info.0?x=Q2rWtsOeD75hGslEfGJvqLYDge7rJGh7SX6NTEvTXqiQ3xCcE*VpjfqwE1PIORt1B303jwlMaG0ywHrOh4yYrjNumyglVG5SPv76M*BIMKFEWTOx8KTwxV65P8KGRtg*<\/a><\/div>\n<\/div>\n<p><span class=\"markedContent\"><span dir=\"ltr\" role=\"presentation\"><br \/>\n<\/span><\/span><\/div>\n","protected":false},"excerpt":{"rendered":"<p>Como cada a\u00f1o, el d\u00eda 3 de Mayo, D\u00eda de la Cruz, el Ayuntamiento de&#8230;<\/p>\n","protected":false},"author":1,"featured_media":60829,"comment_status":"closed","ping_status":"closed","sticky":false,"template":"","format":"standard","meta":{"_coblocks_attr":"","_coblocks_dimensions":"","_coblocks_responsive_height":"","_coblocks_accordion_ie_support":"","jetpack_post_was_ever_published":false,"_jetpack_newsletter_access":"","_jetpack_dont_email_post_to_subs":false,"_jetpack_newsletter_tier_id":0,"_jetpack_memberships_contains_paywalled_content":false,"_jetpack_memberships_contains_paid_content":false,"footnotes":"","jetpack_publicize_message":"","jetpack_publicize_feature_enabled":true,"jetpack_social_post_already_shared":false,"jetpack_social_options":{"image_generator_settings":{"template":"highway","default_image_id":0,"enabled":false},"version":2}},"categories":[12,6916,1161,44,15],"tags":[8652,81,4293,536],"class_list":["post-60826","post","type-post","status-publish","format-standard","has-post-thumbnail","hentry","category-cultura","category-ayuntamiento-de-atarfe","category-ciudadania","category-noticias-de-hoy","category-ultimas-noticias","tag-8652","tag-atarfe","tag-ayuntamiento-de-atarfe","tag-cruces-de-mayo"],"jetpack_publicize_connections":[],"jetpack_featured_media_url":"https:\/\/i0.wp.com\/miradordeatarfe.es\/wp-content\/uploads\/2023\/04\/31948892_1771466036250592_6385963134691049472_n-1.jpg?fit=960%2C639&ssl=1","jetpack_likes_enabled":true,"jetpack_sharing_enabled":true,"_links":{"self":[{"href":"https:\/\/miradordeatarfe.es\/index.php?rest_route=\/wp\/v2\/posts\/60826","targetHints":{"allow":["GET"]}}],"collection":[{"href":"https:\/\/miradordeatarfe.es\/index.php?rest_route=\/wp\/v2\/posts"}],"about":[{"href":"https:\/\/miradordeatarfe.es\/index.php?rest_route=\/wp\/v2\/types\/post"}],"author":[{"embeddable":true,"href":"https:\/\/miradordeatarfe.es\/index.php?rest_route=\/wp\/v2\/users\/1"}],"replies":[{"embeddable":true,"href":"https:\/\/miradordeatarfe.es\/index.php?rest_route=%2Fwp%2Fv2%2Fcomments&post=60826"}],"version-history":[{"count":2,"href":"https:\/\/miradordeatarfe.es\/index.php?rest_route=\/wp\/v2\/posts\/60826\/revisions"}],"predecessor-version":[{"id":60831,"href":"https:\/\/miradordeatarfe.es\/index.php?rest_route=\/wp\/v2\/posts\/60826\/revisions\/60831"}],"wp:featuredmedia":[{"embeddable":true,"href":"https:\/\/miradordeatarfe.es\/index.php?rest_route=\/wp\/v2\/media\/60829"}],"wp:attachment":[{"href":"https:\/\/miradordeatarfe.es\/index.php?rest_route=%2Fwp%2Fv2%2Fmedia&parent=60826"}],"wp:term":[{"taxonomy":"category","embeddable":true,"href":"https:\/\/miradordeatarfe.es\/index.php?rest_route=%2Fwp%2Fv2%2Fcategories&post=60826"},{"taxonomy":"post_tag","embeddable":true,"href":"https:\/\/miradordeatarfe.es\/index.php?rest_route=%2Fwp%2Fv2%2Ftags&post=60826"}],"curies":[{"name":"wp","href":"https:\/\/api.w.org\/{rel}","templated":true}]}}