{"id":60838,"date":"2023-04-23T10:06:44","date_gmt":"2023-04-23T08:06:44","guid":{"rendered":"https:\/\/miradordeatarfe.es\/?p=60838"},"modified":"2023-04-23T12:27:02","modified_gmt":"2023-04-23T10:27:02","slug":"23-de-abril-dia-del-libro-2","status":"publish","type":"post","link":"https:\/\/miradordeatarfe.es\/?p=60838","title":{"rendered":"23 DE ABRIL DIA DEL LIBRO"},"content":{"rendered":"<h3 style=\"text-align: justify;\"><span class=\"ILfuVd\" lang=\"es\"><span class=\"hgKElc\">El <b>D\u00eda del Libro<\/b> se celebra cada <b>23 de abril<\/b> desde 1930 en Espa\u00f1a, y se escogi\u00f3 esta fecha clave <b>porque<\/b> guardaba relaci\u00f3n con el \u00e1mbito literario, pues fue el <b>d\u00eda<\/b> en el que falleci\u00f3 Miguel de Cervantes, William Shakespeare e Inca Garcilaso de la Vega, en el a\u00f1o 1616.<\/span><\/span><\/h3>\n<p style=\"text-align: justify;\"><span class=\"ILfuVd\" lang=\"es\"><span class=\"hgKElc\"><b>La tradici\u00f3n manda que ese d\u00eda se regale un libro a los hombres y una rosa a las mujeres<\/b>. As\u00ed, ciudades como Barcelona se transforman en una enorme librer\u00eda-florister\u00eda al aire libre, repleta de puestos con autores firmando ejemplares.<\/span><\/span><\/p>\n<div style=\"text-align: justify;\">\n<div class=\"dnXCYb\" tabindex=\"0\" role=\"button\" aria-controls=\"_CgFFZIzdDp-fkdUPwpmOoAQ_41\" aria-expanded=\"true\" data-hveid=\"CBwQAQ\">\n<h3 class=\"JlqpRe\"><span class=\"JCzEY ZwRhJd\"><span class=\"CSkcDe\">\u00bfQu\u00e9 significa el D\u00eda del Libro?<\/span><\/span><\/h3>\n<\/div>\n<\/div>\n<div id=\"_CgFFZIzdDp-fkdUPwpmOoAQ_41\" class=\"bCOlv\" data-ved=\"2ahUKEwiMivrY3r_-AhWfT6QEHcKMA0QQ7NUEegQIHBAE\">\n<div class=\"IZE3Td\">\n<div class=\"t0bRye r2fjmd\" data-hveid=\"CBwQBQ\" data-ved=\"2ahUKEwiMivrY3r_-AhWfT6QEHcKMA0QQu04oAHoECBwQBQ\">\n<div id=\"CgFFZIzdDp-fkdUPwpmOoAQ__37\">\n<div class=\"wDYxhc\" data-md=\"61\">\n<div class=\"LGOjhe\" style=\"text-align: justify;\" role=\"heading\" data-attrid=\"wa:\/description\" aria-level=\"3\" data-hveid=\"CBkQAA\"><span class=\"ILfuVd\" lang=\"es\"><span class=\"hgKElc\">El D\u00eda del Libro <b>es un motivo para celebrar la importancia de la lectura, fomentar el crecimiento de los ni\u00f1os y ni\u00f1as como lectores y promover el amor a la literatura<\/b>.<\/span><\/span><\/div>\n<div role=\"heading\" data-attrid=\"wa:\/description\" aria-level=\"3\" data-hveid=\"CBkQAA\">\n<h2 style=\"text-align: justify;\" contenteditable=\"false\">\u00bfPor qu\u00e9 se celebra el D\u00eda del Libro?\u00a0<\/h2>\n<p style=\"text-align: justify;\" contenteditable=\"false\">Seguro que te preguntar\u00e1s por qu\u00e9 se eligi\u00f3 este d\u00eda. Pues nada m\u00e1s y nada menos porque el 23 de abril de 1616 murieron los escritores <strong contenteditable=\"false\"><a contenteditable=\"false\" href=\"https:\/\/www.planetadelibros.com\/autor\/miguel-de-cervantes\/000003243\" target=\"_blank\" rel=\"noopener\">Miguel de Cervantes<\/a>, <a contenteditable=\"false\" href=\"https:\/\/www.planetadelibros.com\/autor\/william-shakespeare\/000004347\" target=\"_blank\" rel=\"noopener\">William Shakespeare<\/a> y Garcilaso de la Vega<\/strong>, aunque hay voces que apuntan a que Cervantes muri\u00f3 el d\u00eda 22 y Shakespeare el 23, seg\u00fan el calendario juliano.\u00a0El D\u00eda del Libro tambi\u00e9n coincide con la muerte y el nacimiento de otras figuras literarias destacadas como <strong contenteditable=\"false\">Maurice Druon, Haldor K.Laxness, Vladimir Nabokov, <a contenteditable=\"false\" href=\"https:\/\/www.planetadelibros.com\/autor\/josep-pla\/000002452\" target=\"_blank\" rel=\"noopener\">Josep Pla<\/a>, <a contenteditable=\"false\" href=\"https:\/\/www.planetadelibros.com\/autor\/manuel-mejia\/000043913\" target=\"_blank\" rel=\"noopener\">Manuel Mej\u00eda Vallejo<\/a> o William Wordsworth. <\/strong>Motivos m\u00e1s que suficientes para se\u00f1alar la fecha en el calendario y celebrar la magia de la literatura.<\/p>\n<p style=\"text-align: justify;\" contenteditable=\"false\">El primer D\u00eda Internacional del Libro que se celebr\u00f3 fue el 7 de octubre de 1926. Y quien tuvo la idea de conmemorar el nacimiento de Miguel de Cervantes fue el escritor catal\u00e1n Vicente Clavel Andr\u00e9s. Propuso la idea de establecer un d\u00eda oficial del libro a la C\u00e1mara Oficial del Libro de Barcelona, y el d\u00eda 7 de octubre qued\u00f3 marcado como la <strong contenteditable=\"false\">Fiesta del Libro Espa\u00f1ol<\/strong>.<\/p>\n<p style=\"text-align: justify;\" contenteditable=\"false\">Aun as\u00ed, al cabo de los a\u00f1os se empez\u00f3 a cuestionar si esta fecha era realmente el nacimiento de Cervantes. Y por esta raz\u00f3n \u2014y tambi\u00e9n porque parec\u00eda m\u00e1s pr\u00e1ctico hacer una celebraci\u00f3n al aire libre en una \u00e9poca de m\u00e1s calor\u2014\u00a0en 1930 se decidi\u00f3 mover el D\u00eda del Libro al <strong contenteditable=\"false\">23 de abril<\/strong>. Esta fecha acabar\u00eda coincidiendo con el d\u00eda de <strong contenteditable=\"false\">Sant Jordi<\/strong>, patr\u00f3n de Catalu\u00f1a, Arag\u00f3n e Inglaterra.<\/p>\n<p style=\"text-align: justify;\" contenteditable=\"false\">Si bien al principio la fiesta ten\u00eda m\u00e1s importancia en ciudades universitarias, con el paso de los a\u00f1os cada ciudad empez\u00f3 a celebrar este d\u00eda de una manera \u00fanica y diferente, instaurando sus propias tradiciones y valores. Todo ello para fomentar la lectura, agradecer a los maestros de la literatura y disfrutar de la literatura de una manera m\u00e1s amena y divertida. Porque se celebra el D\u00eda del Libro de mil y una formas, y nos encanta ver la diversidad que toma las calles en esta fecha.\u00a0<\/p>\n<p style=\"text-align: justify;\" contenteditable=\"false\">La <strong contenteditable=\"false\">UNESCO<\/strong> aprob\u00f3 celebrar este d\u00eda en 1995, despu\u00e9s de que la Uni\u00f3n Internacional de Editores propusiera celebrar este d\u00eda para fomentar la cultura literaria y proteger a su vez la propiedad intelectual. La organizaci\u00f3n tiene como objetivo apoyar <strong contenteditable=\"false\">la creatividad, la diversidad y la igualdad de acceso al conocimiento<\/strong>, as\u00ed como mostrar que defiende el libro y el derecho del autor. En su sede, cada a\u00f1o tiene lugar un evento importante donde editoriales, autores y artistas comparten su amor por la literatura conduciendo talleres para los m\u00e1s j\u00f3venes.<\/p>\n<p style=\"text-align: justify;\" contenteditable=\"false\">\u00abLos libros tienen esa capacidad \u00fanica de entretenernos, de instruirnos, de ser a la vez el instrumento que sirve para salir de s\u00ed mismo y para encontrarse con un autor, una autora, un universo o una cultura, y de ofrecer un tiempo para sumergirse m\u00e1s profundamente en s\u00ed mismo\u00bb. No podemos estar m\u00e1s de acuerdo con Audrey Azoulay, Directora General de la UNESCO.<\/p>\n<h3 style=\"text-align: justify;\" contenteditable=\"false\">\u00bfC\u00f3mo se celebra el D\u00eda del Libro en Espa\u00f1a?\u00a0<\/h3>\n<p style=\"text-align: justify;\" contenteditable=\"false\">En <strong contenteditable=\"false\">Catalu\u00f1a<\/strong> la jornada coincide con el<strong contenteditable=\"false\"> D\u00eda de Sant Jordi<\/strong>, que <a contenteditable=\"false\" href=\"https:\/\/www.planetadelibros.com\/blog\/actualidad\/15\/articulo\/donde-se-celebra-sant-jordi-y-el-dia-del-libro\/383\" target=\"_blank\" rel=\"noopener\">se celebra a lo grande<\/a>. Partiendo de la <a contenteditable=\"false\" href=\"https:\/\/www.planetadelibros.com\/blog\/actualidad\/15\/articulo\/la-leyenda-de-sant-jordi\/377\" target=\"_blank\" rel=\"noopener\"><strong contenteditable=\"false\">leyenda que da nombre a la fecha<\/strong><\/a>, durante el D\u00eda de Sant Jordi los hombres tradicionalmente regalan rosas a sus parejas y ellas\u00a0les regalan libros, aunque con el tiempo se ha vuelto muy habitual ver rosas y libros en manos de todos. As\u00ed\u00a0es <strong contenteditable=\"false\"><a contenteditable=\"false\" href=\"https:\/\/www.planetadelibros.com\/blog\/actualidad\/15\/dias-internacionales\/13\/articulo\/dia-de-sant-jordi-que-es-y-como-se-celebra\/224\" target=\"_blank\" rel=\"noopener\">c\u00f3mo se celebra este d\u00eda<\/a><\/strong> tan especial que transforma a Barcelona y las dem\u00e1s capitales catalanas en un paseo lleno de mercadillos de rosas y puestos de escritores firmando ejemplares.\u00a0<\/p>\n<p style=\"text-align: justify;\" contenteditable=\"false\"><strong contenteditable=\"false\">Madrid<\/strong> celebra la <strong contenteditable=\"false\">Noche de los Libros<\/strong>, donde las librer\u00edas abren hasta medianoche y cuentan con un sinf\u00edn de actividades culturales, eventos con m\u00fasica en directo y firmas de libros con escritores. Adem\u00e1s, todos los libros se venden con un<strong contenteditable=\"false\"> 10% de descuento especial<\/strong> porque es el D\u00eda del Libro.\u00a0<\/p>\n<p style=\"text-align: justify;\" contenteditable=\"false\">Adem\u00e1s en esta jornada que simboliza el libro y la importancia de estos en la cultura, se aprovecha para entregar el <strong contenteditable=\"false\">Premio Cervantes, <\/strong>un galard\u00f3n con mucho prestigio que se otorga a autores hispanoamericanos en la localidad de Alcal\u00e1 de Henares, lugar de nacimiento de Miguel de Cervantes.\u00a0<\/p>\n<p style=\"text-align: justify;\" contenteditable=\"false\">En la capital tambi\u00e9n se realiza la lectura continuada de una de las grandes obras de la literatura espa\u00f1ola,\u00a0<em contenteditable=\"false\">Don Quijote de la Manch<\/em>a. Se trata de 48 horas ininterrumpidas en las que escritores y personas insignes del mundo de la cultura participan en la lectura del Quijote en la Sala de Columnas del C\u00edrculo de Bellas Artes.<\/p>\n<p style=\"text-align: justify;\" contenteditable=\"false\">Y estos son s\u00f3lo algunos de los eventos que tienen lugar en el D\u00eda del Libro: ciudades grandes y peque\u00f1as, pueblos, asociaciones y entidades de todo tipo salen el 23 de abril a la calle para vivir la fiesta del libro como se merece. As\u00ed que hay mil planes para escoger c\u00f3mo celebrar el D\u00eda mundial del Libro y renovar nuestro amor por la literatura en un d\u00eda lleno de magia.\u00a0<\/p>\n<h2 class=\"pg-bkn-headline\" style=\"text-align: justify;\">Granada celebra el D\u00eda del Libro con un\u00a0 sector que coge fuerza gracias a los j\u00f3venes<\/h2>\n<ul class=\"summary\">\n<li class=\"summary-entry fa-i\" style=\"text-align: justify;\">\n<p>Los h\u00e1bitos de lectura crecen respecto al a\u00f1o anterior y se estabiliza el crecimiento del formato digital, elegido s\u00f3lo por el 18% de los encuestados\u00a0<\/p>\n<\/li>\n<li style=\"text-align: justify;\">\n<p class=\"mce\">Este domingo <strong class=\"mce\">Granada<\/strong> celebra el <a class=\"mce\" href=\"https:\/\/www.granadahoy.com\/ocio\/libreros-celebran-Dia-Libro_0_1567344686.html\" rel=\"dofollow\">D\u00eda del Libro<\/a> sin rosas pero con algunas de las principales calles del centro copadas por los puestos de una feria dedicada a uno de los productos culturales que m\u00e1s alegr\u00edas ha dado y siguen dando a la humanidad. Pese a que los augurios suelen ser tan agoreros como esnob, las tendencias en lectura son buenas y todo apunta a que el sector seguir\u00e1 creciendo en los pr\u00f3ximos a\u00f1os. Seg\u00fan el\u00a0estudio <strong class=\"mce\"><em class=\"mce\">H\u00e1bitos de Lectura y Compra de Libros en Espa\u00f1a<\/em><\/strong>\u00a0publicado en marzo de 2023 por la Federaci\u00f3n de Gremios de Editores de Espa\u00f1a, el 68,4% de la poblaci\u00f3n espa\u00f1ola lee libros, un 64,8% por ocio en su tiempo libre (cifra estable respecto al a\u00f1o 2021 aunque manteniendo con un ligero incremento) y un 22,6%\u00a0 lo hace por motivos de trabajo o estudios.<\/p>\n<p class=\"mce\"><strong class=\"mce\">Ana del Arco<\/strong>, directora de publicaciones de la editorial granadina Comares y presidenta de la <strong class=\"mce\">Asociaci\u00f3n de Editores de Andaluc\u00eda<\/strong>, destaca \u00abla fuerza del sector en Granada\u00bb, lo que \u00abse refleja en la existencia de antiguos agentes ya consolidados pero tambi\u00e9n en otros nuevos\u00bb. \u00abEn los \u00faltimos a\u00f1os siguen incorpor\u00e1ndose a la cadena del libro editoriales y librer\u00edas. Entre las librer\u00edas de reciente creaci\u00f3n, <strong class=\"mce\">Tremenda o Insual\u00a0<\/strong>destacan con novedades fuera de los cat\u00e1logos habituales\u00bb.<\/p>\n<\/li>\n<li>\n<div class=\"pg-body\">\n<div class=\"mce-body \">\n<p class=\"mce\" style=\"text-align: justify;\">ara la presidenta de la Asociaci\u00f3n de Editores andaluces, \u00ablas<strong class=\"mce\"> librer\u00edas,<\/strong> al igual que las bibliotecas, son muy relevantes para la agenda cultural de la ciudad\u00bb. \u00abEllas, adem\u00e1s de gestionar la ingente cantidad de novedades que reciben a diario, crean lugares de encuentro, <strong class=\"mce\">clubes de lectura<\/strong> (incluso en otros idiomas), y fomentan h\u00e1bitos lectores. La salud del sector editorial pasa en parte por el respeto a la cadena de agentes: autores, editoriales, distribuidoras, librer\u00edas, bibliotecas y p\u00fablico lector\u00bb, comenta. Seg\u00fan el informe, el 26,2% de la poblaci\u00f3n ha ido a una biblioteca en 2022, siendo las p\u00fablicas el tipo con m\u00e1s visitas (89,7%). Adem\u00e1s, estos espacios reciben una muy buena valoraci\u00f3n (8,3 sobre 10).<\/p>\n<h2 class=\"mce\" style=\"text-align: justify;\">Editoriales granadinas<\/h2>\n<p class=\"mce\" style=\"text-align: justify;\">Entre las editoriales de nueva creaci\u00f3n, Del Arco destaca \u00absellos tan acertados y oportunos como Son\u00e1mbulos\u00bb.\u00a0 Tambi\u00e9n editorial veteranas consolidadas como\u00a0<strong class=\"mce\">Valpara\u00edso,<\/strong>\u00a0<strong class=\"mce\">Cuadernos del Vig\u00eda, Esdr\u00fajula<\/strong> o <strong class=\"mce\">Miguel S\u00e1nchez<\/strong>\u00ab. \u00abTienen un papel determinante en el fomento de la lectura las editoriales de libro infantil. En Granada tenemos una que representa la edici\u00f3n cuidada, los contenidos tratados al detalle y la sensibilidad: <strong class=\"mce\">B\u00e1rbara Fiori,\u00a0<\/strong>que este a\u00f1o recibe el premio de la feria por una trayectoria editorial impecable\u00bb,\u00a0 agrega sobre uno de los sectores, el del libro infantil y juvenil, que est\u00e1 teniendo m\u00e1s \u00e9xitos.<br aria-hidden=\"true\" \/><br \/>\n<br aria-hidden=\"true\" \/><br \/>\n\u00abOtro elemento dinamizador muy importante en Granada es la <strong class=\"mce\">Biblioteca de Andaluc\u00eda<\/strong>. <strong class=\"mce\">Javier \u00c1lvarez<\/strong> ha sabido hacer de este espacio un \u00abhogar\u00bb, una casa de tal dimensiones como la val\u00eda de los profesionales que la asisten\u00bb, apunta la editora, que junto a la labor de la Junta de Andaluc\u00eda destaca la de otra instituci\u00f3n: la Universidad de Granada. \u00abEntre las editoriales cient\u00edfico-t\u00e9cnicas, merece distinguirse a la de la UGR, cuya directora,\u00a0<strong class=\"mce\">Maribel Cabrer<\/strong>a, es a su vez presidenta de la <strong class=\"mce\">Asociaci\u00f3n Espa\u00f1ola de Editoriales Universitarias<\/strong>. La\u00a0Universidad genera una producci\u00f3n del m\u00e1s alto nivel en este \u00e1mbito. Esos trabajos de investigaci\u00f3n son una fuente muy relevante de libros cient\u00edfico-t\u00e9cnicos en espa\u00f1ol. Las editoriales somos un eje fundamental para el fortalecimiento del espa\u00f1ol no s\u00f3lo como lengua de cultura, sino como lengua de ciencia\u00bb. En ese terreno, la editorial de la que ella es responsable, <strong class=\"mce\">Comares<\/strong>\u00a0posee el puesto 6 entre las editoriales espa\u00f1olas de prestigio seg\u00fan el ranking de CSIC.<\/p>\n<h2 class=\"mce\" style=\"text-align: justify;\">G\u00e9neros<\/h2>\n<p class=\"mce\" style=\"text-align: justify;\">\u00abEn cuanto a la l\u00ednea editorial, la <strong class=\"mce\">narrativa y la poes\u00eda<\/strong>\u00a0dir\u00eda que ocupan el grueso de la producci\u00f3n editorial de la ciudad de Granada. Tambi\u00e9n existe una producci\u00f3n considerable por parte de <strong class=\"mce\">instituciones<\/strong> y de organismos p\u00fablicos. Aunque ser\u00eda deseable que usen m\u00e1s la figura de las co-ediciones para fomentar la colaboraci\u00f3n p\u00fablico-privada\u00bb, agrega.\u00a0<\/p>\n<h2 class=\"mce\" style=\"text-align: justify;\">H\u00e1bitos<\/h2>\n<p class=\"mce\" style=\"text-align: justify;\">Seg\u00fan el informe, la <strong class=\"mce\">media de lectura es de 10,1 libros al a\u00f1o<\/strong>. Teniendo en cuenta la lectura en tiempo libre tanto de libros como de c\u00f3mics, el 66,2% de la poblaci\u00f3n ha le\u00eddo en los \u00faltimos tres meses.\u00a0El n\u00famero de lectores frecuentes se mantiene estable: un 53,5% lee con frecuencia semanal. El porcentaje de mujeres lectoras de libros en tiempo libre es significativamente superior al de los hombres en todos los grupos de edad, especialmente de los 25 a los 34 a\u00f1os. Como parece l\u00f3gico, cuanto mayor es el nivel de estudios finalizados, mayor es la proporci\u00f3n de lectores de libros por ocio. Asimismo, se observa un leve descenso en la tasa de lectura en el nivel de formaci\u00f3n m\u00e1s bajo.<\/p>\n<p class=\"mce\" style=\"text-align: justify;\">Madrid, Catalu\u00f1a, Navarra, Pa\u00eds Vasco, La Rioja y Arag\u00f3n son las Comunidades Aut\u00f3nomas con una ratio de lectores en tiempo libre superior a la media. Por el contrario, Valencia, Asturias, Baleares, Cantabria, Castilla y Le\u00f3n, Galicia, Murcia, <strong class=\"mce\">Andaluc\u00eda,<\/strong> Castilla-La Mancha, Canarias y Extremadura obtienen valores por debajo de la media nacional.<\/p>\n<p class=\"mce\" style=\"text-align: justify;\">En ese sentido<strong class=\"mce\"> Juan Mata,<\/strong> profesor jubilado del Departamento de Did\u00e1ctica de la Lengua y la Literatura de la UGR; Premio de la Feria del Libro de Granada 1998, <strong class=\"mce\">Premio Andaluz de Fomento de la lectura 2002<\/strong> y uno de los fundadores de la <a class=\"mce\" href=\"https:\/\/www.asociacionentrelibros.es\/\" rel=\"dofollow\">Asociaci\u00f3n Entrelibros<\/a> -uno de los colectivos ciudadanos que m\u00e1s han hecho por fomentar este h\u00e1bito en la provincia y fuera de ella- se\u00f1ala que estas cifras se arrastran como resultado del alto \u00edndice de poblaci\u00f3n mayor con un bajo nivel formativo. Una consecuencia directa de las situaci\u00f3n econ\u00f3mica que se vivi\u00f3 en ciertas comunidades espa\u00f1olas durante muchos a\u00f1os, lo que oblig\u00f3 a varias generaciones a abandonar los estudios para trabajar a edades tempranas, un fen\u00f3meno que incidi\u00f3 m\u00e1s en las regiones m\u00e1s pobres del pa\u00eds.\u00a0Ese hecho que todav\u00eda se refleja en este tipo de encuestas (a partir de los 65 a\u00f1os, el h\u00e1bito de leer un libro al trimestre desciende al 51%) aunque se aprecia un aumento de los lectores en esa franja respecto a a\u00f1os anteriores. As\u00ed, seg\u00fan los datos del estudio, en 2012 el porcentaje de lectura en Andaluc\u00eda era de 55% mientras que ahora se alcanza el 59,7%. Sin embargo, a\u00fan queda un trecho hasta alcanzar el 74% de Madrid, la primera comunidad en el ranking.\u00a0<\/p>\n<h2 class=\"mce\" style=\"text-align: justify;\">Motivos<\/h2>\n<p class=\"mce\" style=\"text-align: justify;\">La <strong class=\"mce\">falta de tiempo libre<\/strong> es el principal motivo por el que el 44% de los encuestados\u00a0no coge un libro con mayor frecuencia. Adem\u00e1s, uno\u00a0de cada tres afirma no leer m\u00e1s por falta de inter\u00e9s y porque optan por otros entretenimientos. En ese sentido Mata matiza que hay que superar las visiones elitistas de la lectura y se\u00f1ala la precariedad laboral, con la escasez de tiempo de descanso y las dificultades econ\u00f3micas que conlleva, como parte del problema. Sin embargo, el experto en cuestiones de fomento de la lectura huye de las cifras en estos temas. \u00abHay quien puede leer muchos libros al a\u00f1o y otra persona lee dos pero de ellos obtiene mucho m\u00e1s provecho en su vida\u00bb, cuenta Mata, quien resalta la importancia de los clubes de lectura en ese sentido.\u00a0<\/p>\n<h2 class=\"mce\" style=\"text-align: justify;\">Formatos<\/h2>\n<p class=\"mce\" style=\"text-align: justify;\">En cuanto a g\u00e9neros, la novela y el cuento han sido los elegidos por el\u00a070,6% de los encuestados. Y en cuanto al formato, el<strong class=\"mce\"> 53% ley\u00f3 en papel<\/strong> (edici\u00f3n r\u00fastica), un <strong class=\"mce\">28,5% opt\u00f3 por libros bolsillo<\/strong> y el 18% se decant\u00f3 por la modalidad digital. El E-Reader (12,9%) y la Tablet (10,3%) siguen siendo los dispositivos m\u00e1s utilizados entre los lectores de libros digitales, aunque el tel\u00e9fono m\u00f3vil contin\u00faa con una tendencia creciente.<\/p>\n<p class=\"mce\" style=\"text-align: justify;\">Ana del Arco, que a su vez es\u00a0<a class=\"mce\" href=\"https:\/\/www.gomezdemercado.es\/AA\/\" target=\"_blank\" rel=\"noopener noreferrer\" data-auth=\"NotApplicable\" data-safelink=\"true\" data-linkindex=\"2\">abogada de propiedad intelectual,<\/a>\u00a0reconoce que las previsiones de libros digitales no se est\u00e1n cumpliendo, aunque esas cifras pueden verse afectadas por el <strong class=\"mce\">pirateo,<\/strong> pues el 66,3% de los lectores de libros en formato digital se los descarga gratuitamente. Adem\u00e1s, uno de cada cinco encuestados no sabe distinguir si la descarga es legal o no.<\/p>\n<p class=\"mce\" style=\"text-align: justify;\">En cuanto a los <strong class=\"mce\">audiolibros<\/strong>, tras el incremento observado en 2021, <strong class=\"mce\">se estabilizan los usuarios<\/strong>. El <strong class=\"mce\">5,4%<\/strong> de la poblaci\u00f3n escucha audiolibros al menos una vez al trimestre y un 2,7% lo hace semanalmente. El porcentaje de usuarios es claramente superior entre los menores de 35 a\u00f1os. En los \u00faltimos 5 a\u00f1os, el n\u00famero de usuarios del formato ha aumentado m\u00e1s del doble (de un 2,4% en 2018 al 5,4% en 2022).<\/p>\n<h2 class=\"mce\" style=\"text-align: justify;\">Canales<\/h2>\n<p class=\"mce\" style=\"text-align: justify;\">Sigue estable durante los \u00faltimos cinco a\u00f1os la cifra de ventas:<strong class=\"mce\"> el 63,8% de la poblaci\u00f3n de 14 o m\u00e1s<\/strong> ha <strong class=\"mce\">comprado alg\u00fan libro<\/strong>\u00a0en los \u00faltimos 12 meses y sigue en aumento el n\u00famero de compradores de libros no de texto (52,8%). En cuanto a los canales, <strong class=\"mce\">la librer\u00eda tradicional<\/strong> se mantiene como el canal habitual de libros no de texto. Seguidamente se sit\u00faan internet y las cadenas de librer\u00edas. La compra por internet como lugar habitual se asienta como el segundo canal de compra para el total de la poblaci\u00f3n y es la primera opci\u00f3n para los compradores m\u00e1s j\u00f3venes (de entre 25 y 34 a\u00f1os).<\/p>\n<\/div>\n<p>NOTICIA REALIZADA A TRAVES DE DISTINTOS MEDIOS PERIOD\u00cdSTICOS<\/p>\n<p>&nbsp;<\/p>\n<\/div>\n<\/li>\n<\/ul>\n<\/div>\n<\/div>\n<\/div>\n<\/div>\n<\/div>\n<\/div>\n","protected":false},"excerpt":{"rendered":"<p>El D\u00eda del Libro se celebra cada 23 de abril desde 1930 en Espa\u00f1a, y&#8230;<\/p>\n","protected":false},"author":1,"featured_media":60839,"comment_status":"closed","ping_status":"closed","sticky":false,"template":"","format":"standard","meta":{"_coblocks_attr":"","_coblocks_dimensions":"","_coblocks_responsive_height":"","_coblocks_accordion_ie_support":"","jetpack_post_was_ever_published":false,"_jetpack_newsletter_access":"","_jetpack_dont_email_post_to_subs":false,"_jetpack_newsletter_tier_id":0,"_jetpack_memberships_contains_paywalled_content":false,"_jetpack_memberships_contains_paid_content":false,"footnotes":"","jetpack_publicize_message":"","jetpack_publicize_feature_enabled":true,"jetpack_social_post_already_shared":false,"jetpack_social_options":{"image_generator_settings":{"template":"highway","default_image_id":0,"enabled":false},"version":2}},"categories":[12,187,1161,44,15,10],"tags":[9845,523],"class_list":["post-60838","post","type-post","status-publish","format-standard","has-post-thumbnail","hentry","category-cultura","category-centros-educativos","category-ciudadania","category-noticias-de-hoy","category-ultimas-noticias","category-salud","tag-9845","tag-dia-del-libro"],"jetpack_publicize_connections":[],"jetpack_featured_media_url":"https:\/\/i0.wp.com\/miradordeatarfe.es\/wp-content\/uploads\/2023\/04\/OQMOZJO2EJFOHFC5KCPDDTS5UA.jpg?fit=1280%2C853&ssl=1","jetpack_likes_enabled":true,"jetpack_sharing_enabled":true,"_links":{"self":[{"href":"https:\/\/miradordeatarfe.es\/index.php?rest_route=\/wp\/v2\/posts\/60838","targetHints":{"allow":["GET"]}}],"collection":[{"href":"https:\/\/miradordeatarfe.es\/index.php?rest_route=\/wp\/v2\/posts"}],"about":[{"href":"https:\/\/miradordeatarfe.es\/index.php?rest_route=\/wp\/v2\/types\/post"}],"author":[{"embeddable":true,"href":"https:\/\/miradordeatarfe.es\/index.php?rest_route=\/wp\/v2\/users\/1"}],"replies":[{"embeddable":true,"href":"https:\/\/miradordeatarfe.es\/index.php?rest_route=%2Fwp%2Fv2%2Fcomments&post=60838"}],"version-history":[{"count":2,"href":"https:\/\/miradordeatarfe.es\/index.php?rest_route=\/wp\/v2\/posts\/60838\/revisions"}],"predecessor-version":[{"id":60841,"href":"https:\/\/miradordeatarfe.es\/index.php?rest_route=\/wp\/v2\/posts\/60838\/revisions\/60841"}],"wp:featuredmedia":[{"embeddable":true,"href":"https:\/\/miradordeatarfe.es\/index.php?rest_route=\/wp\/v2\/media\/60839"}],"wp:attachment":[{"href":"https:\/\/miradordeatarfe.es\/index.php?rest_route=%2Fwp%2Fv2%2Fmedia&parent=60838"}],"wp:term":[{"taxonomy":"category","embeddable":true,"href":"https:\/\/miradordeatarfe.es\/index.php?rest_route=%2Fwp%2Fv2%2Fcategories&post=60838"},{"taxonomy":"post_tag","embeddable":true,"href":"https:\/\/miradordeatarfe.es\/index.php?rest_route=%2Fwp%2Fv2%2Ftags&post=60838"}],"curies":[{"name":"wp","href":"https:\/\/api.w.org\/{rel}","templated":true}]}}