{"id":60842,"date":"2023-04-24T10:32:08","date_gmt":"2023-04-24T08:32:08","guid":{"rendered":"https:\/\/miradordeatarfe.es\/?p=60842"},"modified":"2023-04-24T15:44:10","modified_gmt":"2023-04-24T13:44:10","slug":"el-pp-de-atarfe-presento-su-candidatura-para-las-elecciones-municipales-de-28m-de-2023","status":"publish","type":"post","link":"https:\/\/miradordeatarfe.es\/?p=60842","title":{"rendered":"EL PP DE ATARFE PRESENT\u00d3 SU CANDIDATURA PARA LAS ELECCIONES MUNICIPALES DE 28M DE 2023"},"content":{"rendered":"<h3 style=\"text-align: justify;\">El presidente local y portavoz del Partido Popular en el ayuntamiento de Atarfe, Antonio D\u00edaz, ha sido designado candidato a la alcald\u00eda de la localidad para las pr\u00f3ximas elecciones municipales del mes de mayo, que fue arropado horas antes de la presentaci\u00f3n de la candidatura por el Presidente de Andaluc\u00eda Juanma Moreno<\/h3>\n<p style=\"text-align: justify;\">El presidente de los populares granadinos, Francis Rodr\u00edguez, ha destacado del ya alcaldable \u201csu entrega, su pasi\u00f3n y su firme convencimiento porque otra Atarfe es posible\u201d, apelando a la necesidad de que los atarfe\u00f1os den su confianza al candidato popular \u201cporque hay una alternativa seria avalada por un equipo humano que cuenta con el mejor capit\u00e1n posible\u201d.<\/p>\n<p style=\"text-align: justify;\">Rodr\u00edguez ha llamado as\u00ed a la necesidad de que los vecinos del municipio tengan la certidumbre de que Antonio D\u00edaz, actual vicesecretario de Organizaci\u00f3n del Partido Popular de Granada, es \u201cel camino adecuado para sacar a Atarfe de la par\u00e1lisis\u201d y ha recordado como \u201ccuando el Partido Popular coge el tim\u00f3n se demuestra que otras pol\u00edticas son posible mejorando la prestaci\u00f3n de nuestros servicios p\u00fablicos sin necesidad de alzar bandera alguna. Somos el partido de la palabra y de los hechos tal y como hemos demostrado. Es el momento de que los atarfe\u00f1os den esta oportunidad al Partido Popular y a nuestro candidato Antonio D\u00edaz\u201d.<\/p>\n<p style=\"text-align: justify;\"><strong>CAMBIA ATARFE<\/strong><\/p>\n<p style=\"text-align: justify;\">Por su parte, el candidato popular ha apostado por un cambio necesario. \u201cDurante a\u00f1os hemos visto como nuestros pueblos vecinos han ido creciendo y despertando mientras nosotros nos qued\u00e1bamos atr\u00e1s\u201d. Por ello, ha llamado a la necesidad de ese cambio que posicione a Atarfe en el lugar que nunca deber\u00eda haber perdido \u201cy que le permita, sin complejos, mirar de t\u00fa a t\u00fa a nuestros municipios vecinos\u201d. D\u00edaz, que ha contado con el apoyo de vecinos, as\u00ed como de numerosos cargos p\u00fablicos en el acto de presentaci\u00f3n celebrado anoche en la localidad, ha mostrado su compromiso personal \u201cdesde el convencimiento del potencial de todos y cada uno de los atarfe\u00f1os. Esto no es para los que son del Madrid o del Barcelona. El m\u00edo es un proyecto de uni\u00f3n, de progreso y de avance que tan solo tiene un objetivo: mejorar la vida de nuestros vecinos\u201d.<\/p>\n<p style=\"text-align: justify;\">El popular, que en las pr\u00f3ximas semanas desgranar\u00e1 su programa electoral, s\u00ed ha avanzado el lema de la campa\u00f1a: Cambia Atarfe \u201ccon el que voy a recorrer todos y cada uno de los rincones de nuestro municipio para escuchar, para atender y dar respuesta a las necesidades de nuestros vecinos. No vengo a pedir nada, vengo a dar y a entregarme a Atarfe\u201d.<\/p>\n<p style=\"text-align: justify;\">Antonio D\u00edaz S\u00e1nchez (1973) Casado y padre de dos hijos. T\u00e9cnico Superior en Farmacia, ha desarrollado buena parte de su carrera profesional en el sector de la industria farmac\u00e9utica en los \u00faltimos 30 a\u00f1os. Afiliado al Partido Popular desde el a\u00f1o 1991. Actualmente vicesecretario de Organizaci\u00f3n del PP de Granada, presidente local de la formaci\u00f3n en Atarfe desde hace 8 a\u00f1os, municipio del que es portavoz en el consistorio en estos 2 \u00faltimos mandatos.<\/p>\n<p style=\"text-align: justify;\">D\u00edaz, que ha contado con el apoyo de vecinos, as\u00ed como de numerosos cargos p\u00fablicos en el acto de presentaci\u00f3n celebrado anoche en la localidad, ha mostrado su compromiso personal \u201cdesde el convencimiento del potencial de todos y cada uno de los atarfe\u00f1os. Esto no es para los que son del Madrid o del Barcelona. El m\u00edo es un proyecto de uni\u00f3n, de progreso y de avance que tan solo tiene un objetivo: mejorar la vida de nuestros vecinos\u201d.<\/p>\n<p style=\"text-align: justify;\">El popular, que en las pr\u00f3ximas semanas desgranar\u00e1 su programa electoral, s\u00ed ha avanzado el lema de la campa\u00f1a: <strong>Cambia Atarfe <\/strong>\u201ccon el que voy a recorrer todos y cada uno de los rincones de nuestro municipio para escuchar, para atender y dar respuesta a las necesidades de nuestros vecinos. No vengo a pedir nada, vengo a dar y a entregarme a Atarfe\u201d.<\/p>\n<p style=\"text-align: justify;\">VIDEO DE LA PRESENTACI\u00d3N DE LA CANDIDATURA<\/p>\n<p><a href=\"https:\/\/vm.tiktok.com\/ZGJmC21qy\/\">https:\/\/vm.tiktok.com\/ZGJmC21qy\/<\/a><\/p>\n<p>&nbsp;<\/p>\n<p><a href=\"https:\/\/i0.wp.com\/miradordeatarfe.es\/wp-content\/uploads\/2023\/04\/1682334612209-scaled.jpg?ssl=1\"><img data-recalc-dims=\"1\" loading=\"lazy\" decoding=\"async\" class=\"alignnone wp-image-60882 size-full\" src=\"https:\/\/i0.wp.com\/miradordeatarfe.es\/wp-content\/uploads\/2023\/04\/1682334612209-scaled.jpg?resize=640%2C447&#038;ssl=1\" alt=\"\" width=\"640\" height=\"447\" srcset=\"https:\/\/i0.wp.com\/miradordeatarfe.es\/wp-content\/uploads\/2023\/04\/1682334612209-scaled.jpg?w=2560&amp;ssl=1 2560w, https:\/\/i0.wp.com\/miradordeatarfe.es\/wp-content\/uploads\/2023\/04\/1682334612209-scaled.jpg?resize=300%2C209&amp;ssl=1 300w, https:\/\/i0.wp.com\/miradordeatarfe.es\/wp-content\/uploads\/2023\/04\/1682334612209-scaled.jpg?resize=1024%2C715&amp;ssl=1 1024w, https:\/\/i0.wp.com\/miradordeatarfe.es\/wp-content\/uploads\/2023\/04\/1682334612209-scaled.jpg?resize=768%2C536&amp;ssl=1 768w, https:\/\/i0.wp.com\/miradordeatarfe.es\/wp-content\/uploads\/2023\/04\/1682334612209-scaled.jpg?resize=1536%2C1072&amp;ssl=1 1536w, https:\/\/i0.wp.com\/miradordeatarfe.es\/wp-content\/uploads\/2023\/04\/1682334612209-scaled.jpg?resize=2048%2C1429&amp;ssl=1 2048w, https:\/\/i0.wp.com\/miradordeatarfe.es\/wp-content\/uploads\/2023\/04\/1682334612209-scaled.jpg?resize=1320%2C921&amp;ssl=1 1320w, https:\/\/i0.wp.com\/miradordeatarfe.es\/wp-content\/uploads\/2023\/04\/1682334612209-scaled.jpg?w=1920&amp;ssl=1 1920w\" sizes=\"auto, (max-width: 640px) 100vw, 640px\" \/><\/a><\/p>\n<p><a href=\"https:\/\/i0.wp.com\/miradordeatarfe.es\/wp-content\/uploads\/2023\/04\/334699946_130805056585580_2008215741095220129_n.jpg?ssl=1\"><img data-recalc-dims=\"1\" loading=\"lazy\" decoding=\"async\" class=\"alignnone wp-image-60851 size-large\" src=\"https:\/\/i0.wp.com\/miradordeatarfe.es\/wp-content\/uploads\/2023\/04\/334699946_130805056585580_2008215741095220129_n.jpg?resize=618%2C824&#038;ssl=1\" alt=\"\" width=\"618\" height=\"824\" srcset=\"https:\/\/i0.wp.com\/miradordeatarfe.es\/wp-content\/uploads\/2023\/04\/334699946_130805056585580_2008215741095220129_n.jpg?resize=768%2C1024&amp;ssl=1 768w, https:\/\/i0.wp.com\/miradordeatarfe.es\/wp-content\/uploads\/2023\/04\/334699946_130805056585580_2008215741095220129_n.jpg?resize=225%2C300&amp;ssl=1 225w, https:\/\/i0.wp.com\/miradordeatarfe.es\/wp-content\/uploads\/2023\/04\/334699946_130805056585580_2008215741095220129_n.jpg?resize=1152%2C1536&amp;ssl=1 1152w, https:\/\/i0.wp.com\/miradordeatarfe.es\/wp-content\/uploads\/2023\/04\/334699946_130805056585580_2008215741095220129_n.jpg?resize=1320%2C1760&amp;ssl=1 1320w, https:\/\/i0.wp.com\/miradordeatarfe.es\/wp-content\/uploads\/2023\/04\/334699946_130805056585580_2008215741095220129_n.jpg?w=1536&amp;ssl=1 1536w\" sizes=\"auto, (max-width: 618px) 100vw, 618px\" \/> <\/a><a href=\"https:\/\/i0.wp.com\/miradordeatarfe.es\/wp-content\/uploads\/2023\/04\/339063402_930064111776114_645019118470915078_n-1.jpg?ssl=1\"><img data-recalc-dims=\"1\" loading=\"lazy\" decoding=\"async\" class=\"alignnone wp-image-60849 size-full\" src=\"https:\/\/i0.wp.com\/miradordeatarfe.es\/wp-content\/uploads\/2023\/04\/339063402_930064111776114_645019118470915078_n-1.jpg?resize=640%2C427&#038;ssl=1\" alt=\"\" width=\"640\" height=\"427\" srcset=\"https:\/\/i0.wp.com\/miradordeatarfe.es\/wp-content\/uploads\/2023\/04\/339063402_930064111776114_645019118470915078_n-1.jpg?w=960&amp;ssl=1 960w, https:\/\/i0.wp.com\/miradordeatarfe.es\/wp-content\/uploads\/2023\/04\/339063402_930064111776114_645019118470915078_n-1.jpg?resize=300%2C200&amp;ssl=1 300w, https:\/\/i0.wp.com\/miradordeatarfe.es\/wp-content\/uploads\/2023\/04\/339063402_930064111776114_645019118470915078_n-1.jpg?resize=768%2C512&amp;ssl=1 768w\" sizes=\"auto, (max-width: 640px) 100vw, 640px\" \/><\/a><\/p>\n<p><a href=\"https:\/\/i0.wp.com\/miradordeatarfe.es\/wp-content\/uploads\/2023\/04\/339268386_542852064638416_6700100636541872844_n.jpg?ssl=1\"><img data-recalc-dims=\"1\" loading=\"lazy\" decoding=\"async\" class=\"alignnone wp-image-60848 size-full\" src=\"https:\/\/i0.wp.com\/miradordeatarfe.es\/wp-content\/uploads\/2023\/04\/339268386_542852064638416_6700100636541872844_n.jpg?resize=640%2C427&#038;ssl=1\" alt=\"\" width=\"640\" height=\"427\" srcset=\"https:\/\/i0.wp.com\/miradordeatarfe.es\/wp-content\/uploads\/2023\/04\/339268386_542852064638416_6700100636541872844_n.jpg?w=1280&amp;ssl=1 1280w, https:\/\/i0.wp.com\/miradordeatarfe.es\/wp-content\/uploads\/2023\/04\/339268386_542852064638416_6700100636541872844_n.jpg?resize=300%2C200&amp;ssl=1 300w, https:\/\/i0.wp.com\/miradordeatarfe.es\/wp-content\/uploads\/2023\/04\/339268386_542852064638416_6700100636541872844_n.jpg?resize=1024%2C682&amp;ssl=1 1024w, https:\/\/i0.wp.com\/miradordeatarfe.es\/wp-content\/uploads\/2023\/04\/339268386_542852064638416_6700100636541872844_n.jpg?resize=768%2C512&amp;ssl=1 768w\" sizes=\"auto, (max-width: 640px) 100vw, 640px\" \/><\/a><\/p>\n<p><a href=\"https:\/\/i0.wp.com\/miradordeatarfe.es\/wp-content\/uploads\/2023\/04\/339135702_203778469040562_2432100863320695450_n.jpg?ssl=1\"><img data-recalc-dims=\"1\" loading=\"lazy\" decoding=\"async\" class=\"alignnone wp-image-60847 size-full\" src=\"https:\/\/i0.wp.com\/miradordeatarfe.es\/wp-content\/uploads\/2023\/04\/339135702_203778469040562_2432100863320695450_n.jpg?resize=640%2C427&#038;ssl=1\" alt=\"\" width=\"640\" height=\"427\" srcset=\"https:\/\/i0.wp.com\/miradordeatarfe.es\/wp-content\/uploads\/2023\/04\/339135702_203778469040562_2432100863320695450_n.jpg?w=810&amp;ssl=1 810w, https:\/\/i0.wp.com\/miradordeatarfe.es\/wp-content\/uploads\/2023\/04\/339135702_203778469040562_2432100863320695450_n.jpg?resize=300%2C200&amp;ssl=1 300w, https:\/\/i0.wp.com\/miradordeatarfe.es\/wp-content\/uploads\/2023\/04\/339135702_203778469040562_2432100863320695450_n.jpg?resize=768%2C512&amp;ssl=1 768w\" sizes=\"auto, (max-width: 640px) 100vw, 640px\" \/><\/a><\/p>\n<p><a href=\"https:\/\/i0.wp.com\/miradordeatarfe.es\/wp-content\/uploads\/2023\/04\/338558288_755923939488690_4162786571215825224_n.jpg?ssl=1\"><img data-recalc-dims=\"1\" loading=\"lazy\" decoding=\"async\" class=\"alignnone wp-image-60844 \" src=\"https:\/\/i0.wp.com\/miradordeatarfe.es\/wp-content\/uploads\/2023\/04\/338558288_755923939488690_4162786571215825224_n.jpg?resize=640%2C426&#038;ssl=1\" alt=\"\" width=\"640\" height=\"426\" srcset=\"https:\/\/i0.wp.com\/miradordeatarfe.es\/wp-content\/uploads\/2023\/04\/338558288_755923939488690_4162786571215825224_n.jpg?w=593&amp;ssl=1 593w, https:\/\/i0.wp.com\/miradordeatarfe.es\/wp-content\/uploads\/2023\/04\/338558288_755923939488690_4162786571215825224_n.jpg?resize=300%2C200&amp;ssl=1 300w\" sizes=\"auto, (max-width: 640px) 100vw, 640px\" \/><\/a><\/p>\n<p><a href=\"https:\/\/i0.wp.com\/miradordeatarfe.es\/wp-content\/uploads\/2023\/04\/338528182_186661024151554_2916691372738535110_n.jpg?ssl=1\"><img data-recalc-dims=\"1\" loading=\"lazy\" decoding=\"async\" class=\"alignnone wp-image-60843 size-full\" src=\"https:\/\/i0.wp.com\/miradordeatarfe.es\/wp-content\/uploads\/2023\/04\/338528182_186661024151554_2916691372738535110_n.jpg?resize=640%2C427&#038;ssl=1\" alt=\"\" width=\"640\" height=\"427\" srcset=\"https:\/\/i0.wp.com\/miradordeatarfe.es\/wp-content\/uploads\/2023\/04\/338528182_186661024151554_2916691372738535110_n.jpg?w=1280&amp;ssl=1 1280w, https:\/\/i0.wp.com\/miradordeatarfe.es\/wp-content\/uploads\/2023\/04\/338528182_186661024151554_2916691372738535110_n.jpg?resize=300%2C200&amp;ssl=1 300w, https:\/\/i0.wp.com\/miradordeatarfe.es\/wp-content\/uploads\/2023\/04\/338528182_186661024151554_2916691372738535110_n.jpg?resize=1024%2C682&amp;ssl=1 1024w, https:\/\/i0.wp.com\/miradordeatarfe.es\/wp-content\/uploads\/2023\/04\/338528182_186661024151554_2916691372738535110_n.jpg?resize=768%2C512&amp;ssl=1 768w\" sizes=\"auto, (max-width: 640px) 100vw, 640px\" \/><\/a><\/p>\n<p>VER VIDEO EN FACEBOOK : PP DE ATARFE<\/p>\n<p>&nbsp;<\/p>\n","protected":false},"excerpt":{"rendered":"<p>El presidente local y portavoz del Partido Popular en el ayuntamiento de Atarfe, Antonio D\u00edaz,&#8230;<\/p>\n","protected":false},"author":1,"featured_media":60852,"comment_status":"closed","ping_status":"closed","sticky":false,"template":"","format":"standard","meta":{"_coblocks_attr":"","_coblocks_dimensions":"","_coblocks_responsive_height":"","_coblocks_accordion_ie_support":"","jetpack_post_was_ever_published":false,"_jetpack_newsletter_access":"","_jetpack_dont_email_post_to_subs":false,"_jetpack_newsletter_tier_id":0,"_jetpack_memberships_contains_paywalled_content":false,"_jetpack_memberships_contains_paid_content":false,"footnotes":"","jetpack_publicize_message":"","jetpack_publicize_feature_enabled":true,"jetpack_social_post_already_shared":false,"jetpack_social_options":{"image_generator_settings":{"template":"highway","default_image_id":0,"enabled":false},"version":2}},"categories":[2,6916,1161,44,7671,15],"tags":[10272,81,4293,10271],"class_list":["post-60842","post","type-post","status-publish","format-standard","has-post-thumbnail","hentry","category-atarfe","category-ayuntamiento-de-atarfe","category-ciudadania","category-noticias-de-hoy","category-politica","category-ultimas-noticias","tag-antonio-diaz","tag-atarfe","tag-ayuntamiento-de-atarfe","tag-candidatura-del-pp-de-atarfe"],"jetpack_publicize_connections":[],"jetpack_featured_media_url":"https:\/\/i0.wp.com\/miradordeatarfe.es\/wp-content\/uploads\/2023\/04\/foto-2-4-400x180-1.jpeg?fit=400%2C180&ssl=1","jetpack_likes_enabled":true,"jetpack_sharing_enabled":true,"_links":{"self":[{"href":"https:\/\/miradordeatarfe.es\/index.php?rest_route=\/wp\/v2\/posts\/60842","targetHints":{"allow":["GET"]}}],"collection":[{"href":"https:\/\/miradordeatarfe.es\/index.php?rest_route=\/wp\/v2\/posts"}],"about":[{"href":"https:\/\/miradordeatarfe.es\/index.php?rest_route=\/wp\/v2\/types\/post"}],"author":[{"embeddable":true,"href":"https:\/\/miradordeatarfe.es\/index.php?rest_route=\/wp\/v2\/users\/1"}],"replies":[{"embeddable":true,"href":"https:\/\/miradordeatarfe.es\/index.php?rest_route=%2Fwp%2Fv2%2Fcomments&post=60842"}],"version-history":[{"count":6,"href":"https:\/\/miradordeatarfe.es\/index.php?rest_route=\/wp\/v2\/posts\/60842\/revisions"}],"predecessor-version":[{"id":60884,"href":"https:\/\/miradordeatarfe.es\/index.php?rest_route=\/wp\/v2\/posts\/60842\/revisions\/60884"}],"wp:featuredmedia":[{"embeddable":true,"href":"https:\/\/miradordeatarfe.es\/index.php?rest_route=\/wp\/v2\/media\/60852"}],"wp:attachment":[{"href":"https:\/\/miradordeatarfe.es\/index.php?rest_route=%2Fwp%2Fv2%2Fmedia&parent=60842"}],"wp:term":[{"taxonomy":"category","embeddable":true,"href":"https:\/\/miradordeatarfe.es\/index.php?rest_route=%2Fwp%2Fv2%2Fcategories&post=60842"},{"taxonomy":"post_tag","embeddable":true,"href":"https:\/\/miradordeatarfe.es\/index.php?rest_route=%2Fwp%2Fv2%2Ftags&post=60842"}],"curies":[{"name":"wp","href":"https:\/\/api.w.org\/{rel}","templated":true}]}}