{"id":60857,"date":"2023-04-24T10:00:05","date_gmt":"2023-04-24T08:00:05","guid":{"rendered":"https:\/\/miradordeatarfe.es\/?p=60857"},"modified":"2023-10-23T13:29:11","modified_gmt":"2023-10-23T11:29:11","slug":"el-atarfeno-pedro-ruiz-cabello-fernandez-en-la-feria-del-libro-de-granada","status":"publish","type":"post","link":"https:\/\/miradordeatarfe.es\/?p=60857","title":{"rendered":"EL ATARFE\u00d1O Pedro Ruiz-Cabello Fern\u00e1ndez EN LA FERIA DEL LIBRO DE GRANADA"},"content":{"rendered":"<div id=\":ks\" class=\"ii gt\">\n<div id=\":kr\" class=\"a3s aiL \">\n<h3 dir=\"auto\" style=\"text-align: justify;\">Nuestro paisano, Pedro Ruiz-Cabello Fern\u00e1ndez , estar\u00e1 en el Stand de Librer\u00eda Picasso el pr\u00f3ximo lunes 24 de abril, a las 19:30, dentro de la Feria del Libro de Granada, firmando ejemplares de su \u00faltimo trabajo, titulado \u00abEl \u00daltimo Milagro \u00ab<\/h3>\n<div class=\"yj6qo\" style=\"text-align: justify;\">En esta novela, escrita en primera persona, se cuenta la historia de un profesor de instituto que es adicto al alcohol. Su vida se ha convertido por momentos en un infierno, sobre todo cuando reca\u00eda en el vicio del que es esclavo y sufr\u00eda depresiones a las que lo conduc\u00eda su estado. Aunque una y otra vez se esfuerza por curarse de su adicci\u00f3n, no puede; se siente d\u00e9bil e incapaz de llevar una vida normal. Sin embargo, cuando menos lo espera, aparece un viejo amigo de su infancia que es sacerdote y que le ayuda de modo milagroso a escapar de su situaci\u00f3n. Es una novela en la que tienen un especial relieve la amistad, la literatura y la fe en Dios, para quien nada es imposible.<\/div>\n<div style=\"text-align: justify;\">\u00a0<\/div>\n<div style=\"text-align: justify;\"><span class=\"yt-core-attributed-string yt-core-attributed-string--white-space-pre-wrap\">Pedro Ruiz-Cabello es un profesor de Lengua y Literatura que siempre ha tenido en la escritura su eterna compa\u00f1era. Autor de novelas hist\u00f3ricas y otras con trasfondo biogr\u00e1fico, tambi\u00e9n de un poemario, regresa a la narrativa con &#8216;El \u00faltimo milagro&#8217; (Bohod\u00f3n Ediciones) esta obra en la que narra la historia de un profesor alcoh\u00f3lico que lucha por superar su adicci\u00f3n para lo que ser\u00e1 decisiva la ayuda de Antonio, un amigo de la infancia y actualmente sacerdote. Lo present\u00f3 el 23 de noviembre de 2022 en la Biblioteca del Centro Cultural Medina Elvira de Atarfe y hoy podremos asistir a su firma en la FERIA DEL LIBRO DE GRANADA 2023.<br \/>\n<\/span><\/div>\n<\/div>\n<\/div>\n<div>\u00a0<\/div>\n<div id=\":ks\" class=\"ii gt\">\n<div id=\":kr\" class=\"a3s aiL \">\n<div class=\"adL\">\u00a0<\/div>\n<\/div>\n<\/div>\n<div id=\":mi\" class=\"hq gt\"><a href=\"https:\/\/youtu.be\/mU_kSFSqVnQ\">https:\/\/youtu.be\/mU_kSFSqVnQ<\/a><\/div>\n<div>\u00a0<\/div>\n<div><a href=\"https:\/\/i0.wp.com\/miradordeatarfe.es\/wp-content\/uploads\/2023\/04\/9788419404169.jpg?ssl=1\"><img data-recalc-dims=\"1\" loading=\"lazy\" decoding=\"async\" class=\"alignnone wp-image-60858 size-full\" src=\"https:\/\/i0.wp.com\/miradordeatarfe.es\/wp-content\/uploads\/2023\/04\/9788419404169.jpg?resize=552%2C827&#038;ssl=1\" alt=\"\" width=\"552\" height=\"827\" srcset=\"https:\/\/i0.wp.com\/miradordeatarfe.es\/wp-content\/uploads\/2023\/04\/9788419404169.jpg?w=552&amp;ssl=1 552w, https:\/\/i0.wp.com\/miradordeatarfe.es\/wp-content\/uploads\/2023\/04\/9788419404169.jpg?resize=200%2C300&amp;ssl=1 200w\" sizes=\"auto, (max-width: 552px) 100vw, 552px\" \/><\/a><\/div>\n","protected":false},"excerpt":{"rendered":"<p>Nuestro paisano, Pedro Ruiz-Cabello Fern\u00e1ndez , estar\u00e1 en el Stand de Librer\u00eda Picasso el pr\u00f3ximo&#8230;<\/p>\n","protected":false},"author":1,"featured_media":60859,"comment_status":"closed","ping_status":"closed","sticky":false,"template":"","format":"standard","meta":{"_coblocks_attr":"","_coblocks_dimensions":"","_coblocks_responsive_height":"","_coblocks_accordion_ie_support":"","jetpack_post_was_ever_published":false,"_jetpack_newsletter_access":"","_jetpack_dont_email_post_to_subs":false,"_jetpack_newsletter_tier_id":0,"_jetpack_memberships_contains_paywalled_content":false,"_jetpack_memberships_contains_paid_content":false,"footnotes":"","jetpack_publicize_message":"","jetpack_publicize_feature_enabled":true,"jetpack_social_post_already_shared":false,"jetpack_social_options":{"image_generator_settings":{"template":"highway","default_image_id":0,"enabled":false},"version":2}},"categories":[12],"tags":[81,3638,10273],"class_list":["post-60857","post","type-post","status-publish","format-standard","has-post-thumbnail","hentry","category-cultura","tag-atarfe","tag-escritor","tag-pedro-ruiz-cabello"],"jetpack_publicize_connections":[],"jetpack_featured_media_url":"https:\/\/i0.wp.com\/miradordeatarfe.es\/wp-content\/uploads\/2023\/04\/9788419404169-2.jpg?fit=547%2C330&ssl=1","jetpack_likes_enabled":true,"jetpack_sharing_enabled":true,"_links":{"self":[{"href":"https:\/\/miradordeatarfe.es\/index.php?rest_route=\/wp\/v2\/posts\/60857","targetHints":{"allow":["GET"]}}],"collection":[{"href":"https:\/\/miradordeatarfe.es\/index.php?rest_route=\/wp\/v2\/posts"}],"about":[{"href":"https:\/\/miradordeatarfe.es\/index.php?rest_route=\/wp\/v2\/types\/post"}],"author":[{"embeddable":true,"href":"https:\/\/miradordeatarfe.es\/index.php?rest_route=\/wp\/v2\/users\/1"}],"replies":[{"embeddable":true,"href":"https:\/\/miradordeatarfe.es\/index.php?rest_route=%2Fwp%2Fv2%2Fcomments&post=60857"}],"version-history":[{"count":1,"href":"https:\/\/miradordeatarfe.es\/index.php?rest_route=\/wp\/v2\/posts\/60857\/revisions"}],"predecessor-version":[{"id":60860,"href":"https:\/\/miradordeatarfe.es\/index.php?rest_route=\/wp\/v2\/posts\/60857\/revisions\/60860"}],"wp:featuredmedia":[{"embeddable":true,"href":"https:\/\/miradordeatarfe.es\/index.php?rest_route=\/wp\/v2\/media\/60859"}],"wp:attachment":[{"href":"https:\/\/miradordeatarfe.es\/index.php?rest_route=%2Fwp%2Fv2%2Fmedia&parent=60857"}],"wp:term":[{"taxonomy":"category","embeddable":true,"href":"https:\/\/miradordeatarfe.es\/index.php?rest_route=%2Fwp%2Fv2%2Fcategories&post=60857"},{"taxonomy":"post_tag","embeddable":true,"href":"https:\/\/miradordeatarfe.es\/index.php?rest_route=%2Fwp%2Fv2%2Ftags&post=60857"}],"curies":[{"name":"wp","href":"https:\/\/api.w.org\/{rel}","templated":true}]}}