{"id":60867,"date":"2023-04-25T08:22:36","date_gmt":"2023-04-25T06:22:36","guid":{"rendered":"https:\/\/miradordeatarfe.es\/?p=60867"},"modified":"2023-04-23T13:27:23","modified_gmt":"2023-04-23T11:27:23","slug":"el-tribunal-constitucional-valida-la-ley-celaa-y-mantiene-que-la-constitucion-no-fija-una-proporcion-del-castellano-es-noticia","status":"publish","type":"post","link":"https:\/\/miradordeatarfe.es\/?p=60867","title":{"rendered":"El TRIBUNAL CONSTITUCIONAL VALIDA la &#8216;ley Cela\u00e1&#8217; y mantiene que la Constituci\u00f3n no fija una proporci\u00f3n del castellano"},"content":{"rendered":"<p><main id=\"main\" class=\"content\" data-actas=\"infinite-scroll\" data-infinite-scroll-type=\"auto\" data-infinite-scroll-pages=\"additionalDetails\" data-infinite-scroll-name=\"details\" data-infinite-scroll-dom-main=\"\" data-infinite-scroll-analytics=\"\"><\/p>\n<div id=\"infinite-scroll-details-item-1\" data-actas=\"infinite-scroll-details-item\">\n<section class=\"\">\n<div class=\"container\">\n<div class=\"row\">\n<div class=\"col-xs-12 col-sm-12 col-md-12\">\n<header class=\"ep-detail-header\">\n<h2 class=\"subtitle\" style=\"text-align: justify;\">El Constitucional tambi\u00e9n avala que se nieguen las subvenciones a los centros que segregan por sexo<\/h2>\n<\/header>\n<\/div>\n<\/div>\n<div class=\"row\">\n<div class=\"col-xs-12 col-sm-12 col-md-8 \">\n<div class=\"ep-detail-body\">\n<p style=\"text-align: justify;\">El Tribunal Constitucional ha avalado de forma definitiva la\u00a0<strong>constitucionalidad de la nueva Ley de Educaci\u00f3n<\/strong>, conocida como <a href=\"https:\/\/www.epe.es\/es\/politica\/20230418\/tc-valida-ley-celaa-rechaza-menosprecie-castellano-86170731?_sid=undefined\">&#8216;ley Cel\u00e1a&#8217;<\/a>, al rechazar en su totalidad el\u00a0<strong>recurso presentado por <\/strong>Vox<strong>.<\/strong><\/p>\n<p style=\"text-align: justify;\">La ponencia, que ha recibido el<strong>\u00a0aval de seis magistrados progresistas<\/strong>\u00a0-el exministro Juan Carlos Campo se ha abstenido- frente al voto contrario de los cuatro integrantes del bloque conservador, rechaza entre otros argumentos que la norma vulnere el derecho a recibir educaci\u00f3n en castellano y recuerda que lo \u00fanico que debe exigirse es un<strong>\u00a0\u00abpatr\u00f3n de equilibrio entre lenguas\u00bb\u00a0<\/strong>que se cumple en este caso.<\/p>\n<p style=\"text-align: justify;\">Uno de los magistrados que presentar\u00e1n voto particular discrepante es el propio<strong>\u00a0ponente de la sentencia, Ricardo Enr\u00edquez,\u00a0<\/strong>que para este Pleno ha presentado un texto que valida la totalidad de la ley despu\u00e9s de que el pasado 23 de marzo\u00a0la mayor\u00eda m\u00e1s progresista rechazara su propuesta inicial,\u00a0que pon\u00eda en duda algunos puntos de la ley del Gobierno.<\/p>\n<h3 style=\"text-align: justify;\">Equilibrio entre lenguas<\/h3>\n<p style=\"text-align: justify;\">En cuanto al derecho a recibir educaci\u00f3n en castellano, la sentencia explica que\u00a0<strong>la nueva regulaci\u00f3n es conforme con el art\u00edculo 3 de la Constituci\u00f3n,\u00a0<\/strong>que garantiza el derecho a usar el castellano y la cooficialidad de las lenguas auton\u00f3micas, y tambi\u00e9n con la responsabilidad del Estado de velar por el respeto de los derechos ling\u00fc\u00edsticos de los alumnos.<\/p>\n<p style=\"text-align: justify;\">Considera, en particular, que\u00a0<strong>de la Constituci\u00f3n no deriva la necesaria fijaci\u00f3n por el Estado de una proporci\u00f3n de uso del castellano\u00a0<\/strong>en el sistema educativo, pues conforme a la doctrina anterior del Tribunal, \u201cun patr\u00f3n de equilibrio o igualdad entre lenguas\u201d y un derecho efectivo a utilizarlas, que no niega la ley recurrida.\u00a0<\/p>\n<h3 style=\"text-align: justify;\">Dudas iniciales superadas<\/h3>\n<p style=\"text-align: justify;\">Respecto a las dudas del ponente, Enr\u00edquez consideraba inconstitucional y contrario al pluralismo educativo el\u00a0<strong>veto que la ley impone a la segregaci\u00f3n por sexos <\/strong>en colegios que reciban dinero p\u00fablico aunque fuera en parte, lo que impide que esta pr\u00e1ctica se pueda producir en los centros concertados.<\/p>\n<p style=\"text-align: justify;\">A este respecto, la sentencia final desestima la prohibici\u00f3n de concertar la educaci\u00f3n diferenciada por sexos. De la Constituci\u00f3n deriva, recuerda el texto, \u201cun modelo educativo pluralista\u201d, si bien puntualiza que la norma fundamental no dice que todos los modelos educativos hayan de recibir ayudas\u201d, ni establece \u201cun derecho subjetivo a la prestaci\u00f3n p\u00fablica\u201d.\u00a0<\/p>\n<h3 style=\"text-align: justify;\">No es contraria a la igualdad<\/h3>\n<p style=\"text-align: justify;\">Por otra parte, el Tribunal ha examinado si la prohibici\u00f3n de<strong>\u00a0financiar p\u00fablicamente la educaci\u00f3n diferenciada es contraria a la igualdad\u00a0<\/strong>o a algunos de los derechos educativos que consagra la propia Constituci\u00f3n, y concluye que no lo es: \u201cLa diferencia de trato que establece el apartado primero de la disposici\u00f3n adicional 25 de Ley Org\u00e1nica de Educaci\u00f3n entre los centros educativos que separen al alumnado por raz\u00f3n de su g\u00e9nero, a efectos de poder ser financiados total o parcialmente por fondos p\u00fablicos, responde a una concepci\u00f3n ideol\u00f3gica del sistema educativo que, no solo no puede ser tachada de arbitraria, sino que, adem\u00e1s, est\u00e1 inspirada en valores constitucionales\u201d.\u00a0<\/p>\n<h3 style=\"text-align: justify;\">No adoctrina<\/h3>\n<p style=\"text-align: justify;\">Tambi\u00e9n se\u00f1ala que c<strong>onforme con la Constituci\u00f3n la ausencia de menci\u00f3n a la religi\u00f3n<\/strong>\u00a0como asignatura en el curr\u00edculo educativo en la ley recurrida, y rechaza la denuncia de los de Santiago Abascal en relaci\u00f3n con la incorporaci\u00f3n de lo que denominan\u00a0<em>ideolog\u00eda de g\u00e9nero\u00a0<\/em>como \u201cideolog\u00eda estatal en la que forzosamente pretende adoctrinar a los alumnos\u201d.\u00a0<\/p>\n<p>La transmisi\u00f3n de valores, seg\u00fan el Constitucional debe efectuarse \u201cde manera objetiva, cr\u00edtica y pluralista\u201d, sin que haya nada en los preceptos de la &#8216;ley Cela\u00e1&#8217; que haga pensar que la\u00a0<strong>\u201ceducaci\u00f3n para la salud, incluida la afectivo-sexual\u201d\u00a0<\/strong>se pueda proporcionar en un sentido diferente. Adem\u00e1s, dicha perspectiva de g\u00e9nero es mencionada en la ley como\u00a0como<strong>\u00a0principio pedag\u00f3gico<\/strong>\u00a0dirigido a las Administraciones y centros educativos, \u201cno a los alumnos a quienes el legislador no impone, por tanto, ninguna perspectiva o adhesi\u00f3n ideol\u00f3gica\u201d.<\/p>\n<p style=\"text-align: justify;\">Otro punto se\u00f1alado en la ponencia inicial era el referido a que la ley priorice la opini\u00f3n de las familias de estudiantes con necesidades especiales cuando opten por centros ordinarios, al ser m\u00e1s inclusivos, y no cuando prefieran aulas espec\u00edficas en funci\u00f3n de la discapacidad que cada uno presente<strong>. La propuesta de Enr\u00edquez defend\u00eda tener en cuenta el criterio familiar<\/strong>\u00a0fuera cual fuera, algo que rechaza la mayor\u00eda de magistrados.<\/p>\n<p><strong><span class=\"author-link\" data-actas=\"ign-open\">Cristina Gallardo<\/span><\/strong><\/p>\n<p>https:\/\/www.elperiodico.com\/es\/sociedad\/20230418\/tc-valida-ley-celaa-catalan-genero-86172322<\/p>\n<p>FOTO: EL PERI\u00d3DICO<\/p>\n<\/div>\n<\/div>\n<\/div>\n<\/div>\n<\/section>\n<\/div>\n<p><\/main><\/p>\n","protected":false},"excerpt":{"rendered":"<p>El Constitucional tambi\u00e9n avala que se nieguen las subvenciones a los centros que segregan por&#8230;<\/p>\n","protected":false},"author":1,"featured_media":60868,"comment_status":"closed","ping_status":"closed","sticky":false,"template":"","format":"standard","meta":{"_coblocks_attr":"","_coblocks_dimensions":"","_coblocks_responsive_height":"","_coblocks_accordion_ie_support":"","jetpack_post_was_ever_published":false,"_jetpack_newsletter_access":"","_jetpack_dont_email_post_to_subs":false,"_jetpack_newsletter_tier_id":0,"_jetpack_memberships_contains_paywalled_content":false,"_jetpack_memberships_contains_paid_content":false,"footnotes":"","jetpack_publicize_message":"","jetpack_publicize_feature_enabled":true,"jetpack_social_post_already_shared":false,"jetpack_social_options":{"image_generator_settings":{"template":"highway","default_image_id":0,"enabled":false},"version":2}},"categories":[187,1161,44,7671,6937,15],"tags":[27,10275,7843,10276],"class_list":["post-60867","post","type-post","status-publish","format-standard","has-post-thumbnail","hentry","category-centros-educativos","category-ciudadania","category-noticias-de-hoy","category-politica","category-sociedad","category-ultimas-noticias","tag-educacion","tag-lenguas","tag-ley-celaa","tag-segregacion-de-sexos"],"jetpack_publicize_connections":[],"jetpack_featured_media_url":"https:\/\/i0.wp.com\/miradordeatarfe.es\/wp-content\/uploads\/2023\/04\/fe094813-62a7-4bf2-add6-3d70c95a1f94_alta-libre-aspect-ratio_default_0.jpg?fit=1200%2C800&ssl=1","jetpack_likes_enabled":true,"jetpack_sharing_enabled":true,"_links":{"self":[{"href":"https:\/\/miradordeatarfe.es\/index.php?rest_route=\/wp\/v2\/posts\/60867","targetHints":{"allow":["GET"]}}],"collection":[{"href":"https:\/\/miradordeatarfe.es\/index.php?rest_route=\/wp\/v2\/posts"}],"about":[{"href":"https:\/\/miradordeatarfe.es\/index.php?rest_route=\/wp\/v2\/types\/post"}],"author":[{"embeddable":true,"href":"https:\/\/miradordeatarfe.es\/index.php?rest_route=\/wp\/v2\/users\/1"}],"replies":[{"embeddable":true,"href":"https:\/\/miradordeatarfe.es\/index.php?rest_route=%2Fwp%2Fv2%2Fcomments&post=60867"}],"version-history":[{"count":2,"href":"https:\/\/miradordeatarfe.es\/index.php?rest_route=\/wp\/v2\/posts\/60867\/revisions"}],"predecessor-version":[{"id":60870,"href":"https:\/\/miradordeatarfe.es\/index.php?rest_route=\/wp\/v2\/posts\/60867\/revisions\/60870"}],"wp:featuredmedia":[{"embeddable":true,"href":"https:\/\/miradordeatarfe.es\/index.php?rest_route=\/wp\/v2\/media\/60868"}],"wp:attachment":[{"href":"https:\/\/miradordeatarfe.es\/index.php?rest_route=%2Fwp%2Fv2%2Fmedia&parent=60867"}],"wp:term":[{"taxonomy":"category","embeddable":true,"href":"https:\/\/miradordeatarfe.es\/index.php?rest_route=%2Fwp%2Fv2%2Fcategories&post=60867"},{"taxonomy":"post_tag","embeddable":true,"href":"https:\/\/miradordeatarfe.es\/index.php?rest_route=%2Fwp%2Fv2%2Ftags&post=60867"}],"curies":[{"name":"wp","href":"https:\/\/api.w.org\/{rel}","templated":true}]}}