{"id":60894,"date":"2023-04-26T11:30:27","date_gmt":"2023-04-26T09:30:27","guid":{"rendered":"https:\/\/miradordeatarfe.es\/?p=60894"},"modified":"2023-10-21T10:37:06","modified_gmt":"2023-10-21T08:37:06","slug":"medina-elvira-organizacion-de-la-ciudad-por-jose-enrique-granados","status":"publish","type":"post","link":"https:\/\/miradordeatarfe.es\/?p=60894","title":{"rendered":"\u00abMEDINA ELVIRA ORGANIZACI\u00d3N DE LA CIUDAD\u00bb por Jos\u00e9 Enrique Granados"},"content":{"rendered":"<div class=\"\" dir=\"auto\">\n<div id=\":r35:\" class=\"x1iorvi4 x1pi30zi x1swvt13 x1l90r2v\" data-ad-comet-preview=\"message\" data-ad-preview=\"message\">\n<div class=\"x78zum5 xdt5ytf xz62fqu x16ldp7u\">\n<div class=\"xu06os2 x1ok221b\">\n<div class=\"x11i5rnm xat24cr x1mh8g0r x1vvkbs xdj266r x126k92a\">\n<h3 dir=\"auto\" style=\"text-align: justify;\">El trabajo de Garc\u00eda-Contreras et al., publicado en 2022 en la revista \u201cCuadernos de Prehistoria y Arqueolog\u00eda de la Universidad de Granada\u201d, titulado \u201cNuevos datos sobre Medina Elvira: estructuras en el centro urbano y una nueva necr\u00f3polis en la periferia de la ciudad emiral y califal de la vega de Granada\u201d aporta datos bastantes significativos sobre la organizaci\u00f3n de la ciudad.<\/h3>\n<div dir=\"auto\" style=\"text-align: justify;\">En las conclusiones de dicho trabajo se pone de manifiesto que \u201cla existencia de construcciones con z\u00f3calo de mamposter\u00eda y posibles alzados de tapial, algunos de ellos de cierta entidad permiten reforzar la idea de estar ante un lugar central de una ciudad de notable importancia con din\u00e1micas de cambio y transformaci\u00f3n a lo largo de sus siglos de existencia, como evidencian las al menos dos fases que se detectan en varios de los sondeos.\u201d<\/div>\n<div dir=\"auto\">\u00a0<\/div>\n<div dir=\"auto\" style=\"text-align: justify;\">\u201cLos sondeos efectuados en el camino de las Monjas, confirman la extensi\u00f3n del urbanismo a una distancia considerable de lo que se presupone debe ser el centro de la medina, as\u00ed como la existencia de un espacio dedicado a los muertos. No sabemos si esta necr\u00f3polis fue de grandes dimensiones, pudiendo ser la misma que se excav\u00f3 en el a\u00f1o 2009 a unos doscientos metros m\u00e1s al oeste, o si por el contrario nos encontramos ante zonas de enterramientos separadas entre s\u00ed y adscritas a grupos vecinales o familiares diferentes, lo que explicar\u00eda la acumulaci\u00f3n y casi superposici\u00f3n de cuerpos en estos espacios.<\/div>\n<div dir=\"auto\">\u00a0<\/div>\n<div dir=\"auto\" style=\"text-align: justify;\">En cualquier caso, lo que s\u00ed est\u00e1 claro es que es un \u00e1rea de enterramientos que perdura a lo largo de los a\u00f1os y se va reutilizando, encontrando diferentes fases de cementerio a lo largo de un mismo periodo cronocultural que puede abarcar desde el siglo IX al X, no yendo m\u00e1s all\u00e1 del XI. Las intervenciones llevadas a cabo en ambas zonas vienen a confirmar muchos de los presupuestos planteados anteriormente por la investigaci\u00f3n en este yacimiento. Pero aportan, adem\u00e1s, como novedad, y complejizando algo m\u00e1s la propia visi\u00f3n del yacimiento, la posible interpretaci\u00f3n de los restos que quedan m\u00e1s al sur y este de la zona de necr\u00f3polis como arrabales que crecieron en los momentos de mayor auge de la medina. Y sin que ello signifique, necesariamente, que todo el interior de la misma estaba saturado, ya que hemos visto que no siempre aparecen estructuras en todos los sondeos que se realizan<\/div>\n<div dir=\"auto\">\u00a0<\/div>\n<div dir=\"auto\" style=\"text-align: justify;\">Como \u00faltima consideraci\u00f3n, queremos hacer hincapi\u00e9 en la importancia de este tipo de intervenciones arqueol\u00f3gicas previas a cualquier actuaci\u00f3n edificatoria en el yacimiento, asegur\u00e1ndonos as\u00ed la correcta salvaguarda del patrimonio arqueol\u00f3gico y en especial de la riqueza del caso actual.\u201d<\/div>\n<div dir=\"auto\">\u00a0<\/div>\n<\/div>\n<div class=\"x11i5rnm xat24cr x1mh8g0r x1vvkbs xtlvy1s x126k92a\">\n<div dir=\"auto\" style=\"text-align: justify;\">En la imagen principales top\u00f3nimos sobre el yacimiento de Medina Elvira.<\/div>\n<div dir=\"auto\" style=\"text-align: justify;\">\u00a0<\/div>\n<\/div>\n<div class=\"x11i5rnm xat24cr x1mh8g0r x1vvkbs xtlvy1s x126k92a\">\n<div dir=\"auto\"><a href=\"https:\/\/www.facebook.com\/profile.php?id=100063704734064\"><strong>Gacetilla y curiosidades elvirenses.<\/strong><\/a><\/div>\n<\/div>\n<\/div>\n<\/div>\n<\/div>\n<\/div>\n","protected":false},"excerpt":{"rendered":"<p>El trabajo de Garc\u00eda-Contreras et al., publicado en 2022 en la revista \u201cCuadernos de Prehistoria&#8230;<\/p>\n","protected":false},"author":1,"featured_media":60895,"comment_status":"closed","ping_status":"closed","sticky":false,"template":"","format":"standard","meta":{"_coblocks_attr":"","_coblocks_dimensions":"","_coblocks_responsive_height":"","_coblocks_accordion_ie_support":"","jetpack_post_was_ever_published":false,"_jetpack_newsletter_access":"","_jetpack_dont_email_post_to_subs":false,"_jetpack_newsletter_tier_id":0,"_jetpack_memberships_contains_paywalled_content":false,"_jetpack_memberships_contains_paid_content":false,"footnotes":"","jetpack_publicize_message":"","jetpack_publicize_feature_enabled":true,"jetpack_social_post_already_shared":false,"jetpack_social_options":{"image_generator_settings":{"template":"highway","default_image_id":0,"enabled":false},"version":2}},"categories":[1225,38,5359,10431],"tags":[],"class_list":["post-60894","post","type-post","status-publish","format-standard","has-post-thumbnail","hentry","category-ha-de-atarfe","category-opinion-de-jose-enrique-granados","category-madinat-ilbira","category-medina-elvira-2"],"jetpack_publicize_connections":[],"jetpack_featured_media_url":"https:\/\/i0.wp.com\/miradordeatarfe.es\/wp-content\/uploads\/2023\/04\/336903771_3756845114643036_5100087377915859124_n.jpg?fit=940%2C540&ssl=1","jetpack_likes_enabled":true,"jetpack_sharing_enabled":true,"_links":{"self":[{"href":"https:\/\/miradordeatarfe.es\/index.php?rest_route=\/wp\/v2\/posts\/60894","targetHints":{"allow":["GET"]}}],"collection":[{"href":"https:\/\/miradordeatarfe.es\/index.php?rest_route=\/wp\/v2\/posts"}],"about":[{"href":"https:\/\/miradordeatarfe.es\/index.php?rest_route=\/wp\/v2\/types\/post"}],"author":[{"embeddable":true,"href":"https:\/\/miradordeatarfe.es\/index.php?rest_route=\/wp\/v2\/users\/1"}],"replies":[{"embeddable":true,"href":"https:\/\/miradordeatarfe.es\/index.php?rest_route=%2Fwp%2Fv2%2Fcomments&post=60894"}],"version-history":[{"count":1,"href":"https:\/\/miradordeatarfe.es\/index.php?rest_route=\/wp\/v2\/posts\/60894\/revisions"}],"predecessor-version":[{"id":60896,"href":"https:\/\/miradordeatarfe.es\/index.php?rest_route=\/wp\/v2\/posts\/60894\/revisions\/60896"}],"wp:featuredmedia":[{"embeddable":true,"href":"https:\/\/miradordeatarfe.es\/index.php?rest_route=\/wp\/v2\/media\/60895"}],"wp:attachment":[{"href":"https:\/\/miradordeatarfe.es\/index.php?rest_route=%2Fwp%2Fv2%2Fmedia&parent=60894"}],"wp:term":[{"taxonomy":"category","embeddable":true,"href":"https:\/\/miradordeatarfe.es\/index.php?rest_route=%2Fwp%2Fv2%2Fcategories&post=60894"},{"taxonomy":"post_tag","embeddable":true,"href":"https:\/\/miradordeatarfe.es\/index.php?rest_route=%2Fwp%2Fv2%2Ftags&post=60894"}],"curies":[{"name":"wp","href":"https:\/\/api.w.org\/{rel}","templated":true}]}}