{"id":60897,"date":"2023-05-03T09:00:10","date_gmt":"2023-05-03T07:00:10","guid":{"rendered":"https:\/\/miradordeatarfe.es\/?p=60897"},"modified":"2023-04-29T12:08:39","modified_gmt":"2023-04-29T10:08:39","slug":"todo-en-la-vida-debiera-girar-en-torno-al-amor-porque-nada-se-construye-si-este-falta","status":"publish","type":"post","link":"https:\/\/miradordeatarfe.es\/?p=60897","title":{"rendered":"\u00abTodo en la vida debiera girar en torno al amor, porque nada se construye si este falta\u00bb"},"content":{"rendered":"<h3 class=\"v-a-sub-t\" style=\"text-align: justify;\">El autor, sensible desde siempre a las causas de car\u00e1cter social, present\u00f3 &#8216;Que el coraz\u00f3n no se pase de moda&#8217; ma\u00f1ana en la Feria del Libro<\/h3>\n<p class=\"v-p\" style=\"text-align: justify;\">Manuel Mart\u00edn es el defensor del ciudadano de Granada. Profesional curtido en mil batallas siempre a favor de quienes menos se pueden defender, ha hecho de la literatura una forma de reivindicaci\u00f3n de aquello en lo que cree. Porque la mancha del mal se extiende r\u00e1pidamente, y \u00e9l ha entendido que s\u00f3lo se puede ahogar en abundancia de bien. Por ello, ha escrito &#8216;Que el coraz\u00f3n no se pase de moda&#8217;, con una referencia direct\u00edsima a la bella canci\u00f3n &#8216;Noches de boda&#8217;, que interpretaran a d\u00fao Joaqu\u00edn Sabina y Chavela Vargas, y que cantaran ambos con aquellas voces rotas por el tiempo y las noches en vela. Mart\u00edn lo presenta este s\u00e1bado a las 19.00 horas, en el marco de la Feria del Libro. El volumen cuenta con un pr\u00f3logo del defensor del pueblo, \u00c1ngel Gabilondo, y ep\u00edlogo a cargo de la profesora y cr\u00edtica literaria Remedios S\u00e1nchez.<\/p>\n<p class=\"v-p\" style=\"text-align: justify;\">El autor reflexiona a prop\u00f3sito de la oportunidad de su obra. \u00abMirando el mundo tal y como est\u00e1, no hay duda de que necesita una revoluci\u00f3n. Necesita una revoluci\u00f3n ecol\u00f3gica, econ\u00f3mica, pol\u00edtica y social, pero fundamentalmente necesita una revoluci\u00f3n del afecto y la ternura. Una revoluci\u00f3n cuyas armas sean la cabeza y el coraz\u00f3n\u00bb, subraya. Ciertamente, el momento actual no es el m\u00e1s adecuado para ello. \u00abPor eso mismo, reivindico la revoluci\u00f3n del amor como punto de partida, como lentes con las que mirar el mundo y las personas\u00bb.<\/p>\n<div class=\"v-c-cmp v-c-cmp--ab-xs\" style=\"text-align: justify;\">\n<div class=\"v-d-cmp-smy\">\n<article class=\"v-a v-a--cmp-smy \">\n<div class=\"v-a-info-c\">\n<h3 class=\"v-a-t\">\u00abEl trabajo llena una gran parte de la vida, y la \u00fanica forma de hacer un gran trabajo es amar lo que haces\u00bb<\/h3>\n<\/div>\n<\/article>\n<\/div>\n<\/div>\n<p class=\"v-p\" style=\"text-align: justify;\">Garc\u00eda opina que puede resultar un poco extra\u00f1o abogar por este concepto c\u00edvico que, a veces ni respetan ni cuidan los propios administradores de ese &#8216;bien com\u00fan&#8217;. Resulta extra\u00f1o, pero esto es lo que va haciendo mucha falta, esta es la revoluci\u00f3n posible y la m\u00e1s necesaria: la del amor. \u00abTodo en la vida debiera girar en torno al amor: ni la pol\u00edtica, ni la econom\u00eda, ni el trabajo, ni las ciudades, ni el periodismo\u2026 Nada sirve si no se construye con amor\u00bb, dice. Y a\u00f1ade que el amor es tambi\u00e9n un concepto ciudadano, civil, pol\u00edtico, y se manifiesta en acciones orientadas a construir una sociedad mejor.<\/p>\n<p class=\"v-p\" style=\"text-align: justify;\">M\u00e1s all\u00e1 de las buenas intenciones, &#8216;Que el coraz\u00f3n no se pase de moda&#8217;, afirma, \u00abes algo as\u00ed como un encargo, mucho m\u00e1s que un buen deseo, un imperativo a la voluntad para que coja el paso debido. Expresa en voz alta una esperanza. Pide que la felicidad se imponga y permanezca, reclama que defendamos siempre la equidad, la justicia y la dignidad humana\u00bb, asegura.<\/p>\n<div class=\"v-c-cmp v-n-mrg\" style=\"text-align: justify;\">\n<h3 class=\"v-d-cmp-sub-hl\">Humanizar la vida<\/h3>\n<\/div>\n<p class=\"v-p\" style=\"text-align: justify;\">Manuel Mart\u00edn desciende a la \u00e9pica de lo cotidiano en su libro. \u00abHay oportunidades en cada esquina para humanizar nuestro entorno e impedir que el coraz\u00f3n se pase de moda. Esta es la gran revoluci\u00f3n pendiente: humanizar la vida que nos toc\u00f3, y en lo posible, hacer del amor nuestra bandera\u00bb. En el libro, ofrece sugerencias para desarrollar un estilo de vida personal alternativo y transformador, que exprese que somos humanos y que nada de lo humano nos puede ser ajeno.<\/p>\n<p class=\"v-p\" style=\"text-align: justify;\">Estas metas en forma de encomiendas &#8216;sabineras&#8217;, como \u00e9l mismo las describe con humor, son las que han de copar nuestro inter\u00e9s. \u00abPara salir adelante, todos, cada uno, hemos de mirar al bien com\u00fan y comprometernos en ello. Ser mejores para apellidarnos humanos. Y llenarnos de bien y solo concentrarnos en \u00e9l. Cada cual en su tarea puede generar un cambio peque\u00f1o y pr\u00f3ximo hacia ese bien com\u00fan m\u00e1s amplio y general\u00bb.<\/p>\n<p class=\"v-p\" style=\"text-align: justify;\">Sobre su momento vital, el escritor afirma: \u00abAmo lo que hago e intento hacerlo cada d\u00eda con aut\u00e9ntica pasi\u00f3n. La \u00fanica manera de hacer un trabajo excelente es amar lo que haces. El mundo necesita gente que ame lo que hace. El trabajo llena una gran parte de la vida, y la \u00fanica forma de hacer un gran trabajo es amar lo que haces\u00bb. De esta obra dice la profesora Remedios S\u00e1nchez en el ep\u00edlogo que es un libro donde se evidencia que decir la verdad, aunque duela y sea inc\u00f3moda, es lo \u00fanico que nos salva como sociedad. Y como ha ocurrido con sus anteriores publicaciones, los beneficios de la venta de este volumen ir\u00e1n destinados \u00edntegramente a proyectos solidarios. Hay que predicar con el ejemplo.<\/p>\n<p><a href=\"https:\/\/www.ideal.es\/autor\/jose-antonio-munoz-2730.html\"><strong>Jos\u00e9 Antonio Mu\u00f1oz<\/strong> <\/a><\/p>\n<article class=\"v-a v-a--d v-a--d-bs v-a--p-b\">\n<div class=\"v-a-img-c v-a-img-c--fw-xs\">\n<figure class=\"v-a-fig\"><figcaption class=\"v-fc\"><span class=\"v-fc__text\">FOTO: Manuel Mart\u00edn, defensor del ciudadano y escritor.<\/span> <span class=\"v-fc__ath\">Ram\u00f3n L. P\u00e9rez<\/span><\/figcaption><\/figure>\n<\/div>\n<div class=\"v-a-info-c \">\n<p>https:\/\/www.ideal.es\/culturas\/vida-debiera-girar-torno-amor-construye-falta-20230421114831-nt.html<\/p>\n<h2 class=\"v-a-sub-t\">\u00a0<\/h2>\n<\/div>\n<\/article>\n<div class=\"v-d v-d--ab-c v-d--bs\">\n<div class=\"v-mdl-ath\" data-voc-component=\"viewport-not-visible\">\n<div class=\"v-mdl-ath__c v-mdl-ath__c--1\">\n<figure class=\"v-mdl-ath__fig\"><a class=\"v-mdl-ath__fig-link\" title=\"Jos\u00e9 Antonio Mu\u00f1oz\" href=\"https:\/\/www.ideal.es\/autor\/jose-antonio-munoz-2730.html\">\u00a0 <\/a><\/figure>\n<div class=\"v-mdl-ath__info\">\n<p class=\"v-mdl-ath__p v-mdl-ath__p--name\">\u00a0<\/p>\n<\/div>\n<\/div>\n<\/div>\n<\/div>\n","protected":false},"excerpt":{"rendered":"<p>El autor, sensible desde siempre a las causas de car\u00e1cter social, present\u00f3 &#8216;Que el coraz\u00f3n&#8230;<\/p>\n","protected":false},"author":1,"featured_media":60898,"comment_status":"closed","ping_status":"closed","sticky":false,"template":"","format":"standard","meta":{"_coblocks_attr":"","_coblocks_dimensions":"","_coblocks_responsive_height":"","_coblocks_accordion_ie_support":"","jetpack_post_was_ever_published":false,"_jetpack_newsletter_access":"","_jetpack_dont_email_post_to_subs":false,"_jetpack_newsletter_tier_id":0,"_jetpack_memberships_contains_paywalled_content":false,"_jetpack_memberships_contains_paid_content":false,"footnotes":"","jetpack_publicize_message":"","jetpack_publicize_feature_enabled":true,"jetpack_social_post_already_shared":false,"jetpack_social_options":{"image_generator_settings":{"template":"highway","default_image_id":0,"enabled":false},"version":2}},"categories":[1161,44,7671,15],"tags":[10280,10283],"class_list":["post-60897","post","type-post","status-publish","format-standard","has-post-thumbnail","hentry","category-ciudadania","category-noticias-de-hoy","category-politica","category-ultimas-noticias","tag-defensor-del-ciudadano","tag-manolo-martin"],"jetpack_publicize_connections":[],"jetpack_featured_media_url":"https:\/\/i0.wp.com\/miradordeatarfe.es\/wp-content\/uploads\/2023\/04\/manolo-martin.jpg?fit=758%2C531&ssl=1","jetpack_likes_enabled":true,"jetpack_sharing_enabled":true,"_links":{"self":[{"href":"https:\/\/miradordeatarfe.es\/index.php?rest_route=\/wp\/v2\/posts\/60897","targetHints":{"allow":["GET"]}}],"collection":[{"href":"https:\/\/miradordeatarfe.es\/index.php?rest_route=\/wp\/v2\/posts"}],"about":[{"href":"https:\/\/miradordeatarfe.es\/index.php?rest_route=\/wp\/v2\/types\/post"}],"author":[{"embeddable":true,"href":"https:\/\/miradordeatarfe.es\/index.php?rest_route=\/wp\/v2\/users\/1"}],"replies":[{"embeddable":true,"href":"https:\/\/miradordeatarfe.es\/index.php?rest_route=%2Fwp%2Fv2%2Fcomments&post=60897"}],"version-history":[{"count":2,"href":"https:\/\/miradordeatarfe.es\/index.php?rest_route=\/wp\/v2\/posts\/60897\/revisions"}],"predecessor-version":[{"id":60900,"href":"https:\/\/miradordeatarfe.es\/index.php?rest_route=\/wp\/v2\/posts\/60897\/revisions\/60900"}],"wp:featuredmedia":[{"embeddable":true,"href":"https:\/\/miradordeatarfe.es\/index.php?rest_route=\/wp\/v2\/media\/60898"}],"wp:attachment":[{"href":"https:\/\/miradordeatarfe.es\/index.php?rest_route=%2Fwp%2Fv2%2Fmedia&parent=60897"}],"wp:term":[{"taxonomy":"category","embeddable":true,"href":"https:\/\/miradordeatarfe.es\/index.php?rest_route=%2Fwp%2Fv2%2Fcategories&post=60897"},{"taxonomy":"post_tag","embeddable":true,"href":"https:\/\/miradordeatarfe.es\/index.php?rest_route=%2Fwp%2Fv2%2Ftags&post=60897"}],"curies":[{"name":"wp","href":"https:\/\/api.w.org\/{rel}","templated":true}]}}