{"id":6090,"date":"2016-01-20T09:00:48","date_gmt":"2016-01-20T09:00:48","guid":{"rendered":"http:\/\/miradordeatarfe.es\/?p=6090"},"modified":"2016-01-20T09:08:54","modified_gmt":"2016-01-20T09:08:54","slug":"acto-de-la-republica-en-atarfe-por-jose-enrique-granados","status":"publish","type":"post","link":"https:\/\/miradordeatarfe.es\/?p=6090","title":{"rendered":"\u00abACTO DE LA REPUBLICA EN ATARFE\u00bb por Jos\u00e9 Enrique Granados"},"content":{"rendered":"<p>Seg\u00fan podemos consultar en las hemerotecas, el 26 de octubre de 1912 tuvo lugar en nuestro pueblo un mitin organizado por el Centro republicano para escuchar la voz autorizada de D. Rosendo Castell miembro del directorio de la Uni\u00f3n Republicana y del comit\u00e9 ejecutivo nacional de la conjunci\u00f3n republicano-socialista. <!--more--><\/p>\n<p>El acto celebrado en el local del Centro Republicano, nuevo y totalmente lleno, revisti\u00f3 gran importancia asistiendo representantes del partido de numerosos puebl<span class=\"text_exposed_show\">os vecinos.Presidi\u00f3 el acto D. Bernardo Esquivias que sent\u00f3 a sus lados a los se\u00f1ores Castells y Garc\u00eda Duarte, ocupando tambi\u00e9n la presidencia el delegado de la autoridad Sr. Daza, quienes fueron recibidos con v\u00edtores y aplausos por un numeroso grupo del pueblo.<\/span><\/p>\n<div class=\"text_exposed_show\">\n<p>El Sr. Castells, dijo entre otras cosas:<\/p>\n<p>\u201cImporta mucho que dig\u00e1is en los mitin, tertulias, caf\u00e9s y aun en el campo, en los momentos de ocio, en el trabajo, a cuantos quieran escucharos que la Rep\u00fablica no es un r\u00e9gimen de devastaci\u00f3n, sino un r\u00e9gimen de orden y que si Espa\u00f1a quiere de veras salvarse debe hacerse republicana,(grandes aplausos).<\/p>\n<p>H\u00e1llese Espa\u00f1a en situaci\u00f3n de profunda decadencia, porque las casas de Austria y de Borb\u00f3n han perdido todo aquel gran poder de hace cuatro siglos. El gobierno de las mujeres influidas por favoritos y camarillas lacayescos, dominadas por el clericalismo, fue causa de nuestra mayor decadencia. Fijaos bien; si se quitan de la historia de Espa\u00f1a en esos 406 a\u00f1os las figuras del conde de Aranda y Mendiz\u00e1bal, queda nuestra historia reducida a la del pueblo que marcha a pasos agigantados hacia la m\u00e1s absoluta ruina. \u201c<\/p>\n<p>La Uni\u00f3n Republicana (UR) fue un partido pol\u00edtico fundado en Madrid en 1903 con el prop\u00f3sito de unificar las dispersas fuerzas republicanas del pa\u00eds en el contexto de la Restauraci\u00f3n, todos ellos muy heterog\u00e9neos ideol\u00f3gicamente y a menudo enfrentados a nivel personal, lo que hab\u00eda impedido hasta entonces la convergencia entre ellos. Los art\u00edfices de Uni\u00f3n Republicana fueron Nicol\u00e1s Salmer\u00f3n, que ser\u00eda el presidente, y Alejandro Lerroux. En su programa reclamaba la restauraci\u00f3n de la Constituci\u00f3n de 1869, la proclamaci\u00f3n de la rep\u00fablica y convocar unas Cortes Constituyentes.<\/p>\n<p>Aunque no podemos verificarlo con absoluta certeza, es muy probable que la fotograf\u00eda que ilustra este texto, la cual ofrecimos retocada el pasado 6 de enero, se corresponda con alg\u00fan momento de este acto.<\/p>\n<p>Curiosidades elvirenses.<\/p>\n<\/div>\n","protected":false},"excerpt":{"rendered":"<p>Seg\u00fan podemos consultar en las hemerotecas, el 26 de octubre de 1912 tuvo lugar en&#8230;<\/p>\n","protected":false},"author":1,"featured_media":6091,"comment_status":"closed","ping_status":"closed","sticky":false,"template":"","format":"standard","meta":{"_coblocks_attr":"","_coblocks_dimensions":"","_coblocks_responsive_height":"","_coblocks_accordion_ie_support":"","jetpack_post_was_ever_published":false,"_jetpack_newsletter_access":"","_jetpack_dont_email_post_to_subs":false,"_jetpack_newsletter_tier_id":0,"_jetpack_memberships_contains_paywalled_content":false,"_jetpack_memberships_contains_paid_content":false,"footnotes":"","jetpack_publicize_message":"","jetpack_publicize_feature_enabled":true,"jetpack_social_post_already_shared":false,"jetpack_social_options":{"image_generator_settings":{"template":"highway","default_image_id":0,"enabled":false},"version":2}},"categories":[2,1225,38,44,15],"tags":[209,905,425],"class_list":["post-6090","post","type-post","status-publish","format-standard","has-post-thumbnail","hentry","category-atarfe","category-ha-de-atarfe","category-opinion-de-jose-enrique-granados","category-noticias-de-hoy","category-ultimas-noticias","tag-mitin","tag-partidos","tag-republica"],"jetpack_publicize_connections":[],"jetpack_featured_media_url":"https:\/\/i0.wp.com\/miradordeatarfe.es\/wp-content\/uploads\/2016\/01\/12400564_940035599415789_5423955104448689417_n.jpg?fit=688%2C495&ssl=1","jetpack_likes_enabled":true,"jetpack_sharing_enabled":true,"_links":{"self":[{"href":"https:\/\/miradordeatarfe.es\/index.php?rest_route=\/wp\/v2\/posts\/6090","targetHints":{"allow":["GET"]}}],"collection":[{"href":"https:\/\/miradordeatarfe.es\/index.php?rest_route=\/wp\/v2\/posts"}],"about":[{"href":"https:\/\/miradordeatarfe.es\/index.php?rest_route=\/wp\/v2\/types\/post"}],"author":[{"embeddable":true,"href":"https:\/\/miradordeatarfe.es\/index.php?rest_route=\/wp\/v2\/users\/1"}],"replies":[{"embeddable":true,"href":"https:\/\/miradordeatarfe.es\/index.php?rest_route=%2Fwp%2Fv2%2Fcomments&post=6090"}],"version-history":[{"count":1,"href":"https:\/\/miradordeatarfe.es\/index.php?rest_route=\/wp\/v2\/posts\/6090\/revisions"}],"predecessor-version":[{"id":6092,"href":"https:\/\/miradordeatarfe.es\/index.php?rest_route=\/wp\/v2\/posts\/6090\/revisions\/6092"}],"wp:featuredmedia":[{"embeddable":true,"href":"https:\/\/miradordeatarfe.es\/index.php?rest_route=\/wp\/v2\/media\/6091"}],"wp:attachment":[{"href":"https:\/\/miradordeatarfe.es\/index.php?rest_route=%2Fwp%2Fv2%2Fmedia&parent=6090"}],"wp:term":[{"taxonomy":"category","embeddable":true,"href":"https:\/\/miradordeatarfe.es\/index.php?rest_route=%2Fwp%2Fv2%2Fcategories&post=6090"},{"taxonomy":"post_tag","embeddable":true,"href":"https:\/\/miradordeatarfe.es\/index.php?rest_route=%2Fwp%2Fv2%2Ftags&post=6090"}],"curies":[{"name":"wp","href":"https:\/\/api.w.org\/{rel}","templated":true}]}}