{"id":60922,"date":"2023-04-27T11:27:25","date_gmt":"2023-04-27T09:27:25","guid":{"rendered":"https:\/\/miradordeatarfe.es\/?p=60922"},"modified":"2023-04-26T11:42:26","modified_gmt":"2023-04-26T09:42:26","slug":"izquierda-unida-de-atarfe-presenta-a-jennifer-garcia-como-cabeza-de-lista-pasra-las-elecciones-del-28m","status":"publish","type":"post","link":"https:\/\/miradordeatarfe.es\/?p=60922","title":{"rendered":"IZQUIERDA UNIDA DE ATARFE PRESENTA A JENNIFER GARC\u00cdA  COMO CABEZA DE LISTA PASRA LAS ELECCIONES DEL 28M"},"content":{"rendered":"<div id=\"content\" class=\"fw\">\n<div class=\"w66 pr7 left col1\">\n<article class=\"fw main hentry post-225641 noticias type-noticias status-publish has-post-thumbnail hentry secciones-atarfe etiquetas-area-metropolitana etiquetas-atarfe etiquetas-elecciones-municipales-2023 etiquetas-elecciones-municipales-2023-granada etiquetas-elecciones-municipales-granada\">\n<section class=\"fw\">\n<h1 class=\"entry-title\">Jennifer Garc\u00eda, cabeza de lista de IU en Atarfe para las Municipales<\/h1>\n<p class=\"intro\" style=\"text-align: justify;\">La candidatura estar\u00e1 compuesta por un total de 21 personas. La asamblea local de Izquierda Unida de<strong> Atarfe<\/strong> ha elegido a Jennifer Garc\u00eda como su cabeza de lista a la Alcald\u00eda de cara a las pr\u00f3ximas Elecciones Municipales.As\u00ed, la acompa\u00f1ar\u00e1n 21 personas que \u00abaportar\u00e1n lo mejor de cada uno\u00bb, con el objetivo de que <strong>Atarfe <\/strong>avance. La lista se conforma con personas j\u00f3venes, preparadas, con una amplia experiencia pol\u00edtica y con un gran compromiso pol\u00edtico.<\/p>\n<p style=\"text-align: justify;\">De este modo, el principal objetivo de Izquierda Unida con esta candidatura es que Atarfe \u00abno retroceda, caminando con los ciudadanos y cuidando el municipio\u00bb.<\/p>\n<div class=\"x11i5rnm xat24cr x1mh8g0r x1vvkbs xtlvy1s x126k92a\" style=\"text-align: justify;\">\n<div dir=\"auto\">Jennifer Garcia Moreno fue elegida por unanimidad en la asamblea como candidata a las elecciones municipales. Fue concejala de nuestro Ayuntamiento (1999-2007) pero representa la renovaci\u00f3n de nuestra coalici\u00f3n en estas elecciones. Militante del PCE desde muy joven y con una gran convicci\u00f3n pol\u00edtica vivida en el seno de su familia. Ha sido secretaria pol\u00edtica del PCE hasta que fue elegida Coordinadora local de Izquierda Unida.<\/div>\n<div dir=\"auto\">\u00a0<\/div>\n<\/div>\n<div class=\"x11i5rnm xat24cr x1mh8g0r x1vvkbs xtlvy1s x126k92a\" style=\"text-align: justify;\">\n<div dir=\"auto\">\u00a0Nacida y criada en Atarfe, Jennifer es una persona trabajadora, humilde,solidaria y muy luchadora.Trabaja como t\u00e9cnica en Atenci\u00f3n a personas en situaci\u00f3n de dependencia en el domicilio y se desvive por su trabajo.<\/div>\n<div dir=\"auto\">\u00a0<\/div>\n<\/div>\n<div class=\"x11i5rnm xat24cr x1mh8g0r x1vvkbs xtlvy1s x126k92a\" style=\"text-align: justify;\">\n<div dir=\"auto\">\u00a0\u00bb Queremos un Atarfe con futuro, un Atarfe sostenible, donde la igualdad sea el eje transversal de todas las politicas.Estamos con la mayoria social, con la clase trabajadora, con las peque\u00f1as y medianas empresas, queremos mejorar la vida de nuestra gente.\u00bb<\/div>\n<div dir=\"auto\">\u00a0<\/div>\n<div dir=\"auto\">La lista se conforma con personas j\u00f3venes, preparadas, con una amplia experiencia pol\u00edtica y con un gran compromiso pol\u00edtico. Desde Izquierda Unida se presentan muy ilusionados ante el reto de hacer m\u00e1s felices a los vecinos de Atarfe y facilitarles la vida. El principal objetivo de Izquierda Unida con esta candidatura es que Atarfe avance y no retroceda, caminando con los ciudadanos y cuidando el municipio.<\/div>\n<\/div>\n<\/section>\n<\/article>\n<\/div>\n<\/div>\n<div dir=\"auto\" style=\"text-align: justify;\">\u00a0<\/div>\n<div dir=\"auto\" style=\"text-align: justify;\">Adem\u00e1s de Jennifer Garc\u00eda, est\u00e1n Jos\u00e9 Gonz\u00e1lez, In\u00e9s Cotelo, Alejandro G\u00e1lvez, Silvia Lara, Ataulfo Toro, Marta Fern\u00e1ndez, Jes\u00fas P\u00e9rez, Nerea Castro, Ernesto Torrecillas, Fuencisla S\u00e1nchez, Fidel Valenzuela, Emilia August\u00edn, Adri\u00e1n Fern\u00e1ndez, Patricia Garc\u00eda, Jos\u00e9 Mar\u00eda Cervantes y Celia Moreno. Por su parte, los suplentes son V\u00edctor Alch\u00e9, Mar\u00eda Isabel Comino y Ra\u00fal Rivera.<\/div>\n<div dir=\"auto\" style=\"text-align: justify;\">\u00a0<\/div>\n<div dir=\"auto\"><a href=\"https:\/\/i0.wp.com\/miradordeatarfe.es\/wp-content\/uploads\/2023\/04\/339314696_1324502261444052_5839679448041104159_n.jpg?ssl=1\"><img data-recalc-dims=\"1\" loading=\"lazy\" decoding=\"async\" class=\"alignnone wp-image-60923 size-full\" src=\"https:\/\/i0.wp.com\/miradordeatarfe.es\/wp-content\/uploads\/2023\/04\/339314696_1324502261444052_5839679448041104159_n.jpg?resize=640%2C480&#038;ssl=1\" alt=\"\" width=\"640\" height=\"480\" srcset=\"https:\/\/i0.wp.com\/miradordeatarfe.es\/wp-content\/uploads\/2023\/04\/339314696_1324502261444052_5839679448041104159_n.jpg?w=960&amp;ssl=1 960w, https:\/\/i0.wp.com\/miradordeatarfe.es\/wp-content\/uploads\/2023\/04\/339314696_1324502261444052_5839679448041104159_n.jpg?resize=300%2C225&amp;ssl=1 300w, https:\/\/i0.wp.com\/miradordeatarfe.es\/wp-content\/uploads\/2023\/04\/339314696_1324502261444052_5839679448041104159_n.jpg?resize=768%2C576&amp;ssl=1 768w\" sizes=\"auto, (max-width: 640px) 100vw, 640px\" \/><\/a><\/div>\n<div id=\"content\" class=\"fw\">\n<div class=\"w66 pr7 left col1\">\n<article class=\"fw main hentry post-225641 noticias type-noticias status-publish has-post-thumbnail hentry secciones-atarfe etiquetas-area-metropolitana etiquetas-atarfe etiquetas-elecciones-municipales-2023 etiquetas-elecciones-municipales-2023-granada etiquetas-elecciones-municipales-granada\">\n<section class=\"fw\">\n<div class=\"x11i5rnm xat24cr x1mh8g0r x1vvkbs xtlvy1s x126k92a\">\n<div dir=\"auto\">\u00a0<\/div>\n<\/div>\n<div class=\"x11i5rnm xat24cr x1mh8g0r x1vvkbs xtlvy1s x126k92a\">\n<div dir=\"auto\">CUIDAMOS ATARFE PARA UNA VIDA MEJOR<\/div>\n<div dir=\"auto\"><a class=\"x1i10hfl xjbqb8w x6umtig x1b1mbwd xaqea5y xav7gou x9f619 x1ypdohk xt0psk2 xe8uvvx xdj266r x11i5rnm xat24cr x1mh8g0r xexx8yu x4uap5 x18d9i69 xkhd6sd x16tdsg8 x1hl2dhg xggy1nq x1a2a7pz xt0b8zv x1qq9wsj xo1l8bm\" tabindex=\"0\" role=\"link\" href=\"https:\/\/www.facebook.com\/hashtag\/atarfeconfuturo?__eep__=6&amp;__cft__[0]=AZUO-_iRYKyxawe9msDVUoYYGPBfhbY5RRF8e_l0IHDcUeBh50QQLoehLDZw9hTxKXuIyMhzwh1THKdPC_SYL6Zs5UpXLXKE6llpUHhqos9R68y_FZj8aKwXKeL2coljSux0XbC5wbCKE3LWfdEf4hqTVwjRkiZJBWeJfAFZHzUWDupMOyVbawIpIKG8GTE7yYc&amp;__tn__=*NK-R\">#Atarfeconfuturo<\/a><\/div>\n<\/div>\n<\/section>\n<div dir=\"auto\">\u00a0<\/div>\n<\/article>\n<\/div>\n<\/div>\n","protected":false},"excerpt":{"rendered":"<p>Jennifer Garc\u00eda, cabeza de lista de IU en Atarfe para las Municipales La candidatura estar\u00e1&#8230;<\/p>\n","protected":false},"author":1,"featured_media":60924,"comment_status":"closed","ping_status":"closed","sticky":false,"template":"","format":"standard","meta":{"_coblocks_attr":"","_coblocks_dimensions":"","_coblocks_responsive_height":"","_coblocks_accordion_ie_support":"","jetpack_post_was_ever_published":false,"_jetpack_newsletter_access":"","_jetpack_dont_email_post_to_subs":false,"_jetpack_newsletter_tier_id":0,"_jetpack_memberships_contains_paywalled_content":false,"_jetpack_memberships_contains_paid_content":false,"footnotes":"","jetpack_publicize_message":"","jetpack_publicize_feature_enabled":true,"jetpack_social_post_already_shared":false,"jetpack_social_options":{"image_generator_settings":{"template":"highway","default_image_id":0,"enabled":false},"version":2}},"categories":[2,6916,1161,44,7671,15],"tags":[10288,10289],"class_list":["post-60922","post","type-post","status-publish","format-standard","has-post-thumbnail","hentry","category-atarfe","category-ayuntamiento-de-atarfe","category-ciudadania","category-noticias-de-hoy","category-politica","category-ultimas-noticias","tag-candidatura-izquierda-unida","tag-jennifer-garcia"],"jetpack_publicize_connections":[],"jetpack_featured_media_url":"https:\/\/i0.wp.com\/miradordeatarfe.es\/wp-content\/uploads\/2023\/04\/341195509_958633801981219_7120444656733720963_n.jpg?fit=720%2C540&ssl=1","jetpack_likes_enabled":true,"jetpack_sharing_enabled":true,"_links":{"self":[{"href":"https:\/\/miradordeatarfe.es\/index.php?rest_route=\/wp\/v2\/posts\/60922","targetHints":{"allow":["GET"]}}],"collection":[{"href":"https:\/\/miradordeatarfe.es\/index.php?rest_route=\/wp\/v2\/posts"}],"about":[{"href":"https:\/\/miradordeatarfe.es\/index.php?rest_route=\/wp\/v2\/types\/post"}],"author":[{"embeddable":true,"href":"https:\/\/miradordeatarfe.es\/index.php?rest_route=\/wp\/v2\/users\/1"}],"replies":[{"embeddable":true,"href":"https:\/\/miradordeatarfe.es\/index.php?rest_route=%2Fwp%2Fv2%2Fcomments&post=60922"}],"version-history":[{"count":4,"href":"https:\/\/miradordeatarfe.es\/index.php?rest_route=\/wp\/v2\/posts\/60922\/revisions"}],"predecessor-version":[{"id":60928,"href":"https:\/\/miradordeatarfe.es\/index.php?rest_route=\/wp\/v2\/posts\/60922\/revisions\/60928"}],"wp:featuredmedia":[{"embeddable":true,"href":"https:\/\/miradordeatarfe.es\/index.php?rest_route=\/wp\/v2\/media\/60924"}],"wp:attachment":[{"href":"https:\/\/miradordeatarfe.es\/index.php?rest_route=%2Fwp%2Fv2%2Fmedia&parent=60922"}],"wp:term":[{"taxonomy":"category","embeddable":true,"href":"https:\/\/miradordeatarfe.es\/index.php?rest_route=%2Fwp%2Fv2%2Fcategories&post=60922"},{"taxonomy":"post_tag","embeddable":true,"href":"https:\/\/miradordeatarfe.es\/index.php?rest_route=%2Fwp%2Fv2%2Ftags&post=60922"}],"curies":[{"name":"wp","href":"https:\/\/api.w.org\/{rel}","templated":true}]}}