{"id":6093,"date":"2016-01-27T09:00:40","date_gmt":"2016-01-27T08:00:40","guid":{"rendered":"http:\/\/miradordeatarfe.es\/?p=6093"},"modified":"2020-06-26T13:06:25","modified_gmt":"2020-06-26T11:06:25","slug":"curiosidades-elvirenses-1-por-jose-enrique-granados","status":"publish","type":"post","link":"https:\/\/miradordeatarfe.es\/?p=6093","title":{"rendered":"\u00abCURIOSIDADES ELVIRENSES 1\u00bb por Jos\u00e9 Enrique Granados"},"content":{"rendered":"<p>Publicamos difernetes aspectos de nuestro municipio que Jos\u00e9 Enrique Granados comenta en su facebbok: <a href=\"https:\/\/www.facebook.com\/Gacetilla-y-curiosidades-elvirenses-\">https:\/\/www.facebook.com\/Gacetilla-y-curiosidades-elvirenses-<\/a><!--more--><\/p>\n<p><strong>DONACI\u00d3N DE SANGRE<\/strong><\/p>\n<p>Seg\u00fan podemos leer en la prensa de la \u00e9poca, Atarfe fue uno de los primeros pueblos de la provincia de Granada en contar con una delegaci\u00f3n de la Hermandad de Donantes de sangre. Eso supuso ser tras Motril, el segundo pueblo al que se desplaz\u00f3 una unidad m\u00f3vil de la Seguridad Social de Granada, con el fin de realizar extracciones.<\/p>\n<p>El delegado de dicha hermandad era D. Jos\u00e9 S\u00e1nchez G\u00f3mez (Pepe S\u00e1nchez), quien junto a Francisco Jim\u00e9nez consiguieron movilizar a casi un centena<span class=\"text_exposed_show\">r de atarfe\u00f1os para formar dicha delegaci\u00f3n. En una entrevista realizada por Paco Rami\u00f3n, el Sr. S\u00e1nchez G\u00f3mez dijo: \u201cyo de los atarfe\u00f1os espero lo mejor, estoy seguro de mi pueblo porque siempre que se la ha pedido algo, siempre responden, espero sean muchas las personas que la den, y muchas que se unan a este grupo de amigos que formamos y dar un ejemplo\u201d.<\/span><\/p>\n<div class=\"text_exposed_show\">\n<p>Terminaba Rami\u00f3n la entrevista con un \u201cesperemos que las palabras de S\u00e1nchez G\u00f3mez sean escuchadas por los atarfe\u00f1os, porque t\u00fa mismo lector, un d\u00eda la puedes necesitar. La sangre debe esperar a los enfermos y no los enfermos a la sangre<\/p>\n<p><a href=\"https:\/\/i0.wp.com\/miradordeatarfe.es\/wp-content\/uploads\/2016\/01\/12376204_943770522375630_3589440454352452759_n.jpg?ssl=1\" rel=\"attachment wp-att-6094\"><img data-recalc-dims=\"1\" loading=\"lazy\" decoding=\"async\" class=\"alignnone size-full wp-image-6094\" src=\"https:\/\/i0.wp.com\/miradordeatarfe.es\/wp-content\/uploads\/2016\/01\/12376204_943770522375630_3589440454352452759_n.jpg?resize=640%2C362&#038;ssl=1\" alt=\"12376204_943770522375630_3589440454352452759_n\" width=\"640\" height=\"362\" srcset=\"https:\/\/i0.wp.com\/miradordeatarfe.es\/wp-content\/uploads\/2016\/01\/12376204_943770522375630_3589440454352452759_n.jpg?w=698&amp;ssl=1 698w, https:\/\/i0.wp.com\/miradordeatarfe.es\/wp-content\/uploads\/2016\/01\/12376204_943770522375630_3589440454352452759_n.jpg?resize=300%2C170&amp;ssl=1 300w, https:\/\/i0.wp.com\/miradordeatarfe.es\/wp-content\/uploads\/2016\/01\/12376204_943770522375630_3589440454352452759_n.jpg?resize=600%2C340&amp;ssl=1 600w\" sizes=\"auto, (max-width: 640px) 100vw, 640px\" \/><\/a><\/p>\n<\/div>\n<div class=\"text_exposed_show\"><\/div>\n<div class=\"text_exposed_show\"><strong>SANTO VI\u00c1TICO<\/strong><\/div>\n<div class=\"text_exposed_show\">\n<p>Una de las manifestaciones religiosas del Atarfe del siglo XX era la celebraci\u00f3n de la procesi\u00f3n del Santo Vi\u00e1tico para los enfermos e impedidos. La primera vez que se celebr\u00f3 fue el Domingo de la Sant\u00edsima Trinidad en 1913. En gacetillas anteriores hemos aludido a dicho d\u00eda, ilustrando nuestra p\u00e1gina con una fotograf\u00eda de la procesi\u00f3n (Gacetilla del 2 de enero de 2016).<\/p>\n<p>La instant\u00e1nea de hoy es m\u00e1s reciente pero en ella tambi\u00e9n se plasma dicha celebraci\u00f3n, calle Nueva sobre mediados del siglo XX.<\/p>\n<p>Curiosidades elvirenses.<\/p>\n<p><a href=\"https:\/\/i0.wp.com\/miradordeatarfe.es\/wp-content\/uploads\/2016\/01\/12419008_943769335709082_7514076231711196728_o.jpg?ssl=1\" rel=\"attachment wp-att-6095\"><img data-recalc-dims=\"1\" loading=\"lazy\" decoding=\"async\" class=\"alignnone wp-image-6095\" src=\"https:\/\/i0.wp.com\/miradordeatarfe.es\/wp-content\/uploads\/2016\/01\/12419008_943769335709082_7514076231711196728_o.jpg?resize=640%2C371&#038;ssl=1\" alt=\"12419008_943769335709082_7514076231711196728_o\" width=\"640\" height=\"371\" srcset=\"https:\/\/i0.wp.com\/miradordeatarfe.es\/wp-content\/uploads\/2016\/01\/12419008_943769335709082_7514076231711196728_o.jpg?w=1535&amp;ssl=1 1535w, https:\/\/i0.wp.com\/miradordeatarfe.es\/wp-content\/uploads\/2016\/01\/12419008_943769335709082_7514076231711196728_o.jpg?resize=300%2C174&amp;ssl=1 300w, https:\/\/i0.wp.com\/miradordeatarfe.es\/wp-content\/uploads\/2016\/01\/12419008_943769335709082_7514076231711196728_o.jpg?resize=768%2C446&amp;ssl=1 768w, https:\/\/i0.wp.com\/miradordeatarfe.es\/wp-content\/uploads\/2016\/01\/12419008_943769335709082_7514076231711196728_o.jpg?resize=1024%2C594&amp;ssl=1 1024w, https:\/\/i0.wp.com\/miradordeatarfe.es\/wp-content\/uploads\/2016\/01\/12419008_943769335709082_7514076231711196728_o.jpg?resize=600%2C348&amp;ssl=1 600w, https:\/\/i0.wp.com\/miradordeatarfe.es\/wp-content\/uploads\/2016\/01\/12419008_943769335709082_7514076231711196728_o.jpg?w=1280&amp;ssl=1 1280w\" sizes=\"auto, (max-width: 640px) 100vw, 640px\" \/><\/a><\/p>\n<p>&nbsp;<\/p>\n<p><strong>SANTA ANA<\/strong><\/p>\n<p>En el inventario Parroquial realizado por el P\u00e1rroco D. Ernesto Hern\u00e1ndez Garc\u00eda en 1922, podemos leer lo siguiente:<\/p>\n<p>\u201cLa imagen de la Santa Patrona ha sido restaurada por el escultor D. Jos\u00e9 Navas Parejo que adem\u00e1s ha construido las nuevas andas y restaurado el sill\u00f3n de respeto donde se encuentra sentada, todo lo mas ha costado mil quinientas pesetas sin incluir la restauraci\u00f3n del sill\u00f3n costeada por los hijos y herederos de D. Francisco Osuna y la tapicer\u00eda del mismo bord<span class=\"text_exposed_show\">ada por D\u00aa Mar\u00eda Navarro L\u00f3pez que juntamente con D\u00aa Rosa Jim\u00e9nez Osuna pusieron m\u00e1ximo empe\u00f1o en la realizaci\u00f3n de estas mejoras, haciendo p\u00f3stulas entre este vecindario\u201d<\/span><\/p>\n<div class=\"text_exposed_show\">\n<p>En la fotograf\u00eda, cortes\u00eda de Mar\u00eda Victoria Correa, podemos apreciar como nuestra patrona procesionaba en unas andas totalmente diferentes a las que lo hace en la actualidad.<\/p>\n<p>Curiosidades elvirenses.<\/p>\n<p><a href=\"https:\/\/i0.wp.com\/miradordeatarfe.es\/wp-content\/uploads\/2016\/01\/12493398_940218529397496_6224759464024216293_o.jpg?ssl=1\" rel=\"attachment wp-att-6096\"><img data-recalc-dims=\"1\" loading=\"lazy\" decoding=\"async\" class=\"alignnone size-full wp-image-6096\" src=\"https:\/\/i0.wp.com\/miradordeatarfe.es\/wp-content\/uploads\/2016\/01\/12493398_940218529397496_6224759464024216293_o.jpg?resize=635%2C960&#038;ssl=1\" alt=\"12493398_940218529397496_6224759464024216293_o\" width=\"635\" height=\"960\" srcset=\"https:\/\/i0.wp.com\/miradordeatarfe.es\/wp-content\/uploads\/2016\/01\/12493398_940218529397496_6224759464024216293_o.jpg?w=635&amp;ssl=1 635w, https:\/\/i0.wp.com\/miradordeatarfe.es\/wp-content\/uploads\/2016\/01\/12493398_940218529397496_6224759464024216293_o.jpg?resize=198%2C300&amp;ssl=1 198w, https:\/\/i0.wp.com\/miradordeatarfe.es\/wp-content\/uploads\/2016\/01\/12493398_940218529397496_6224759464024216293_o.jpg?resize=600%2C907&amp;ssl=1 600w\" sizes=\"auto, (max-width: 635px) 100vw, 635px\" \/><\/a><\/p>\n<\/div>\n<\/div>\n","protected":false},"excerpt":{"rendered":"<p>Publicamos difernetes aspectos de nuestro municipio que Jos\u00e9 Enrique Granados comenta en su facebbok: https:\/\/www.facebook.com\/Gacetilla-y-curiosidades-elvirenses-<\/p>\n","protected":false},"author":1,"featured_media":0,"comment_status":"closed","ping_status":"closed","sticky":false,"template":"","format":"standard","meta":{"_coblocks_attr":"","_coblocks_dimensions":"","_coblocks_responsive_height":"","_coblocks_accordion_ie_support":"","jetpack_post_was_ever_published":false,"_jetpack_newsletter_access":"","_jetpack_dont_email_post_to_subs":false,"_jetpack_newsletter_tier_id":0,"_jetpack_memberships_contains_paywalled_content":false,"_jetpack_memberships_contains_paid_content":false,"footnotes":"","jetpack_publicize_message":"","jetpack_publicize_feature_enabled":true,"jetpack_social_post_already_shared":false,"jetpack_social_options":{"image_generator_settings":{"template":"highway","default_image_id":0,"enabled":false},"version":2}},"categories":[2,1225,38],"tags":[81,2050,28,2051,2052],"class_list":["post-6093","post","type-post","status-publish","format-standard","hentry","category-atarfe","category-ha-de-atarfe","category-opinion-de-jose-enrique-granados","tag-atarfe","tag-donacion-de-sangre","tag-iglesia","tag-santa-ana","tag-viatico"],"jetpack_publicize_connections":[],"jetpack_featured_media_url":"","jetpack_likes_enabled":true,"jetpack_sharing_enabled":true,"_links":{"self":[{"href":"https:\/\/miradordeatarfe.es\/index.php?rest_route=\/wp\/v2\/posts\/6093","targetHints":{"allow":["GET"]}}],"collection":[{"href":"https:\/\/miradordeatarfe.es\/index.php?rest_route=\/wp\/v2\/posts"}],"about":[{"href":"https:\/\/miradordeatarfe.es\/index.php?rest_route=\/wp\/v2\/types\/post"}],"author":[{"embeddable":true,"href":"https:\/\/miradordeatarfe.es\/index.php?rest_route=\/wp\/v2\/users\/1"}],"replies":[{"embeddable":true,"href":"https:\/\/miradordeatarfe.es\/index.php?rest_route=%2Fwp%2Fv2%2Fcomments&post=6093"}],"version-history":[{"count":2,"href":"https:\/\/miradordeatarfe.es\/index.php?rest_route=\/wp\/v2\/posts\/6093\/revisions"}],"predecessor-version":[{"id":6098,"href":"https:\/\/miradordeatarfe.es\/index.php?rest_route=\/wp\/v2\/posts\/6093\/revisions\/6098"}],"wp:attachment":[{"href":"https:\/\/miradordeatarfe.es\/index.php?rest_route=%2Fwp%2Fv2%2Fmedia&parent=6093"}],"wp:term":[{"taxonomy":"category","embeddable":true,"href":"https:\/\/miradordeatarfe.es\/index.php?rest_route=%2Fwp%2Fv2%2Fcategories&post=6093"},{"taxonomy":"post_tag","embeddable":true,"href":"https:\/\/miradordeatarfe.es\/index.php?rest_route=%2Fwp%2Fv2%2Ftags&post=6093"}],"curies":[{"name":"wp","href":"https:\/\/api.w.org\/{rel}","templated":true}]}}