{"id":60933,"date":"2023-04-30T08:33:26","date_gmt":"2023-04-30T06:33:26","guid":{"rendered":"https:\/\/miradordeatarfe.es\/?p=60933"},"modified":"2023-04-26T21:32:47","modified_gmt":"2023-04-26T19:32:47","slug":"wei-li-blackrock-espana-esta-siendo-una-de-las-pocas-sorpresas-positivas-en-la-economia-mundial","status":"publish","type":"post","link":"https:\/\/miradordeatarfe.es\/?p=60933","title":{"rendered":"Wei Li (BlackRock): \u201cEspa\u00f1a est\u00e1 siendo una de las pocas sorpresas positivas en la econom\u00eda mundial\u201d"},"content":{"rendered":"<h3 class=\"a_st\" style=\"text-align: justify;\">Esta experta inversora cree que es muy probable que EE UU y parte de Europa entren en recesi\u00f3n<\/h3>\n<figure class=\"a_md_i a_m-h c_m--nf\">\n<div id=\"_wmass_297\" style=\"text-align: justify;\">\n<div id=\"sm-it-main-container-1682508960298\" class=\"sm-it-main-container\" data-it=\"65a9d58f-5a83-4b7d-a319-35c5c36d5b07\" data-device=\"desktop\" data-index=\"0\">\n<div class=\"sm-restart-layer\">\n<div class=\"sm-restart\">\n<p class=\"\">La estratega jefe de inversiones de BlackRock, Wei Li (Chong Qing, China, 1984), ha pasado esta semana por Madrid con motivo del evento <i>BlackRock Iberia Investment Day<\/i>, en el que <a href=\"https:\/\/elpais.com\/economia\/negocios\/2023-04-22\/larry-fink-el-hombre-de-los-9-billones-de-dolares-el-mundo-esta-en-transicion-y-las-transiciones-son-aterradoras-desordenadas.html\" target=\"_blank\" rel=\"noopener\" data-link-track-dtm=\"\">participaron los principales directivos de la mayor gestora de activos del mundo<\/a>, con m\u00e1s de 9 billones de euros gestionados. Su visi\u00f3n sobre las perspectivas de los mercados es relativamente positiva, aunque advierte de que podemos ver nuevos descarrilamientos provocados por las subidas de tipos.<\/p>\n<p class=\"\"><b>\u00bfHa terminado la crisis bancaria del mes pasado?<\/b><\/p>\n<\/div>\n<\/div>\n<\/div>\n<\/div>\n<p class=\"\" style=\"text-align: justify;\">Lo ocurrido se puede limitar a <a href=\"https:\/\/cincodias.elpais.com\/mercados-financieros\/2023-03-10\/panico-bancario-en-silicon-valley-tras-el-desplome-de-svb.html\" target=\"_blank\" rel=\"noopener\" data-link-track-dtm=\"\">ciertas situaciones espec\u00edficas provocadas, en buena medida, por las abruptas subidas de tipos<\/a>, las m\u00e1s s\u00fabitas desde los ochenta. Igual que lo que pas\u00f3 con los fondos de pensiones brit\u00e1nicos el a\u00f1o pasado. No podemos decir que los efectos de esas subidas de tipos han acabado. Aunque es imposible predecir d\u00f3nde aparecer\u00e1 la pr\u00f3xima grieta, estamos observando de cerca el sector inmobiliario, ya que el entorno de financiaci\u00f3n se ha vuelto m\u00e1s dif\u00edcil.<\/p>\n<p class=\"\" style=\"text-align: justify;\"><b>\u00bfC\u00f3mo de grave ser\u00e1 este problema?<\/b><\/p>\n<p class=\"\" style=\"text-align: justify;\">A\u00fan es pronto para calibrarlo. Pero est\u00e1 claro que las condiciones crediticias se han endurecido en todo el mundo. De todas formas, hay una parte positiva. Los tipos se suben para luchar contra la inflaci\u00f3n, con lo que los bancos centrales tendr\u00e1n que centrarse en amortiguar la demanda, sobre lo que ya impacta la restricci\u00f3n crediticia, y ayudar as\u00ed a reducir los precios. Eso s\u00ed, la situaci\u00f3n parece que nos aboca a una recesi\u00f3n en varias econom\u00edas desarrolladas.<\/p>\n<p class=\"\" style=\"text-align: justify;\"><b>En Estados Unidos, en Europa\u2026<\/b><\/p>\n<p class=\"\" style=\"text-align: justify;\">S\u00ed. Espa\u00f1a es una de las pocas sorpresas positivas, la excepci\u00f3n en la econom\u00eda mundial. Es <a href=\"https:\/\/cincodias.elpais.com\/economia\/2023-03-17\/la-ocde-mejora-hasta-el-17-la-prevision-de-pib-para-espana-y-eleva-la-inflacion-subyacente-al-5.html\" target=\"_blank\" rel=\"noopener\" data-link-track-dtm=\"\">uno de los pocos pa\u00edses en los que se est\u00e1n revisando al alza las perspectivas de crecimiento<\/a>, se vio en el reciente informe del FMI. Pero, en general, hay que mantener las subidas de tipos para contener la inflaci\u00f3n, y eso implica contracci\u00f3n econ\u00f3mica. La inflaci\u00f3n se ha revelado mucho m\u00e1s pegajosa de lo que se pensaba. La decisi\u00f3n para los bancos centrales es dif\u00edcil, si quieren contener los precios tienen que da\u00f1ar la econom\u00eda.<\/p>\n<p class=\"\" style=\"text-align: justify;\"><b>\u00bfA finales de a\u00f1o estar\u00e1 controlada la inflaci\u00f3n?<\/b><\/p>\n<p class=\"\" style=\"text-align: justify;\">En Estados Unidos estaremos alrededor del 3% a medio plazo, por encima del nivel objetivo del 2%. Hay algunos elementos c\u00edclicos que siguen presionando, como la rotaci\u00f3n de bienes y servicios a medida que las econom\u00edas se reactivan. Pero tambi\u00e9n influyen fuerzas estructurales como el envejecimiento de la poblaci\u00f3n, la escasez de mano de obra en algunos mercados, la fragmentaci\u00f3n geopol\u00edtica y la renacionalizaci\u00f3n de la producci\u00f3n. Tambi\u00e9n las pol\u00edticas de descarbonizaci\u00f3n de la econom\u00eda mantendr\u00e1n la inflaci\u00f3n m\u00e1s elevada que antes de la pandemia.<\/p>\n<p class=\"\" style=\"text-align: justify;\"><b>\u00bfHabr\u00e1 problemas en el capital riesgo?<\/b><\/p>\n<p class=\"\" style=\"text-align: justify;\">En 2022 las subidas de tipos afectaron a la Bolsa y a los bonos, pero el efecto a\u00fan no se ha visto con una magnitud similar en los mercados privados, como el de los fondos de capital riesgo. Siempre hay un decalaje. Lo normal es que cuando se vayan actualizando los precios de los activos de esos fondos, teniendo en cuenta el nuevo r\u00e9gimen de tipos, <a href=\"https:\/\/cincodias.elpais.com\/mercados-financieros\/2023-04-02\/por-donde-pueden-volver-a-saltar-las-costuras-del-sistema-financiero.html\" target=\"_blank\" rel=\"noopener\" data-link-track-dtm=\"\">habr\u00e1 una correcci\u00f3n a la baja<\/a>. Algunos tipos de fondos, como los de infraestructuras o de deuda privada, deber\u00edan verse menos afectados.<\/p>\n<p class=\"\" style=\"text-align: justify;\"><b>\u00bfC\u00f3mo ha comenzado la temporada de resultados?<\/b><\/p>\n<p class=\"\" style=\"text-align: justify;\">Hemos visto a\u00fan pocas empresas. En general, est\u00e1n cayendo los beneficios m\u00e1s que en el trimestre anterior. Los m\u00e1rgenes siguen bajo mucha presi\u00f3n. Suben los costes, sube el precio de la financiaci\u00f3n, suben los salarios\u2026 Adem\u00e1s, no todas las empresas son capaces de traspasar con facilidad la inflaci\u00f3n al cliente final. Sigue habiendo escasez de algunos suministros. Por eso es ahora tan importante diferenciar a las empresas con una posici\u00f3n de liderazgo, con capacidad de fijaci\u00f3n de precios. Por eso es tan importante en este punto la gesti\u00f3n activa.<\/p>\n<p class=\"\" style=\"text-align: justify;\"><b>\u00bfHa cambiado la forma de invertir con las alzas de tipos?<\/b><\/p>\n<p class=\"\" style=\"text-align: justify;\">S\u00ed, porque durante un largo periodo pod\u00edas comprar bonos para compensar el riesgo de la renta variable. Si ca\u00eda la Bolsa, la renta fija te cubr\u00eda en buena medida. Pero eso se acab\u00f3. En este nuevo r\u00e9gimen, equivocarse en la asignaci\u00f3n de activos es el triple de costoso de lo que era antes. Lo que implica es que hay que ser m\u00e1s din\u00e1micos, m\u00e1s flexibles con la asignaci\u00f3n de activos. Ver qu\u00e9 conviene en cada momento. El viejo r\u00e9gimen ha muerto.<\/p>\n<p class=\"\" style=\"text-align: justify;\"><b>Al cliente, \u00bfle cuesta adaptarse?<\/b><\/p>\n<p class=\"\" style=\"text-align: justify;\">S\u00ed, porque es m\u00e1s f\u00e1cil funcionar con unas ideas predeterminadas. La asignaci\u00f3n estrat\u00e9gica de activos no puede ser algo inamovible. Si ha cambiado el entorno y la volatilidad, hay que evolucionar. Por eso es m\u00e1s importante que nunca dejarse asesorar. Por ejemplo, en renta fija estamos viendo oportunidades muy buenas.<\/p>\n<p class=\"\" style=\"text-align: justify;\"><b>\u00bfEn qu\u00e9 invierten en Bolsa?<\/b><\/p>\n<p class=\"\" style=\"text-align: justify;\">Estamos sobreponderando la inversi\u00f3n en mercados emergentes. En las econom\u00edas desarrolladas, vemos una clara desaceleraci\u00f3n, incluso una recesi\u00f3n. La reapertura de China est\u00e1 siendo muy potente. Creemos que el pa\u00eds va a crecer un 6%, el doble que el a\u00f1o pasado. Adem\u00e1s, all\u00ed no hay tantas presiones inflacionistas que vayan a obligar al banco central a subir mucho los tipos<\/p>\n<p><strong><span class=\"a_m_w _db\">\u00a0<\/span><\/strong><\/p>\n<div class=\"a_md_a\" style=\"text-align: justify;\" data-dtm-region=\"articulo_firma\"><a class=\"a_md_a_n\" title=\"Ver todas las noticias de Miguel Moreno Mendieta\" href=\"https:\/\/cincodias.elpais.com\/autor\/miguel-moreno-mendieta\/#?rel=author_top\"><strong>Miguel Moreno Mendieta<\/strong><\/a><\/div>\n<\/figure>\n<header class=\"a_e _g _g-xs\">\n<div class=\"a_e_m\">\n<figure class=\"a_m a_m-h \"><figcaption class=\"a_m_p\">FOTO: Wei Li.Global Chief Investment Strategist at BlackRock.<span class=\"a_m_m\">Pablo Monge Fernandez<\/span><\/figcaption><\/figure>\n<\/div>\n<\/header>\n<div class=\"a_md _g _g-xs \">\n<div class=\"a_md_txt\">\n<div class=\"a_md_a\" data-dtm-region=\"articulo_firma\">https:\/\/cincodias.elpais.com\/fondos-y-planes\/2023-04-23\/wei-li-blackrock-espana-esta-siendo-una-de-las-pocas-sorpresas-positivas-en-la-economia-mundial.html<\/div>\n<\/div>\n<\/div>\n","protected":false},"excerpt":{"rendered":"<p>Esta experta inversora cree que es muy probable que EE UU y parte de Europa&#8230;<\/p>\n","protected":false},"author":1,"featured_media":60936,"comment_status":"closed","ping_status":"closed","sticky":false,"template":"","format":"standard","meta":{"_coblocks_attr":"","_coblocks_dimensions":"","_coblocks_responsive_height":"","_coblocks_accordion_ie_support":"","jetpack_post_was_ever_published":false,"_jetpack_newsletter_access":"","_jetpack_dont_email_post_to_subs":false,"_jetpack_newsletter_tier_id":0,"_jetpack_memberships_contains_paywalled_content":false,"_jetpack_memberships_contains_paid_content":false,"footnotes":"","jetpack_publicize_message":"","jetpack_publicize_feature_enabled":true,"jetpack_social_post_already_shared":false,"jetpack_social_options":{"image_generator_settings":{"template":"highway","default_image_id":0,"enabled":false},"version":2}},"categories":[1161,44,7671,15],"tags":[65,2596,1053],"class_list":["post-60933","post","type-post","status-publish","format-standard","has-post-thumbnail","hentry","category-ciudadania","category-noticias-de-hoy","category-politica","category-ultimas-noticias","tag-economia","tag-eeuu","tag-europa"],"jetpack_publicize_connections":[],"jetpack_featured_media_url":"https:\/\/i0.wp.com\/miradordeatarfe.es\/wp-content\/uploads\/2023\/04\/Screenshot-2023-04-26-at-13-33-57-Wei-Li-BlackRock-Espana-esta-siendo-una-de-las-pocas-sorpresas-positivas-en-la-economia-mundial-2.png?fit=649%2C421&ssl=1","jetpack_likes_enabled":true,"jetpack_sharing_enabled":true,"_links":{"self":[{"href":"https:\/\/miradordeatarfe.es\/index.php?rest_route=\/wp\/v2\/posts\/60933","targetHints":{"allow":["GET"]}}],"collection":[{"href":"https:\/\/miradordeatarfe.es\/index.php?rest_route=\/wp\/v2\/posts"}],"about":[{"href":"https:\/\/miradordeatarfe.es\/index.php?rest_route=\/wp\/v2\/types\/post"}],"author":[{"embeddable":true,"href":"https:\/\/miradordeatarfe.es\/index.php?rest_route=\/wp\/v2\/users\/1"}],"replies":[{"embeddable":true,"href":"https:\/\/miradordeatarfe.es\/index.php?rest_route=%2Fwp%2Fv2%2Fcomments&post=60933"}],"version-history":[{"count":1,"href":"https:\/\/miradordeatarfe.es\/index.php?rest_route=\/wp\/v2\/posts\/60933\/revisions"}],"predecessor-version":[{"id":60935,"href":"https:\/\/miradordeatarfe.es\/index.php?rest_route=\/wp\/v2\/posts\/60933\/revisions\/60935"}],"wp:featuredmedia":[{"embeddable":true,"href":"https:\/\/miradordeatarfe.es\/index.php?rest_route=\/wp\/v2\/media\/60936"}],"wp:attachment":[{"href":"https:\/\/miradordeatarfe.es\/index.php?rest_route=%2Fwp%2Fv2%2Fmedia&parent=60933"}],"wp:term":[{"taxonomy":"category","embeddable":true,"href":"https:\/\/miradordeatarfe.es\/index.php?rest_route=%2Fwp%2Fv2%2Fcategories&post=60933"},{"taxonomy":"post_tag","embeddable":true,"href":"https:\/\/miradordeatarfe.es\/index.php?rest_route=%2Fwp%2Fv2%2Ftags&post=60933"}],"curies":[{"name":"wp","href":"https:\/\/api.w.org\/{rel}","templated":true}]}}