{"id":60940,"date":"2023-04-30T09:01:01","date_gmt":"2023-04-30T07:01:01","guid":{"rendered":"https:\/\/miradordeatarfe.es\/?p=60940"},"modified":"2023-04-29T12:07:20","modified_gmt":"2023-04-29T10:07:20","slug":"51-cruces-adornaran-granada-en-su-dia-grande","status":"publish","type":"post","link":"https:\/\/miradordeatarfe.es\/?p=60940","title":{"rendered":"51 cruces adornar\u00e1n Granada en su d\u00eda grande"},"content":{"rendered":"<h3 class=\"v-a-sub-t\" style=\"text-align: justify;\">La tradicional fiesta de la Cruz se extender\u00e1 desde el mediod\u00eda del 2 de mayo hasta la diez de la noche del d\u00eda siguiente<\/h3>\n<p class=\"v-p\" style=\"text-align: justify;\">La capital nazar\u00ed calienta ya los motores para disfrutar de su fiesta grande, el D\u00eda de la Cruz, que este a\u00f1o se extender\u00e1 una jornada m\u00e1s al haberse designado como festivo local. M\u00e1s de medio centenar de cruces adornar\u00e1n las calles y plazas de la ciudad, seg\u00fan ha informado este mi\u00e9rcoles el Ayuntamiento de Granada.<\/p>\n<p class=\"v-p\" style=\"text-align: justify;\">La primera teniente de alcalde, Ana Mu\u00f1oz, ha explicado que este a\u00f1o se han presentado un total de 55 solicitudes, una cifra mayor que la del a\u00f1o pasado. De ellas, unas 51 han recibido el visto bueno de la administraci\u00f3n municipal para su instalaci\u00f3n, mientras que otras 4 est\u00e1n a la espera de que se resuelvan detalles t\u00e9cnicos para ser aprobados. As\u00ed, la cifra de los monumentos que se instalar\u00e1n crecer\u00e1 en cerca de una decena con respecto a 2022, cuando se montaron 41.<\/p>\n<p class=\"v-p\" style=\"text-align: justify;\"><strong><em>La mayor\u00eda de las cruces corresponder\u00e1n a la categor\u00eda escolar, que ser\u00e1n unas 19<\/em><\/strong>. En este grupo se encontrar\u00e1n las de los centros Virgen de Gracia, Regina Mundi, Ayxa Jard\u00edn de la Reina, G\u00f3mez Moreno, San Rafael, Sagrado Coraz\u00f3n, San Jos\u00e9-Las Tablas, Eugenia de Montijo, Nuestra Se\u00f1ora del Rosario, Santo Tom\u00e1s de Villanueva, San Juan Bosco, Divino Maestro, Reina Isabel, Cristo Rey, Genil, La Asunci\u00f3n, La Presentaci\u00f3n de Nuestra Se\u00f1ora, Sagrada Familia y Ave Mar\u00eda de San Isidro.<\/p>\n<p class=\"v-p\" style=\"text-align: justify;\"><strong><em>Las de patios alcanzar\u00e1n un total de 16<\/em><\/strong>. Entre estas estar\u00e1n la asociaci\u00f3n Biblioteca del Paciente, Casa Palacete 1822, Centro de Inserci\u00f3n Matilde Cantos, Misioneros Claretianos, Casa de los Pisa, Nuestra Se\u00f1ora de la Consolaci\u00f3n, Asociaci\u00f3n Parkinson Granada, Hermandad de Paciencia y Penas, Hermandas de la Soledad, Convento de la Encarnaci\u00f3n, Archicofraf\u00eda de Mar\u00eda Auxiliadora, Nuestra Se\u00f1ora del Rosario, Faraguit Restauraci\u00f3n, Hermandad de la Estrella, 14 Outdoor y Asociaci\u00f3n Chaboce.<\/p>\n<p class=\"v-p\" style=\"text-align: justify;\"><em><strong>Las cruces de calles y plazas ser\u00e1n 8<\/strong><\/em>, entre las que se contar\u00e1n las de la Hermandad de Santa Mar\u00eda de la Alhambra en la explanada del Congreso, la Hermandad de los Estudiantes en la plaza de Jes\u00fas Despojado, la asociaci\u00f3n de F\u00edgares en el patio de la sede, la comunidad de Parque Venecia en la calle Gomera, la asociaci\u00f3n de Parque Nueva Granada en la plaza del mismo nombre, el Restaurante Chikito en la terraza del bar, la asociaci\u00f3n de San Ildefonso en la placeta de la Cruz y la asociaci\u00f3n de la Cruz en Luis Miranda D\u00e1valos.<\/p>\n<p><strong><a href=\"https:\/\/www.ideal.es\/autor\/pablo-rodriguez-369.html\">Pablo Rodr\u00edguez <\/a> y <\/strong><a href=\"https:\/\/www.ideal.es\/autor\/carlos-valdemoros-392.html\"><strong> Carlos Valdemoros<\/strong> <\/a><\/p>\n<article class=\"v-a v-a--d v-a--d-bs v-a--p-b\">\n<div class=\"v-a-img-c v-a-img-c--fw-xs\">\n<figure class=\"v-a-fig\"><figcaption class=\"v-fc\"><span class=\"v-fc__text\">FOTO : Granadinas bailan sevillanas en la plaza del Carmen en el D\u00eda de la Cruz 2022.<\/span> <span class=\"v-fc__ath\">Ram\u00f3n L. P\u00e9rez<\/span><\/figcaption><\/figure>\n<\/div>\n<div class=\"v-a-info-c \">\n<p>https:\/\/www.ideal.es\/granada\/cruces-adornaran-granada-dia-grande-20230426135721-nt.html<\/p>\n<h2 class=\"v-a-sub-t\">\u00a0<\/h2>\n<\/div>\n<\/article>\n<div class=\"v-d v-d--ab-c v-d--bs\">\n<div class=\"v-mdl-ath\" data-voc-component=\"viewport-not-visible\">\n<div class=\"v-mdl-ath__c v-mdl-ath__c--1\">\n<div class=\"v-mdl-ath__info\">\n<p class=\"v-mdl-ath__p v-mdl-ath__p--name\">\u00a0<\/p>\n<\/div>\n<\/div>\n<\/div>\n<\/div>\n","protected":false},"excerpt":{"rendered":"<p>La tradicional fiesta de la Cruz se extender\u00e1 desde el mediod\u00eda del 2 de mayo&#8230;<\/p>\n","protected":false},"author":1,"featured_media":60941,"comment_status":"closed","ping_status":"closed","sticky":false,"template":"","format":"standard","meta":{"_coblocks_attr":"","_coblocks_dimensions":"","_coblocks_responsive_height":"","_coblocks_accordion_ie_support":"","jetpack_post_was_ever_published":false,"_jetpack_newsletter_access":"","_jetpack_dont_email_post_to_subs":false,"_jetpack_newsletter_tier_id":0,"_jetpack_memberships_contains_paywalled_content":false,"_jetpack_memberships_contains_paid_content":false,"footnotes":"","jetpack_publicize_message":"","jetpack_publicize_feature_enabled":true,"jetpack_social_post_already_shared":false,"jetpack_social_options":{"image_generator_settings":{"template":"highway","default_image_id":0,"enabled":false},"version":2}},"categories":[1161,44,15,10],"tags":[536,129],"class_list":["post-60940","post","type-post","status-publish","format-standard","has-post-thumbnail","hentry","category-ciudadania","category-noticias-de-hoy","category-ultimas-noticias","category-salud","tag-cruces-de-mayo","tag-granada"],"jetpack_publicize_connections":[],"jetpack_featured_media_url":"https:\/\/i0.wp.com\/miradordeatarfe.es\/wp-content\/uploads\/2023\/04\/CRUZ-1.jpg?fit=758%2C505&ssl=1","jetpack_likes_enabled":true,"jetpack_sharing_enabled":true,"_links":{"self":[{"href":"https:\/\/miradordeatarfe.es\/index.php?rest_route=\/wp\/v2\/posts\/60940","targetHints":{"allow":["GET"]}}],"collection":[{"href":"https:\/\/miradordeatarfe.es\/index.php?rest_route=\/wp\/v2\/posts"}],"about":[{"href":"https:\/\/miradordeatarfe.es\/index.php?rest_route=\/wp\/v2\/types\/post"}],"author":[{"embeddable":true,"href":"https:\/\/miradordeatarfe.es\/index.php?rest_route=\/wp\/v2\/users\/1"}],"replies":[{"embeddable":true,"href":"https:\/\/miradordeatarfe.es\/index.php?rest_route=%2Fwp%2Fv2%2Fcomments&post=60940"}],"version-history":[{"count":1,"href":"https:\/\/miradordeatarfe.es\/index.php?rest_route=\/wp\/v2\/posts\/60940\/revisions"}],"predecessor-version":[{"id":60942,"href":"https:\/\/miradordeatarfe.es\/index.php?rest_route=\/wp\/v2\/posts\/60940\/revisions\/60942"}],"wp:featuredmedia":[{"embeddable":true,"href":"https:\/\/miradordeatarfe.es\/index.php?rest_route=\/wp\/v2\/media\/60941"}],"wp:attachment":[{"href":"https:\/\/miradordeatarfe.es\/index.php?rest_route=%2Fwp%2Fv2%2Fmedia&parent=60940"}],"wp:term":[{"taxonomy":"category","embeddable":true,"href":"https:\/\/miradordeatarfe.es\/index.php?rest_route=%2Fwp%2Fv2%2Fcategories&post=60940"},{"taxonomy":"post_tag","embeddable":true,"href":"https:\/\/miradordeatarfe.es\/index.php?rest_route=%2Fwp%2Fv2%2Ftags&post=60940"}],"curies":[{"name":"wp","href":"https:\/\/api.w.org\/{rel}","templated":true}]}}