{"id":60943,"date":"2023-05-01T09:45:22","date_gmt":"2023-05-01T07:45:22","guid":{"rendered":"https:\/\/miradordeatarfe.es\/?p=60943"},"modified":"2023-10-23T13:57:04","modified_gmt":"2023-10-23T11:57:04","slug":"la-razon-por-la-que-la-gravedad-en-granada-es-menor","status":"publish","type":"post","link":"https:\/\/miradordeatarfe.es\/?p=60943","title":{"rendered":"La raz\u00f3n por la que la gravedad en Granada es menor"},"content":{"rendered":"<h3 class=\"v-a-sub-t\">Una anomal\u00eda provocada por factores geol\u00f3gicos, hace que la fuerza de la gravedad sea ligeramente menor que en el resto de Espa\u00f1a. \u00abParece bonito pensar que las cosas se elevan un poco m\u00e1s desde el Sacromonte, \u00bfverdad?\u00bb<\/h3>\n<p class=\"v-p\">La gravedad es el pegamento del universo. No la vemos, no la escuchamos, pero tira de todas las cosas para mantenerlas unidas, aunque nos separan millones y millones de kil\u00f3metros. Y eso tambi\u00e9n pasa en Granada, claro\u2026 solo que un poco menos. \u00ab\u00bfY si el arte y el duende de Granada fuera fruto de que aqu\u00ed, en Granada, hay una anomal\u00eda gravitatoria que nos hace m\u00e1s livianos, que nos eleva?\u00bb, se preguntaba el m\u00fasico <a title=\"\u00c1ngel Arias\" href=\"https:\/\/www.ideal.es\/culturas\/musica\/carab-granada-medio-arias-20230330135250-nt.html\" data-voc-vtm-id=\"in-text-traffic\">\u00c1ngel Arias<\/a>. Pero empecemos por el principio.<\/p>\n<p class=\"v-p\">Los grandes objetos del espacio, como estrellas o planetas, ejercen una fuerza gravitatoria tal que, si pas\u00e1ramos volando cerca, nos atrapar\u00eda al momento. La gravedad lleva con nosotros desde el principio de los tiempos, pero sigue siendo, en gran medida, un misterio maravilloso. En 2020, <a title=\"Reinhard Genzel\" href=\"https:\/\/www.ideal.es\/ciencia\/recursos-podemos-conseguir-propongamos-20230425002910-nt.html\" data-voc-vtm-id=\"in-text-traffic\">Reinhard Genzel<\/a> recibi\u00f3 el Premio Nobel de F\u00edsica por descubrir que en el centro de nuestra galaxia hay una agujero negro supermasivo que lo absorbe todo, incluso la luz. \u00bfSe imaginan la influencia que debe tener la gravedad en el cosmos? \u00bfY en nuestro planeta? \u00bfY en Espa\u00f1a? \u00bfY en Granada? Pues en Granada un poco menos.<\/p>\n<p class=\"v-p\"><a title=\"Daniel Guirado\" href=\"https:\/\/www.ideal.es\/culturas\/terremotos-granada-suenan-20210212172807-nt.html\" data-voc-vtm-id=\"in-text-traffic\">Daniel Guirado<\/a> es doctor en Astrof\u00edsica por la Universidad de Granada, investigador del <a title=\"Instituto de Astrof\u00edsica de Andaluc\u00eda\" href=\"https:\/\/www.iaa.csic.es\/\" data-voc-vtm-id=\"in-text-traffic\">Instituto de Astrof\u00edsica de Andaluc\u00eda<\/a>, reconocido divulgador entre cervezas y m\u00fasico en bandas como P\u00e1jaro Jack, Ana L\u00f3gica o Cosas que hacen bum!. \u00abFue en una charla con \u00c1ngel (Arias), hablando de lo que sucede en Granada con la m\u00fasica y el arte -recuerda Guirado-. La idea viene del En Tratado de la Alhambra herm\u00e9tica de Antonio Enrique, primera edici\u00f3n de 1988. Jos\u00e9 \u00c1ngel me la cuenta a m\u00ed y yo le cuento lo de las medidas de gravedad un tiempo despu\u00e9s cuando descubro que existen.\u00bb.<\/p>\n<p><a href=\"https:\/\/i0.wp.com\/miradordeatarfe.es\/wp-content\/uploads\/2023\/04\/GRAVEDAD.jpg?ssl=1\"><img data-recalc-dims=\"1\" loading=\"lazy\" decoding=\"async\" class=\"wp-image-60944 size-full alignleft\" src=\"https:\/\/i0.wp.com\/miradordeatarfe.es\/wp-content\/uploads\/2023\/04\/GRAVEDAD.jpg?resize=640%2C448&#038;ssl=1\" alt=\"\" width=\"640\" height=\"448\" srcset=\"https:\/\/i0.wp.com\/miradordeatarfe.es\/wp-content\/uploads\/2023\/04\/GRAVEDAD.jpg?w=650&amp;ssl=1 650w, https:\/\/i0.wp.com\/miradordeatarfe.es\/wp-content\/uploads\/2023\/04\/GRAVEDAD.jpg?resize=300%2C210&amp;ssl=1 300w\" sizes=\"auto, (max-width: 640px) 100vw, 640px\" \/><\/a><span class=\"v-fc__text\">Recreaci\u00f3n del efecto de la gravedad provocado por un agujero negro. <\/span> <span class=\"v-fc__ath\"> ESA <\/span><\/p>\n<p class=\"v-p\">\u00bfQu\u00e9 es &#8216;lo de la gravedad&#8217;? Resulta que la gravedad en la Tierra tiene un valor medio de 9,8 metros por segundo al cuadrado, una cifra que, sin embargo, puede variar seg\u00fan donde nos encontremos. Es decir, que nuestro peso puede oscilar un 0,7% cuando viajamos por el mundo. \u00abSe han hecho mapeos de la gravedad en la Tierra que muestran esas peque\u00f1as variaciones de la gravedad. Y hay lugares que tienen un poco m\u00e1s o menos de gravedad que su entorno m\u00e1s cercano, como Granada\u00bb, explica Guirado.<\/p>\n<div class=\"v-c-cmp v-c-cmp--ab-xs\">\n<div class=\"v-d-cmp-smy\">\n<article class=\"v-a v-a--cmp-smy \">\n<div class=\"v-a-info-c\">\n<h3 class=\"v-a-t\">\u00abHay lugares que tienen un poco m\u00e1s o menos de gravedad que su entorno m\u00e1s cercano, como Granada\u00bb<\/h3>\n<\/div>\n<\/article>\n<\/div>\n<\/div>\n<p class=\"v-p\">\u00abDepende de muchos factores: la geolog\u00eda, la altura, la densidad del lugar\u2026 El caso es que Granada tiene una gravedad con una mil\u00e9simas por debajo de la media\u00bb. En el documento, &#8216;Anomal\u00edas de la Gravedad&#8217;, se analiza pormenorizadamente las desviaciones de la gravedad de medio centenar de localidades espa\u00f1olas, desde Santander a M\u00e1laga, pasando por Burgos, Madrid o Almuradiel, entre otros. As\u00ed, la gravedad en Santader es de 9,80497,37 ms-2, la m\u00e1s alta, mientras que en Granada es de 979653,05 ms-2.<\/p>\n<p class=\"v-p\">\u00ab\u00bfInfluye esta variaci\u00f3n de la gravedad en la enso\u00f1aci\u00f3n de Granada? No lo s\u00e9, pero parece bonito pensar que las cosas se elevan un poco m\u00e1s desde el Sacromonte, \u00bfverdad?\u00bb, termina Guirado<\/p>\n<p><a href=\"https:\/\/www.ideal.es\/autor\/jose-e-cabrero-372.html\"><strong>Jos\u00e9 E. Cabrero<\/strong> <\/a><\/p>\n<article class=\"v-a v-a--d v-a--d-rpg v-a--p-b\">\n<div class=\"v-a-img-c v-a-img-c--fw-xs\">\n<figure class=\"v-a-fig\"><figcaption class=\"v-fc\"><span class=\"v-fc__text\">FOTO: Imagen de Granada durante un eclipse, en 2018.<\/span> <span class=\"v-fc__ath\">FERM\u00cdN RODR\u00cdGUEZ<\/span><\/figcaption><\/figure>\n<\/div>\n<div class=\"v-a-info-c \">\u00a0<\/div>\n<\/article>\n<div class=\"v-d v-d--abc v-d--rpg\">\n<div class=\"v-mdl-ath\" data-voc-component=\"viewport-not-visible\">\n<div class=\"v-mdl-ath__c v-mdl-ath__c--1\">\n<figure class=\"v-mdl-ath__fig\">https:\/\/www.ideal.es\/granada\/razon-gravedad-granada-menor-20230426094841-nt.html<\/figure>\n<div class=\"v-mdl-ath__info\">\n<p class=\"v-mdl-ath__p v-mdl-ath__p--name\">\u00a0<\/p>\n<\/div>\n<\/div>\n<\/div>\n<\/div>\n","protected":false},"excerpt":{"rendered":"<p>Una anomal\u00eda provocada por factores geol\u00f3gicos, hace que la fuerza de la gravedad sea ligeramente&#8230;<\/p>\n","protected":false},"author":1,"featured_media":60945,"comment_status":"closed","ping_status":"closed","sticky":false,"template":"","format":"standard","meta":{"_coblocks_attr":"","_coblocks_dimensions":"","_coblocks_responsive_height":"","_coblocks_accordion_ie_support":"","jetpack_post_was_ever_published":false,"_jetpack_newsletter_access":"","_jetpack_dont_email_post_to_subs":false,"_jetpack_newsletter_tier_id":0,"_jetpack_memberships_contains_paywalled_content":false,"_jetpack_memberships_contains_paid_content":false,"footnotes":"","jetpack_publicize_message":"","jetpack_publicize_feature_enabled":true,"jetpack_social_post_already_shared":false,"jetpack_social_options":{"image_generator_settings":{"template":"highway","default_image_id":0,"enabled":false},"version":2}},"categories":[10781,9],"tags":[129,10290],"class_list":["post-60943","post","type-post","status-publish","format-standard","has-post-thumbnail","hentry","category-granada","category-medio-ambiente","tag-granada","tag-gravedad"],"jetpack_publicize_connections":[],"jetpack_featured_media_url":"https:\/\/i0.wp.com\/miradordeatarfe.es\/wp-content\/uploads\/2023\/04\/eclipse-granada-fr-758x531-1.jpg?fit=638%2C531&ssl=1","jetpack_likes_enabled":true,"jetpack_sharing_enabled":true,"_links":{"self":[{"href":"https:\/\/miradordeatarfe.es\/index.php?rest_route=\/wp\/v2\/posts\/60943","targetHints":{"allow":["GET"]}}],"collection":[{"href":"https:\/\/miradordeatarfe.es\/index.php?rest_route=\/wp\/v2\/posts"}],"about":[{"href":"https:\/\/miradordeatarfe.es\/index.php?rest_route=\/wp\/v2\/types\/post"}],"author":[{"embeddable":true,"href":"https:\/\/miradordeatarfe.es\/index.php?rest_route=\/wp\/v2\/users\/1"}],"replies":[{"embeddable":true,"href":"https:\/\/miradordeatarfe.es\/index.php?rest_route=%2Fwp%2Fv2%2Fcomments&post=60943"}],"version-history":[{"count":1,"href":"https:\/\/miradordeatarfe.es\/index.php?rest_route=\/wp\/v2\/posts\/60943\/revisions"}],"predecessor-version":[{"id":60946,"href":"https:\/\/miradordeatarfe.es\/index.php?rest_route=\/wp\/v2\/posts\/60943\/revisions\/60946"}],"wp:featuredmedia":[{"embeddable":true,"href":"https:\/\/miradordeatarfe.es\/index.php?rest_route=\/wp\/v2\/media\/60945"}],"wp:attachment":[{"href":"https:\/\/miradordeatarfe.es\/index.php?rest_route=%2Fwp%2Fv2%2Fmedia&parent=60943"}],"wp:term":[{"taxonomy":"category","embeddable":true,"href":"https:\/\/miradordeatarfe.es\/index.php?rest_route=%2Fwp%2Fv2%2Fcategories&post=60943"},{"taxonomy":"post_tag","embeddable":true,"href":"https:\/\/miradordeatarfe.es\/index.php?rest_route=%2Fwp%2Fv2%2Ftags&post=60943"}],"curies":[{"name":"wp","href":"https:\/\/api.w.org\/{rel}","templated":true}]}}