{"id":60971,"date":"2023-04-28T11:15:38","date_gmt":"2023-04-28T09:15:38","guid":{"rendered":"https:\/\/miradordeatarfe.es\/?p=60971"},"modified":"2023-04-30T09:42:35","modified_gmt":"2023-04-30T07:42:35","slug":"60971","status":"publish","type":"post","link":"https:\/\/miradordeatarfe.es\/?p=60971","title":{"rendered":"ATARFE SOSTENIBLE Y LA HUELLA H\u00cdDRICA QUE UTILIZAMOS"},"content":{"rendered":"<h3>El cambio clim\u00e1tico est\u00e1 provocando que el clima sea cada vez m\u00e1s extremo. Esta situaci\u00f3n est\u00e1 obligando a que mejorar la eficiencia en el uso de los recursos h\u00eddricos y encontrar nuevas fuentes sostenibles de abastecimiento sea ya una prioridad.<\/h3>\n<p>Las previsiones y los expertos ya estiman que cerca del 75% del territorio espa\u00f1ol podr\u00eda convertirse en desierto antes de que acabe el siglo. Datos del Programa de Naciones Unidas para el Medio Ambiente sit\u00faan ya a Espa\u00f1a como el pa\u00eds m\u00e1s \u00e1rido de Europa y una regi\u00f3n en donde la desertificaci\u00f3n y la sequ\u00eda son una de sus mayores amenazas medioambientales.<\/p>\n<p>Tras un verano marcado por las altas temperaturas y la falta de lluvias, los embalses han alcanzado sus cifras m\u00e1s bajas del a\u00f1o por debajo del 50% y, adem\u00e1s, desde la primavera de 2014, estos no han alcanzado el 85% de su capacidad, seg\u00fan indican desde el Ministerio para la Transici\u00f3n Ecol\u00f3gica y el Reto Demogr\u00e1fico (MITERD)<\/p>\n<p>El agua es uno de los recursos m\u00e1s importantes y valiosos que tenemos en nuestro planeta. Entre otras cosas es un elemento esencial para la vida en la Tierra, la salud, la alimentaci\u00f3n, la sostenibilidad, etc. Sin embargo, no todas las personas tienen acceso a este recurso de manera justa y equitativa. ATARFE SOSTENIBLE consciente de este problema trata de\u00a0 concienciar sobre la importancia del agua dulce y la necesidad de gestionarla de manera sostenible.<\/p>\n<div class=\"d9FyLd\">QU\u00c9 ES LA HUELLA H\u00cdDRICA Y PARA QU\u00c9 SIRVE<\/div>\n<p><span class=\"ILfuVd\" lang=\"es\"><span class=\"hgKElc\"> De modo similar a la huella de carbono, la huella h\u00eddrica (HH) <b>es un indicador medioambiental que mide el volumen de agua dulce (litros o metros c\u00fabicos) utilizado a lo largo de toda la cadena de producci\u00f3n de un bien de consumo o servicio.<\/b>La huella h\u00eddrica no solamente mide el volumen de agua utilizado, sino que adem\u00e1s distingue entre: el agua de lluvia empleada (huella h\u00eddrica verde), el agua superficial y subterr\u00e1nea (huella h\u00eddrica azul) y, el agua contaminada (huella h\u00eddrica gris)<\/span><\/span><\/p>\n<p>Estas infograf\u00edas nos las presenta Atarfe sostenible para\u00a0 tomar conciencia\u00a0 del consumo de agua DE LA HUELLA H\u00cdDRICA\u00a0 que necesitamos para producir nuestra comida. \u00bfEs para reflexionar?<\/p>\n<p><a href=\"https:\/\/i0.wp.com\/miradordeatarfe.es\/wp-content\/uploads\/2023\/04\/41a0e5ddf31df3a2a5b0893e4fc9d9a0-0.jpg?ssl=1\"><img data-recalc-dims=\"1\" loading=\"lazy\" decoding=\"async\" class=\"alignnone wp-image-60972 size-full\" src=\"https:\/\/i0.wp.com\/miradordeatarfe.es\/wp-content\/uploads\/2023\/04\/41a0e5ddf31df3a2a5b0893e4fc9d9a0-0.jpg?resize=640%2C453&#038;ssl=1\" alt=\"\" width=\"640\" height=\"453\" srcset=\"https:\/\/i0.wp.com\/miradordeatarfe.es\/wp-content\/uploads\/2023\/04\/41a0e5ddf31df3a2a5b0893e4fc9d9a0-0.jpg?w=2339&amp;ssl=1 2339w, https:\/\/i0.wp.com\/miradordeatarfe.es\/wp-content\/uploads\/2023\/04\/41a0e5ddf31df3a2a5b0893e4fc9d9a0-0.jpg?resize=300%2C212&amp;ssl=1 300w, https:\/\/i0.wp.com\/miradordeatarfe.es\/wp-content\/uploads\/2023\/04\/41a0e5ddf31df3a2a5b0893e4fc9d9a0-0.jpg?resize=1024%2C724&amp;ssl=1 1024w, https:\/\/i0.wp.com\/miradordeatarfe.es\/wp-content\/uploads\/2023\/04\/41a0e5ddf31df3a2a5b0893e4fc9d9a0-0.jpg?resize=768%2C543&amp;ssl=1 768w, https:\/\/i0.wp.com\/miradordeatarfe.es\/wp-content\/uploads\/2023\/04\/41a0e5ddf31df3a2a5b0893e4fc9d9a0-0.jpg?resize=1536%2C1086&amp;ssl=1 1536w, https:\/\/i0.wp.com\/miradordeatarfe.es\/wp-content\/uploads\/2023\/04\/41a0e5ddf31df3a2a5b0893e4fc9d9a0-0.jpg?resize=2048%2C1448&amp;ssl=1 2048w, https:\/\/i0.wp.com\/miradordeatarfe.es\/wp-content\/uploads\/2023\/04\/41a0e5ddf31df3a2a5b0893e4fc9d9a0-0.jpg?resize=1320%2C933&amp;ssl=1 1320w, https:\/\/i0.wp.com\/miradordeatarfe.es\/wp-content\/uploads\/2023\/04\/41a0e5ddf31df3a2a5b0893e4fc9d9a0-0.jpg?w=1920&amp;ssl=1 1920w\" sizes=\"auto, (max-width: 640px) 100vw, 640px\" \/><\/a><\/p>\n<p>&nbsp;<\/p>\n<p><a href=\"https:\/\/i0.wp.com\/miradordeatarfe.es\/wp-content\/uploads\/2023\/04\/41a0e5ddf31df3a2a5b0893e4fc9d9a0-1.jpg?ssl=1\"><img data-recalc-dims=\"1\" loading=\"lazy\" decoding=\"async\" class=\"alignnone wp-image-60973 \" src=\"https:\/\/i0.wp.com\/miradordeatarfe.es\/wp-content\/uploads\/2023\/04\/41a0e5ddf31df3a2a5b0893e4fc9d9a0-1.jpg?resize=640%2C453&#038;ssl=1\" alt=\"\" width=\"640\" height=\"453\" srcset=\"https:\/\/i0.wp.com\/miradordeatarfe.es\/wp-content\/uploads\/2023\/04\/41a0e5ddf31df3a2a5b0893e4fc9d9a0-1.jpg?w=2339&amp;ssl=1 2339w, https:\/\/i0.wp.com\/miradordeatarfe.es\/wp-content\/uploads\/2023\/04\/41a0e5ddf31df3a2a5b0893e4fc9d9a0-1.jpg?resize=300%2C212&amp;ssl=1 300w, https:\/\/i0.wp.com\/miradordeatarfe.es\/wp-content\/uploads\/2023\/04\/41a0e5ddf31df3a2a5b0893e4fc9d9a0-1.jpg?resize=1024%2C724&amp;ssl=1 1024w, https:\/\/i0.wp.com\/miradordeatarfe.es\/wp-content\/uploads\/2023\/04\/41a0e5ddf31df3a2a5b0893e4fc9d9a0-1.jpg?resize=768%2C543&amp;ssl=1 768w, https:\/\/i0.wp.com\/miradordeatarfe.es\/wp-content\/uploads\/2023\/04\/41a0e5ddf31df3a2a5b0893e4fc9d9a0-1.jpg?resize=1536%2C1086&amp;ssl=1 1536w, https:\/\/i0.wp.com\/miradordeatarfe.es\/wp-content\/uploads\/2023\/04\/41a0e5ddf31df3a2a5b0893e4fc9d9a0-1.jpg?resize=2048%2C1448&amp;ssl=1 2048w, https:\/\/i0.wp.com\/miradordeatarfe.es\/wp-content\/uploads\/2023\/04\/41a0e5ddf31df3a2a5b0893e4fc9d9a0-1.jpg?resize=1320%2C933&amp;ssl=1 1320w, https:\/\/i0.wp.com\/miradordeatarfe.es\/wp-content\/uploads\/2023\/04\/41a0e5ddf31df3a2a5b0893e4fc9d9a0-1.jpg?w=1920&amp;ssl=1 1920w\" sizes=\"auto, (max-width: 640px) 100vw, 640px\" \/><\/a><\/p>\n<p>&nbsp;<\/p>\n<p><a href=\"https:\/\/i0.wp.com\/miradordeatarfe.es\/wp-content\/uploads\/2023\/04\/41a0e5ddf31df3a2a5b0893e4fc9d9a0-2.jpg?ssl=1\"><img data-recalc-dims=\"1\" loading=\"lazy\" decoding=\"async\" class=\"alignnone wp-image-60974 size-full\" src=\"https:\/\/i0.wp.com\/miradordeatarfe.es\/wp-content\/uploads\/2023\/04\/41a0e5ddf31df3a2a5b0893e4fc9d9a0-2.jpg?resize=640%2C453&#038;ssl=1\" alt=\"\" width=\"640\" height=\"453\" srcset=\"https:\/\/i0.wp.com\/miradordeatarfe.es\/wp-content\/uploads\/2023\/04\/41a0e5ddf31df3a2a5b0893e4fc9d9a0-2.jpg?w=2339&amp;ssl=1 2339w, https:\/\/i0.wp.com\/miradordeatarfe.es\/wp-content\/uploads\/2023\/04\/41a0e5ddf31df3a2a5b0893e4fc9d9a0-2.jpg?resize=300%2C212&amp;ssl=1 300w, https:\/\/i0.wp.com\/miradordeatarfe.es\/wp-content\/uploads\/2023\/04\/41a0e5ddf31df3a2a5b0893e4fc9d9a0-2.jpg?resize=1024%2C724&amp;ssl=1 1024w, https:\/\/i0.wp.com\/miradordeatarfe.es\/wp-content\/uploads\/2023\/04\/41a0e5ddf31df3a2a5b0893e4fc9d9a0-2.jpg?resize=768%2C543&amp;ssl=1 768w, https:\/\/i0.wp.com\/miradordeatarfe.es\/wp-content\/uploads\/2023\/04\/41a0e5ddf31df3a2a5b0893e4fc9d9a0-2.jpg?resize=1536%2C1086&amp;ssl=1 1536w, https:\/\/i0.wp.com\/miradordeatarfe.es\/wp-content\/uploads\/2023\/04\/41a0e5ddf31df3a2a5b0893e4fc9d9a0-2.jpg?resize=2048%2C1448&amp;ssl=1 2048w, https:\/\/i0.wp.com\/miradordeatarfe.es\/wp-content\/uploads\/2023\/04\/41a0e5ddf31df3a2a5b0893e4fc9d9a0-2.jpg?resize=1320%2C933&amp;ssl=1 1320w, https:\/\/i0.wp.com\/miradordeatarfe.es\/wp-content\/uploads\/2023\/04\/41a0e5ddf31df3a2a5b0893e4fc9d9a0-2.jpg?w=1920&amp;ssl=1 1920w\" sizes=\"auto, (max-width: 640px) 100vw, 640px\" \/><\/a><\/p>\n","protected":false},"excerpt":{"rendered":"<p>El cambio clim\u00e1tico est\u00e1 provocando que el clima sea cada vez m\u00e1s extremo. Esta situaci\u00f3n&#8230;<\/p>\n","protected":false},"author":1,"featured_media":61092,"comment_status":"closed","ping_status":"closed","sticky":false,"template":"","format":"standard","meta":{"_coblocks_attr":"","_coblocks_dimensions":"","_coblocks_responsive_height":"","_coblocks_accordion_ie_support":"","jetpack_post_was_ever_published":false,"_jetpack_newsletter_access":"","_jetpack_dont_email_post_to_subs":false,"_jetpack_newsletter_tier_id":0,"_jetpack_memberships_contains_paywalled_content":false,"_jetpack_memberships_contains_paid_content":false,"footnotes":"","jetpack_publicize_message":"","jetpack_publicize_feature_enabled":true,"jetpack_social_post_already_shared":false,"jetpack_social_options":{"image_generator_settings":{"template":"highway","default_image_id":0,"enabled":false},"version":2}},"categories":[7725,1161,44,7671,6937,15],"tags":[249,267,7726],"class_list":["post-60971","post","type-post","status-publish","format-standard","has-post-thumbnail","hentry","category-atarfe-sostenible","category-ciudadania","category-noticias-de-hoy","category-politica","category-sociedad","category-ultimas-noticias","tag-agua","tag-alimentos","tag-atarfe-sostenible"],"jetpack_publicize_connections":[],"jetpack_featured_media_url":"https:\/\/i0.wp.com\/miradordeatarfe.es\/wp-content\/uploads\/2023\/04\/2146ac14-2c6d-4259-84bb-7319dedc0b2c_16-9-discover-aspect-ratio_default_0.jpg?fit=1200%2C675&ssl=1","jetpack_likes_enabled":true,"jetpack_sharing_enabled":true,"_links":{"self":[{"href":"https:\/\/miradordeatarfe.es\/index.php?rest_route=\/wp\/v2\/posts\/60971","targetHints":{"allow":["GET"]}}],"collection":[{"href":"https:\/\/miradordeatarfe.es\/index.php?rest_route=\/wp\/v2\/posts"}],"about":[{"href":"https:\/\/miradordeatarfe.es\/index.php?rest_route=\/wp\/v2\/types\/post"}],"author":[{"embeddable":true,"href":"https:\/\/miradordeatarfe.es\/index.php?rest_route=\/wp\/v2\/users\/1"}],"replies":[{"embeddable":true,"href":"https:\/\/miradordeatarfe.es\/index.php?rest_route=%2Fwp%2Fv2%2Fcomments&post=60971"}],"version-history":[{"count":3,"href":"https:\/\/miradordeatarfe.es\/index.php?rest_route=\/wp\/v2\/posts\/60971\/revisions"}],"predecessor-version":[{"id":61093,"href":"https:\/\/miradordeatarfe.es\/index.php?rest_route=\/wp\/v2\/posts\/60971\/revisions\/61093"}],"wp:featuredmedia":[{"embeddable":true,"href":"https:\/\/miradordeatarfe.es\/index.php?rest_route=\/wp\/v2\/media\/61092"}],"wp:attachment":[{"href":"https:\/\/miradordeatarfe.es\/index.php?rest_route=%2Fwp%2Fv2%2Fmedia&parent=60971"}],"wp:term":[{"taxonomy":"category","embeddable":true,"href":"https:\/\/miradordeatarfe.es\/index.php?rest_route=%2Fwp%2Fv2%2Fcategories&post=60971"},{"taxonomy":"post_tag","embeddable":true,"href":"https:\/\/miradordeatarfe.es\/index.php?rest_route=%2Fwp%2Fv2%2Ftags&post=60971"}],"curies":[{"name":"wp","href":"https:\/\/api.w.org\/{rel}","templated":true}]}}