{"id":60979,"date":"2023-04-29T10:00:37","date_gmt":"2023-04-29T08:00:37","guid":{"rendered":"https:\/\/miradordeatarfe.es\/?p=60979"},"modified":"2023-04-29T10:23:24","modified_gmt":"2023-04-29T08:23:24","slug":"60979","status":"publish","type":"post","link":"https:\/\/miradordeatarfe.es\/?p=60979","title":{"rendered":"ATARFE SOSTENIBLE Y LA HUELLA H\u00cdDRICA QUE UTILIZAMOS ( parte 2)"},"content":{"rendered":"<h3><span class=\"ILfuVd\" lang=\"es\"><span class=\"hgKElc\">El consumo medio de agua en los hogares espa\u00f1oles es de <b>142 litros\/habitante\/d\u00eda<\/b>. Dentro de una casa media, el consumo del agua es el siguiente: Cocina = 19% Cuarto de ba\u00f1o = 73%<\/span><\/span><\/h3>\n<p>Espa\u00f1a es uno de los cinco pa\u00edses de la Uni\u00f3n Europea junto con B\u00e9lgica, Luxemburgo, Alemania e Italia que m\u00e1s agua consume por habitante. Si queremos reducir esta cantidad, debemos conocer los datos y a partir de ah\u00ed llevar a cabo unas cuantas medidas.<\/p>\n<h3>ATARFE SOSTENIBLE SE MARCA EL RETO DE HACER CONSCIENTE A LOS ATARFE\u00d1OS Y ATARFE\u00d1AS DEL VOLUMEN DE AGUA QUE SE CONSUME EN CADA HOGAR<\/h3>\n<h3><strong>\u00bfHacemos un uso correcto del agua en nuestras casas?<\/strong><\/h3>\n<p>Es importante revisar con frecuencia si nuestra instalaci\u00f3n funciona correctamente. Si una de las piezas de nuestro suministro falla, es probable que eso produzca una p\u00e9rdida innecesaria de <a href=\"https:\/\/www.fundacionaquae.org\/que-es-el-agua\/\">agua<\/a>. Por ejemplo, una canilla que gotea desperdicia m\u00e1s de 75 litros de agua por d\u00eda. Para darte una referencia sobre el impacto del <a href=\"https:\/\/www.fundacionaquae.org\/ranking-de-paises-con-escasez-de-agua\/\">desgaste del agua<\/a>, hazte a la idea que un grifo goteando en cada hogar Espa\u00f1ol llenar\u00eda un estadio de f\u00fatbol en 18 d\u00edas.<\/p>\n<h3><strong>Datos sobre el consumo de<\/strong>\u00a0<strong>agua en Espa\u00f1a<\/strong><\/h3>\n<p>En primer lugar, hablemos de d\u00f3nde se produce el <a href=\"https:\/\/www.fundacionaquae.org\/como-utilizamos-el-agua-en-nuestras-casas\/\">uso de agua<\/a> en las casas espa\u00f1olas. Pues bien, dos tercios del agua consumida en el hogar se utilizan en el ba\u00f1o. Concretamente, por cada descarga de un inodoro se consumen entre 7.5 y 26.5 litros de agua. Asimismo, durante una ducha de s\u00f3lo cinco minutos se utilizan entre 95 y 190 litros de agua. El consumo medio de agua en los hogares espa\u00f1oles es de 142 litros\/habitante\/d\u00eda.<\/p>\n<p>Dentro de una casa media, el consumo del agua es el siguiente:<\/p>\n<ul>\n<li>Cocina = 19%<\/li>\n<li>Cuarto de ba\u00f1o = 73%<\/li>\n<li>Otros = 8%<\/li>\n<\/ul>\n<p>\u00bfTe has preguntado cu\u00e1l es el <a href=\"https:\/\/www.fundacionaquae.org\/cuanta-agua-beber-dia\/\"><strong>consumo medio de agua<\/strong><\/a> en Espa\u00f1a en una casa? M\u00e1s de lo que piensas, eso seguro. Te damos unas cifras<\/p>\n<p><a href=\"https:\/\/i0.wp.com\/miradordeatarfe.es\/wp-content\/uploads\/2023\/04\/41a0e5ddf31df3a2a5b0893e4fc9d9a0-4.jpg?ssl=1\"><img data-recalc-dims=\"1\" loading=\"lazy\" decoding=\"async\" class=\"alignnone wp-image-60980 size-full\" src=\"https:\/\/i0.wp.com\/miradordeatarfe.es\/wp-content\/uploads\/2023\/04\/41a0e5ddf31df3a2a5b0893e4fc9d9a0-4.jpg?resize=640%2C453&#038;ssl=1\" alt=\"\" width=\"640\" height=\"453\" srcset=\"https:\/\/i0.wp.com\/miradordeatarfe.es\/wp-content\/uploads\/2023\/04\/41a0e5ddf31df3a2a5b0893e4fc9d9a0-4.jpg?w=2339&amp;ssl=1 2339w, https:\/\/i0.wp.com\/miradordeatarfe.es\/wp-content\/uploads\/2023\/04\/41a0e5ddf31df3a2a5b0893e4fc9d9a0-4.jpg?resize=300%2C212&amp;ssl=1 300w, https:\/\/i0.wp.com\/miradordeatarfe.es\/wp-content\/uploads\/2023\/04\/41a0e5ddf31df3a2a5b0893e4fc9d9a0-4.jpg?resize=1024%2C724&amp;ssl=1 1024w, https:\/\/i0.wp.com\/miradordeatarfe.es\/wp-content\/uploads\/2023\/04\/41a0e5ddf31df3a2a5b0893e4fc9d9a0-4.jpg?resize=768%2C543&amp;ssl=1 768w, https:\/\/i0.wp.com\/miradordeatarfe.es\/wp-content\/uploads\/2023\/04\/41a0e5ddf31df3a2a5b0893e4fc9d9a0-4.jpg?resize=1536%2C1086&amp;ssl=1 1536w, https:\/\/i0.wp.com\/miradordeatarfe.es\/wp-content\/uploads\/2023\/04\/41a0e5ddf31df3a2a5b0893e4fc9d9a0-4.jpg?resize=2048%2C1448&amp;ssl=1 2048w, https:\/\/i0.wp.com\/miradordeatarfe.es\/wp-content\/uploads\/2023\/04\/41a0e5ddf31df3a2a5b0893e4fc9d9a0-4.jpg?resize=1320%2C933&amp;ssl=1 1320w, https:\/\/i0.wp.com\/miradordeatarfe.es\/wp-content\/uploads\/2023\/04\/41a0e5ddf31df3a2a5b0893e4fc9d9a0-4.jpg?w=1920&amp;ssl=1 1920w\" sizes=\"auto, (max-width: 640px) 100vw, 640px\" \/><\/a><\/p>\n<p>&nbsp;<\/p>\n<p><a href=\"https:\/\/i0.wp.com\/miradordeatarfe.es\/wp-content\/uploads\/2023\/04\/41a0e5ddf31df3a2a5b0893e4fc9d9a0-6.jpg?ssl=1\"><img data-recalc-dims=\"1\" loading=\"lazy\" decoding=\"async\" class=\"alignnone wp-image-60981 size-full\" src=\"https:\/\/i0.wp.com\/miradordeatarfe.es\/wp-content\/uploads\/2023\/04\/41a0e5ddf31df3a2a5b0893e4fc9d9a0-6.jpg?resize=640%2C453&#038;ssl=1\" alt=\"\" width=\"640\" height=\"453\" srcset=\"https:\/\/i0.wp.com\/miradordeatarfe.es\/wp-content\/uploads\/2023\/04\/41a0e5ddf31df3a2a5b0893e4fc9d9a0-6.jpg?w=2339&amp;ssl=1 2339w, https:\/\/i0.wp.com\/miradordeatarfe.es\/wp-content\/uploads\/2023\/04\/41a0e5ddf31df3a2a5b0893e4fc9d9a0-6.jpg?resize=300%2C212&amp;ssl=1 300w, https:\/\/i0.wp.com\/miradordeatarfe.es\/wp-content\/uploads\/2023\/04\/41a0e5ddf31df3a2a5b0893e4fc9d9a0-6.jpg?resize=1024%2C724&amp;ssl=1 1024w, https:\/\/i0.wp.com\/miradordeatarfe.es\/wp-content\/uploads\/2023\/04\/41a0e5ddf31df3a2a5b0893e4fc9d9a0-6.jpg?resize=768%2C543&amp;ssl=1 768w, https:\/\/i0.wp.com\/miradordeatarfe.es\/wp-content\/uploads\/2023\/04\/41a0e5ddf31df3a2a5b0893e4fc9d9a0-6.jpg?resize=1536%2C1086&amp;ssl=1 1536w, https:\/\/i0.wp.com\/miradordeatarfe.es\/wp-content\/uploads\/2023\/04\/41a0e5ddf31df3a2a5b0893e4fc9d9a0-6.jpg?resize=2048%2C1448&amp;ssl=1 2048w, https:\/\/i0.wp.com\/miradordeatarfe.es\/wp-content\/uploads\/2023\/04\/41a0e5ddf31df3a2a5b0893e4fc9d9a0-6.jpg?resize=1320%2C933&amp;ssl=1 1320w, https:\/\/i0.wp.com\/miradordeatarfe.es\/wp-content\/uploads\/2023\/04\/41a0e5ddf31df3a2a5b0893e4fc9d9a0-6.jpg?w=1920&amp;ssl=1 1920w\" sizes=\"auto, (max-width: 640px) 100vw, 640px\" \/><\/a><\/p>\n","protected":false},"excerpt":{"rendered":"<p>El consumo medio de agua en los hogares espa\u00f1oles es de 142 litros\/habitante\/d\u00eda. Dentro de&#8230;<\/p>\n","protected":false},"author":1,"featured_media":60982,"comment_status":"closed","ping_status":"closed","sticky":false,"template":"","format":"standard","meta":{"_coblocks_attr":"","_coblocks_dimensions":"","_coblocks_responsive_height":"","_coblocks_accordion_ie_support":"","jetpack_post_was_ever_published":false,"_jetpack_newsletter_access":"","_jetpack_dont_email_post_to_subs":false,"_jetpack_newsletter_tier_id":0,"_jetpack_memberships_contains_paywalled_content":false,"_jetpack_memberships_contains_paid_content":false,"footnotes":"","jetpack_publicize_message":"","jetpack_publicize_feature_enabled":true,"jetpack_social_post_already_shared":false,"jetpack_social_options":{"image_generator_settings":{"template":"highway","default_image_id":0,"enabled":false},"version":2}},"categories":[2,7725,1161,44,6937,15,10],"tags":[249,1307,725],"class_list":["post-60979","post","type-post","status-publish","format-standard","has-post-thumbnail","hentry","category-atarfe","category-atarfe-sostenible","category-ciudadania","category-noticias-de-hoy","category-sociedad","category-ultimas-noticias","category-salud","tag-agua","tag-casas","tag-espana"],"jetpack_publicize_connections":[],"jetpack_featured_media_url":"https:\/\/i0.wp.com\/miradordeatarfe.es\/wp-content\/uploads\/2023\/04\/AGUA.png?fit=571%2C405&ssl=1","jetpack_likes_enabled":true,"jetpack_sharing_enabled":true,"_links":{"self":[{"href":"https:\/\/miradordeatarfe.es\/index.php?rest_route=\/wp\/v2\/posts\/60979","targetHints":{"allow":["GET"]}}],"collection":[{"href":"https:\/\/miradordeatarfe.es\/index.php?rest_route=\/wp\/v2\/posts"}],"about":[{"href":"https:\/\/miradordeatarfe.es\/index.php?rest_route=\/wp\/v2\/types\/post"}],"author":[{"embeddable":true,"href":"https:\/\/miradordeatarfe.es\/index.php?rest_route=\/wp\/v2\/users\/1"}],"replies":[{"embeddable":true,"href":"https:\/\/miradordeatarfe.es\/index.php?rest_route=%2Fwp%2Fv2%2Fcomments&post=60979"}],"version-history":[{"count":3,"href":"https:\/\/miradordeatarfe.es\/index.php?rest_route=\/wp\/v2\/posts\/60979\/revisions"}],"predecessor-version":[{"id":60985,"href":"https:\/\/miradordeatarfe.es\/index.php?rest_route=\/wp\/v2\/posts\/60979\/revisions\/60985"}],"wp:featuredmedia":[{"embeddable":true,"href":"https:\/\/miradordeatarfe.es\/index.php?rest_route=\/wp\/v2\/media\/60982"}],"wp:attachment":[{"href":"https:\/\/miradordeatarfe.es\/index.php?rest_route=%2Fwp%2Fv2%2Fmedia&parent=60979"}],"wp:term":[{"taxonomy":"category","embeddable":true,"href":"https:\/\/miradordeatarfe.es\/index.php?rest_route=%2Fwp%2Fv2%2Fcategories&post=60979"},{"taxonomy":"post_tag","embeddable":true,"href":"https:\/\/miradordeatarfe.es\/index.php?rest_route=%2Fwp%2Fv2%2Ftags&post=60979"}],"curies":[{"name":"wp","href":"https:\/\/api.w.org\/{rel}","templated":true}]}}