{"id":6099,"date":"2016-02-01T09:53:44","date_gmt":"2016-02-01T09:53:44","guid":{"rendered":"http:\/\/miradordeatarfe.es\/?p=6099"},"modified":"2016-02-01T09:44:38","modified_gmt":"2016-02-01T09:44:38","slug":"curiosidades-elvirenses-2-por-jose-enrique-granados","status":"publish","type":"post","link":"https:\/\/miradordeatarfe.es\/?p=6099","title":{"rendered":"\u00abCURIOSIDADES ELVIRENSES 2\u00bb por Jos\u00e9 Enrique Granados"},"content":{"rendered":"<p>El paseo de Santa Ana, El d\u00eda de la Cruz y la nieve en Atarfe seg\u00fan Curiosidades Elvirenses<!--more--><\/p>\n<p><strong>PASEO DE SANTA ANA<\/strong><\/p>\n<p>A\u00fan a pesar de la baja calidad de esta fotograf\u00eda es reconocible el lugar donde est\u00e1 realizada. Aunque no est\u00e1 datada, por la ausencia en la explanada del Paseo de Santa Ana de la escultura al Sagrado Coraz\u00f3n de Jes\u00fas, debe ser anterior a 1944, a\u00f1o en el que se erigi\u00f3 dicho monumento.<\/p>\n<p>Desde esta perspectiva es bastante notorio la menor altura de la torre de la ermita, reconstruida y aumentada su esbeltez tras el terremoto de 1956, hecho ya mencionado en anteriores gacetillas.<\/p>\n<p>Curiosidades elvirenses.<\/p>\n<p><a href=\"https:\/\/i0.wp.com\/miradordeatarfe.es\/wp-content\/uploads\/2016\/01\/12484740_940181976067818_4489131464566989356_o.jpg?ssl=1\" rel=\"attachment wp-att-6100\"><img data-recalc-dims=\"1\" loading=\"lazy\" decoding=\"async\" class=\"alignnone wp-image-6100\" src=\"https:\/\/i0.wp.com\/miradordeatarfe.es\/wp-content\/uploads\/2016\/01\/12484740_940181976067818_4489131464566989356_o.jpg?resize=640%2C354&#038;ssl=1\" alt=\"12484740_940181976067818_4489131464566989356_o\" width=\"640\" height=\"354\" srcset=\"https:\/\/i0.wp.com\/miradordeatarfe.es\/wp-content\/uploads\/2016\/01\/12484740_940181976067818_4489131464566989356_o.jpg?w=2048&amp;ssl=1 2048w, https:\/\/i0.wp.com\/miradordeatarfe.es\/wp-content\/uploads\/2016\/01\/12484740_940181976067818_4489131464566989356_o.jpg?resize=300%2C166&amp;ssl=1 300w, https:\/\/i0.wp.com\/miradordeatarfe.es\/wp-content\/uploads\/2016\/01\/12484740_940181976067818_4489131464566989356_o.jpg?resize=768%2C425&amp;ssl=1 768w, https:\/\/i0.wp.com\/miradordeatarfe.es\/wp-content\/uploads\/2016\/01\/12484740_940181976067818_4489131464566989356_o.jpg?resize=1024%2C567&amp;ssl=1 1024w, https:\/\/i0.wp.com\/miradordeatarfe.es\/wp-content\/uploads\/2016\/01\/12484740_940181976067818_4489131464566989356_o.jpg?resize=600%2C332&amp;ssl=1 600w, https:\/\/i0.wp.com\/miradordeatarfe.es\/wp-content\/uploads\/2016\/01\/12484740_940181976067818_4489131464566989356_o.jpg?w=1280&amp;ssl=1 1280w, https:\/\/i0.wp.com\/miradordeatarfe.es\/wp-content\/uploads\/2016\/01\/12484740_940181976067818_4489131464566989356_o.jpg?w=1920&amp;ssl=1 1920w\" sizes=\"auto, (max-width: 640px) 100vw, 640px\" \/><\/a><\/p>\n<p><strong>DIA DE LA CRUZ<\/strong><\/p>\n<p>El texto de la Gacetilla de hoy es obra de Mar\u00eda de los \u00c1ngeles Lamolda, y nos habla de los retratos, de las fotos que d\u00eda a d\u00eda van cumplimentando este foro elvirense. La fotograf\u00eda data de 1930 y est\u00e1 realizada en el d\u00eda de la cruz de dicho a\u00f1o, cortes\u00eda de Mar\u00eda Victoria Correa.<\/p>\n<p>Cuando miras tus fotos dime, \u00bfqu\u00e9 sientes?\/\u00bfAcaso no deseas entrar dentro\/y volver a vivir ese momento?.\/Poder tocar, oler,\u2026 a esos seres queridos,\/que quiz\u00e1 ya se han ido.\/Tal vez devolverles el a<span class=\"text_exposed_show\">liento.<\/span><\/p>\n<div class=\"text_exposed_show\">\n<p>Y otra vez rozar sus cuerpos, sus caras.\/Sentir el calor de sus miradas.\/Ser capaz de detener el tiempo\/para de nuevo escuchar sus voces,\/sus risas, su latido, que no su lamento.<\/p>\n<p>Acariciarlos. Notar sus caricias,\/recuperar aquel abrazo que no les diste,\/o el beso que perdiste.<\/p>\n<p>Cogerles la mano.\/Transmitirles tu pulso interno.\/Jugar a ser Dios,\/y as\u00ed, su alma infundirles,\/y as\u00ed, su ser recobrarles,\/y as\u00ed,\u2026 de nuevo nacerles.<\/p>\n<p>\u00a1Eh!.\/Despierta.\/No sue\u00f1es.\/No es posible.\/No es factible.<\/p>\n<p>No eres due\u00f1o ni de ese instante\/que crees haber apresado\/en ese entra\u00f1able papel;\/ni de ese secreto\/que crees tener guardado\/en esa imagen impresa en \u00e9l.<\/p>\n<p>Sin embargo, te complace\/el contemplarlas.\/Con mimo y delicadeza\/vuelves a guardarlas.<\/p>\n<p>Pensativo te quedas,\/y, tras un hondo suspiro,\/al coraz\u00f3n sosiegas.<\/p>\n<p>\u00a1Qu\u00e9 vida \u00e9sta!\/\u00bfPor qu\u00e9 ser\u00e1 as\u00ed\u2026?\/No sigas.\/No encontrar\u00e1s respuesta.<\/p>\n<p>Curiosidades elvirenses.<\/p>\n<p><a href=\"https:\/\/i0.wp.com\/miradordeatarfe.es\/wp-content\/uploads\/2016\/01\/12474053_940021916083824_6300831051203610311_o.jpg?ssl=1\" rel=\"attachment wp-att-6101\"><img data-recalc-dims=\"1\" loading=\"lazy\" decoding=\"async\" class=\"alignnone wp-image-6101\" src=\"https:\/\/i0.wp.com\/miradordeatarfe.es\/wp-content\/uploads\/2016\/01\/12474053_940021916083824_6300831051203610311_o.jpg?resize=640%2C459&#038;ssl=1\" alt=\"12474053_940021916083824_6300831051203610311_o\" width=\"640\" height=\"459\" srcset=\"https:\/\/i0.wp.com\/miradordeatarfe.es\/wp-content\/uploads\/2016\/01\/12474053_940021916083824_6300831051203610311_o.jpg?w=1271&amp;ssl=1 1271w, https:\/\/i0.wp.com\/miradordeatarfe.es\/wp-content\/uploads\/2016\/01\/12474053_940021916083824_6300831051203610311_o.jpg?resize=300%2C215&amp;ssl=1 300w, https:\/\/i0.wp.com\/miradordeatarfe.es\/wp-content\/uploads\/2016\/01\/12474053_940021916083824_6300831051203610311_o.jpg?resize=768%2C551&amp;ssl=1 768w, https:\/\/i0.wp.com\/miradordeatarfe.es\/wp-content\/uploads\/2016\/01\/12474053_940021916083824_6300831051203610311_o.jpg?resize=1024%2C735&amp;ssl=1 1024w, https:\/\/i0.wp.com\/miradordeatarfe.es\/wp-content\/uploads\/2016\/01\/12474053_940021916083824_6300831051203610311_o.jpg?resize=600%2C431&amp;ssl=1 600w\" sizes=\"auto, (max-width: 640px) 100vw, 640px\" \/><\/a><\/p>\n<\/div>\n<p>&nbsp;<\/p>\n<p><strong>NIEVE EN ATARFE<\/strong><\/p>\n<div id=\"js_16\" class=\"_5pbx userContent\" data-ft=\"{&quot;tn&quot;:&quot;K&quot;}\">\n<p>El pasado 3 de enero ilustr\u00e1bamos nuestra p\u00e1gina con una fotograf\u00eda muy similar a la de hoy, ambas cortes\u00eda de Anto\u00f1ito S\u00e1nchez. A las mismas le separan unos a\u00f1os, y es que si la del pasado d\u00eda estaba fechada en enero de 1971, la de hoy est\u00e1 realizada a finales de los a\u00f1os setenta del siglo pasado. No tenemos certeza exacta de la fecha de realizaci\u00f3n de la instant\u00e1nea, pero en la misma podemos distinguir a un jovenc\u00edsimo Manuel Lara, p\u00e1rroco que fue entre 1976 y 1982. Junto a \u00e9l Miguel P\u00e9rez Molina \u201cEl Corniz\u201d, Miguel Rold\u00e1n y otras dos personas que no llegamos a identificar se afanan en levantar un mu\u00f1eco de nieve.<\/p>\n<p>Otra nevada, otro mu\u00f1eco, el mismo rinc\u00f3n, id\u00e9ntico escenario, casi los mismos personajes, Atarfe en el recuerdo.<\/p>\n<p>Curiosidades elvirenses<\/p>\n<div class=\"_5wpt\"><\/div>\n<\/div>\n<div class=\"_3x-2\">\n<div data-ft=\"{&quot;tn&quot;:&quot;H&quot;}\">\n<div class=\"mtm\">\n<div class=\"_5cq3\" data-ft=\"{&quot;tn&quot;:&quot;E&quot;}\">\n<div id=\"u_g_l\" class=\"uiScaledImageContainer _4-ep\"><img loading=\"lazy\" decoding=\"async\" class=\"scaledImageFitWidth img\" src=\"https:\/\/scontent-mad1-1.xx.fbcdn.net\/hphotos-xpt1\/v\/t1.0-0\/s526x296\/12509377_940177946068221_1686403193222703964_n.jpg?oh=32f5bcd1d056e5bb564aedb5356eef86&amp;oe=57476985\" alt=\"Foto de Gacetilla y curiosidades elvirenses.\" width=\"470\" height=\"296\" \/><\/div>\n<\/div>\n<\/div>\n<\/div>\n<div class=\"uiScaledImageContainer _4-ep\">MAS HISTORIAS EN : <a href=\"https:\/\/www.facebook.com\/Gacetilla-y-curiosidades-elvirenses\">https:\/\/www.facebook.com\/Gacetilla-y-curiosidades-elvirenses<\/a><\/div>\n<\/div>\n","protected":false},"excerpt":{"rendered":"<p>El paseo de Santa Ana, El d\u00eda de la Cruz y la nieve en Atarfe&#8230;<\/p>\n","protected":false},"author":1,"featured_media":6102,"comment_status":"closed","ping_status":"closed","sticky":false,"template":"","format":"standard","meta":{"_coblocks_attr":"","_coblocks_dimensions":"","_coblocks_responsive_height":"","_coblocks_accordion_ie_support":"","jetpack_post_was_ever_published":false,"_jetpack_newsletter_access":"","_jetpack_dont_email_post_to_subs":false,"_jetpack_newsletter_tier_id":0,"_jetpack_memberships_contains_paywalled_content":false,"_jetpack_memberships_contains_paid_content":false,"footnotes":"","jetpack_publicize_message":"","jetpack_publicize_feature_enabled":true,"jetpack_social_post_already_shared":false,"jetpack_social_options":{"image_generator_settings":{"template":"highway","default_image_id":0,"enabled":false},"version":2}},"categories":[2,1225,38,44,15],"tags":[2054,2053,2055],"class_list":["post-6099","post","type-post","status-publish","format-standard","has-post-thumbnail","hentry","category-atarfe","category-ha-de-atarfe","category-opinion-de-jose-enrique-granados","category-noticias-de-hoy","category-ultimas-noticias","tag-dia-de-la-cruz","tag-nieve","tag-paseo-santa-ana"],"jetpack_publicize_connections":[],"jetpack_featured_media_url":"https:\/\/i0.wp.com\/miradordeatarfe.es\/wp-content\/uploads\/2016\/01\/ATARFE.jpg?fit=300%2C225&ssl=1","jetpack_likes_enabled":true,"jetpack_sharing_enabled":true,"_links":{"self":[{"href":"https:\/\/miradordeatarfe.es\/index.php?rest_route=\/wp\/v2\/posts\/6099","targetHints":{"allow":["GET"]}}],"collection":[{"href":"https:\/\/miradordeatarfe.es\/index.php?rest_route=\/wp\/v2\/posts"}],"about":[{"href":"https:\/\/miradordeatarfe.es\/index.php?rest_route=\/wp\/v2\/types\/post"}],"author":[{"embeddable":true,"href":"https:\/\/miradordeatarfe.es\/index.php?rest_route=\/wp\/v2\/users\/1"}],"replies":[{"embeddable":true,"href":"https:\/\/miradordeatarfe.es\/index.php?rest_route=%2Fwp%2Fv2%2Fcomments&post=6099"}],"version-history":[{"count":2,"href":"https:\/\/miradordeatarfe.es\/index.php?rest_route=\/wp\/v2\/posts\/6099\/revisions"}],"predecessor-version":[{"id":6332,"href":"https:\/\/miradordeatarfe.es\/index.php?rest_route=\/wp\/v2\/posts\/6099\/revisions\/6332"}],"wp:featuredmedia":[{"embeddable":true,"href":"https:\/\/miradordeatarfe.es\/index.php?rest_route=\/wp\/v2\/media\/6102"}],"wp:attachment":[{"href":"https:\/\/miradordeatarfe.es\/index.php?rest_route=%2Fwp%2Fv2%2Fmedia&parent=6099"}],"wp:term":[{"taxonomy":"category","embeddable":true,"href":"https:\/\/miradordeatarfe.es\/index.php?rest_route=%2Fwp%2Fv2%2Fcategories&post=6099"},{"taxonomy":"post_tag","embeddable":true,"href":"https:\/\/miradordeatarfe.es\/index.php?rest_route=%2Fwp%2Fv2%2Ftags&post=6099"}],"curies":[{"name":"wp","href":"https:\/\/api.w.org\/{rel}","templated":true}]}}