{"id":60991,"date":"2023-04-29T09:32:53","date_gmt":"2023-04-29T07:32:53","guid":{"rendered":"https:\/\/miradordeatarfe.es\/?p=60991"},"modified":"2023-04-26T20:57:21","modified_gmt":"2023-04-26T18:57:21","slug":"granada-ya-produce-con-energias-renovables-mas-del-70-de-la-electricidad-que-consume","status":"publish","type":"post","link":"https:\/\/miradordeatarfe.es\/?p=60991","title":{"rendered":"Granada ya produce con energ\u00edas renovables m\u00e1s del 70% de la electricidad que consume"},"content":{"rendered":"<h3 style=\"text-align: justify;\">Es la provincia andaluza que m\u00e1s ha incrementado su potencia de &#8216;energ\u00edas limpias&#8217;, con casi el 50% en un solo a\u00f1o, y apenas han empezado a operar una m\u00ednima parte de los proyectos planteados.<\/h3>\n<div class=\"blq-img mainImg\" style=\"text-align: justify;\">\n<div class=\"txt\">\n<div class=\"pie\">Una de las tres plantas solares fotovoltaicas inauguradas en 2022 por la empresa Verbund en Pinos Puente.<\/div>\n<\/div>\n<\/div>\n<div class=\"cuerpo\" style=\"text-align: justify;\">\n<p>La provincia de Granada ya es capaz de producir m\u00e1s del 70% de su consumo de electricidad a trav\u00e9s de energ\u00edas renovables, gracias a las nuevas plantas solares fotovoltaicas que empezaron a operar el a\u00f1o pasado.\u00a0<\/p>\n<p>Seg\u00fan los datos de la Agencia Andaluza de la Energ\u00eda, la provincia cerr\u00f3 2022 con una potencia el\u00e9ctrica renovable de <strong>1.208 megavatios<\/strong> (Mw). Un a\u00f1o antes ten\u00eda 808 Mw.<\/p>\n<p>Hasta el a\u00f1o pasado, Granada generaba en torno al 50% de su consumo el\u00e9ctrico con fuentes renovables. El consumo el\u00e9ctrico de la provincia se sit\u00faa en torno a los 3.000 gigavatios\/hora (GWh), aunque ha ido descendiendo en los \u00faltimos a\u00f1os (como sucede a nivel nacional) y en 2021, \u00faltimo a\u00f1o con datos disponibles, fue de 2.974 GWh. Con los 1.208 Mw de potencia el\u00e9ctrica renovable instalada puede generar m\u00e1s de 2.200 GWh al a\u00f1o -seg\u00fan el promedio de generaci\u00f3n de los \u00faltimos cinco a\u00f1os-, lo que supone <strong>un 74% <\/strong>del consumo el\u00e9ctrico total que tuvo la provincia en 2021.\u00a0<\/p>\n<div class=\"media media-element-container media-default\">\n<div id=\"file-89856\" class=\"file file-image file-image-jpeg\">\n<div class=\"content\"><img data-recalc-dims=\"1\" loading=\"lazy\" decoding=\"async\" class=\"media-element file-default\" src=\"https:\/\/i0.wp.com\/www.elindependientedegranada.es\/sites\/default\/files\/potencia_renovable_evol.jpg?resize=640%2C346&#038;ssl=1\" alt=\"\" width=\"640\" height=\"346\" data-delta=\"3\" \/><\/div>\n<\/div>\n<\/div>\n<p>La tabla de arriba muestra la evoluci\u00f3n de la potencia el\u00e9ctrica renovable de Granada, que es la <strong>provincia andaluza que m\u00e1s increment\u00f3 su capacidad renovable en 2002<\/strong>, seg\u00fan la Agencia Andaluza de la Energ\u00eda, con casi <strong>un 50% m\u00e1s de potencia instalada <\/strong>(de 808 a 1.208 Mw).\u00a0<\/p>\n<p>Un aumento que ha producido casi exclusivamente a trav\u00e9s de la energ\u00eda <strong>fotovoltaica<\/strong>, cuya potencia se ha m\u00e1s que triplicado durante 2022, y ha pasado <strong>de 157 Mw a casi 553<\/strong> tras la apertura de varias macroplantas como <a href=\"https:\/\/www.elindependientedegranada.es\/economia\/electrica-austriaca-verbund-suministrara-energia-14-fabricas-europeas-megaplanta-solar\">las tres de Pinos Puente promovidas por la el\u00e9ctrica austriaca Verbund<\/a>, que aportan en conjunto m\u00e1s de 140 Mw de potencia, casi equivalente a todo lo que hab\u00eda ya instalado en la provincia.\u00a0<\/p>\n<div class=\"media media-element-container media-default\">\n<div id=\"file-89854\" class=\"file file-image file-image-jpeg\">\n<div class=\"content\"><img data-recalc-dims=\"1\" loading=\"lazy\" decoding=\"async\" class=\"media-element file-default\" src=\"https:\/\/i0.wp.com\/www.elindependientedegranada.es\/sites\/default\/files\/fotovoltaicas_grandes.jpg?resize=640%2C454&#038;ssl=1\" alt=\"\" width=\"640\" height=\"454\" data-delta=\"1\" \/><\/div>\n<\/div>\n<\/div>\n<p>En la tabla sobre estas l\u00edneas aparecen las plantas fotovoltaicas con m\u00e1s de 10 Mw con que cuenta Granada. Todas empezaron a operar el a\u00f1o pasado. Se trata de instalaciones inferiores a 50 Mw, que son las que tramita la Junta de Andaluc\u00eda, mientras que a las superiores a esa potencia tiene que aprobarlas el Ministerio de Transici\u00f3n Ecol\u00f3gica. Aunque las empresas suelen hacer la &#8216;trampa&#8217; de trocear sus proyectos para que cada uno no supere esos 50 Mw y as\u00ed evitar la tramitaci\u00f3n estatal, si bien en la pr\u00e1ctica se trate de una \u00fanica instalaci\u00f3n.\u00a0<\/p>\n<p><strong>Las plantas abiertas en 2022 suman 365 Mw<\/strong> y suponen <strong>una m\u00ednima parte de los proyectos en marcha<\/strong>, ya aprobados o que se est\u00e1n evaluando. Por ejemplo, solo en los primeros meses de este a\u00f1o <a href=\"https:\/\/www.elindependientedegranada.es\/economia\/junta-ministerio-autorizan-2373-mw-solar-eolica-mucho-mas-que-todo-consumo-electrico\">Junta y Ministerio han dado el visto bueno ambiental a 2.373 Mw de potencia fotovoltaica y e\u00f3lica,<\/a> entre los que se incluyen la macroplanta que promueve Iberdrola en Cac\u00edn, con 330 Mw de potencia instalada (275 Mw nominales, los que podr\u00e1 verter en la red el\u00e9ctrica). Y esperando su aprobaci\u00f3n hay otra <a href=\"https:\/\/www.elindependientedegranada.es\/economia\/proyectan-segunda-mayor-planta-fotovoltaica-europa-temple-que-llenara-parques-solares\">macroplanta a\u00fan m\u00e1s gigantesca, en Ventas de Huelma, con 600 Mw<\/a> de potencia m\u00e1xima, m\u00e1s que todo lo que hay ahora mismo implantado en la provincia.\u00a0<\/p>\n<h4>Varias veces m\u00e1s capacidad de la necesaria<\/h4>\n<p>Es decir, si ahora mismo Granada puede generar m\u00e1s del 70% de su consumo el\u00e9ctrico con los 1.208 Mw instalados, de implantarse los proyectos previstos <strong>multiplicar\u00e1 por varias veces sus necesidades <\/strong>de consumo el\u00e9ctrico, con lo que se convertir\u00e1 en lo que ya se ha denominado como <strong>territorio de sacrificio<\/strong>, destinado a exportar electricidad a los grandes centros de producci\u00f3n o al extranjero, o bien para otros usos como el llamado &#8216;hidr\u00f3geno verde&#8217;, a costa de <strong>destruir grandes \u00e1reas de su territorio,<\/strong> con graves perjuicios medioambientales y \u00fanicamente el beneficio de los puestos de trabajo creados durante su construcci\u00f3n, ya que las plantas requieren escaso personal para su mantenimiento.\u00a0<\/p>\n<p>Adem\u00e1s, hay que tener en cuenta que las energ\u00edas fotovoltaica y e\u00f3lica solo son &#8216;limpias&#8217; y &#8216;renovables&#8217; en cuanto a la fuente de donde proceden -sol y viento-, pues <strong>su implantaci\u00f3n requiere un<\/strong> <strong>gran consumo de combustibles f\u00f3siles<\/strong>, tanto para la miner\u00eda necesaria para extraer los materiales que utilizan -muchos de ellos metales y tierras raras cada vez m\u00e1s escasos- como para su transporte y construcci\u00f3n sobre el terreno. Y la duraci\u00f3n de estas plantas es limitada: 20 o 25 a\u00f1os, y con un complicado <strong>reciclaje, a\u00fan sin resolver<\/strong>, especialmente en el caso de los aerogeneradores.\u00a0<\/p>\n<div class=\"divdest\">Aparte de esas grandes plantas fotovoltaicas, Granada ha incrementado tambi\u00e9n notablemente el n\u00famero de <strong>instalaciones de autoconsumo <\/strong>conectadas a la red, es decir, de consumidores que generan su propia electricidad a partir de energ\u00eda solar para autoconsumirla y reducir su factura el\u00e9ctrica. La Agencia Andaluza de la Energ\u00eda estima que se han superado en Granada las <strong>11.000 <\/strong>instalaciones, con m\u00e1s de 77,10 MW de potencia instalada a fecha de 31\/12\/2022. A junio de 2022 la estimaci\u00f3n era de unas 5.200 instalaciones, con lo que en seis meses se han m\u00e1s que duplicado.\u00a0<\/div>\n<div class=\"media media-element-container media-default\">\n<div id=\"file-89855\" class=\"file file-image file-image-jpeg\">\n<div class=\"content\"><img data-recalc-dims=\"1\" loading=\"lazy\" decoding=\"async\" class=\"media-element file-default\" src=\"https:\/\/i0.wp.com\/www.elindependientedegranada.es\/sites\/default\/files\/termosolares.jpg?resize=588%2C258&#038;ssl=1\" alt=\"\" width=\"588\" height=\"258\" data-delta=\"2\" \/><\/div>\n<\/div>\n<\/div>\n<p>Junto a las instalaciones fotovoltaicas, Granada cuenta con casi <strong>150 Mw de energ\u00eda termosolar<\/strong> (generan energ\u00eda el\u00e9ctrica mediante el calentamiento de agua a trav\u00e9s de sus paneles), mediante las tres centrales de Andasol implantadas desde hace d\u00e9cadas en la comarca del Marquesado, una tecnolog\u00eda en la que la provincia fue en su d\u00eda fue pionera.\u00a0<\/p>\n<h4>La e\u00f3lica apenas crece<\/h4>\n<p>Por su parte, la energ\u00eda e\u00f3lica, que <strong>hasta 2022 era la predominante en la provincia<\/strong>, apenas ha crecido en el \u00faltimo a\u00f1o. De los 402 Mw de potencia instalada se ha pasado a <strong>407<\/strong>, y ya est\u00e1 por detr\u00e1s de la fotovoltaica.\u00a0<\/p>\n<div class=\"media media-element-container media-default\">\n<div id=\"file-89857\" class=\"file file-image file-image-jpeg\">\n<div class=\"content\"><img data-recalc-dims=\"1\" loading=\"lazy\" decoding=\"async\" class=\"media-element file-default\" src=\"https:\/\/i0.wp.com\/www.elindependientedegranada.es\/sites\/default\/files\/parques_eolic.jpg?resize=528%2C676&#038;ssl=1\" alt=\"\" width=\"528\" height=\"676\" data-delta=\"4\" \/><\/div>\n<\/div>\n<\/div>\n<p>La provincia cuenta con <strong>23<\/strong> instalaciones e\u00f3licas, distribuidas principalmente por las comarcas del <strong>Marquesado<\/strong> y la zona del <strong>Valle de Lecr\u00edn y Lanjar\u00f3n<\/strong>, donde se sit\u00faan la inmensa mayor\u00eda de los parques. Pero est\u00e1n pendientes de aprobar multitud de nuevos parques m\u00e1s, tanto en el noreste de la provincia, sobre todo en la comarca de Baza, y tambi\u00e9n m\u00e1s en el Valle de Lecr\u00edn, como <a href=\"https:\/\/www.elindependientedegranada.es\/economia\/tres-parques-eolicos-central-hidroelectrica-reversible-estan-proyectadas-sobre-superficie#:~:text=Los%20parques%20e%C3%B3licos%20se%20denominan,que%20actualmente%20se%20encuentran%20calcinados.\">los tres que est\u00e1\u00a0 previsto que se sit\u00faen en la zona quemada del devastador incendio de Los Gu\u00e1jares<\/a> (su tramitaci\u00f3n comenz\u00f3 mucho antes de que se produjera el fuego).\u00a0<\/p>\n<p>Solo en la comarca de Baza hay<a href=\"https:\/\/www.elindependientedegranada.es\/economia\/proyectados-11-parques-eolicos-comarca-baza-con-mas-capacidad-que-21-que-hay-ahora-toda\"> en tr\u00e1mite al menos 11 proyectos de parques e\u00f3licos que supondr\u00edan en conjunto 431 Mw de potencia,<\/a> m\u00e1s que los 407 actualmente en funcionamiento en toda la provincia.\u00a0<\/p>\n<h4>28 minicentrales hidroel\u00e9ctricas<\/h4>\n<p>Junto a las plantas solares y e\u00f3licas, Granada dispone de una extensa red de <strong>minicentrales hidroel\u00e9ctricas<\/strong>. Es la provincia andaluza que cuenta con mayor n\u00famero de instalaciones que aprovechan el agua de sus r\u00edos para generar elecricidad. Hay en funcionamiento 28, con una potencia total de <strong>96,33 MW,<\/strong> lo que supone casi <strong>un 15% del total andaluz.<\/strong><\/p>\n<div class=\"media media-element-container media-default\">\n<div id=\"file-89858\" class=\"file file-image file-image-jpeg\">\n<div class=\"content\"><img data-recalc-dims=\"1\" loading=\"lazy\" decoding=\"async\" class=\"media-element file-default\" src=\"https:\/\/i0.wp.com\/www.elindependientedegranada.es\/sites\/default\/files\/centrales_hidroelc.jpg?resize=601%2C685&#038;ssl=1\" alt=\"\" width=\"601\" height=\"685\" data-delta=\"5\" \/><\/div>\n<\/div>\n<\/div>\n<p>Se trata de minicentrales con poca capacidad de generaci\u00f3n el\u00e9ctrica. En 2021, \u00faltimo a\u00f1o con datos disponibles, esos 96 megavatios de potencia generaron <strong>138 GWh de electricidad<\/strong>, <strong>por detr\u00e1s de las plantas solares y los parques e\u00f3licos<\/strong>. Y su aportaci\u00f3n disminuye notablemente en a\u00f1os secos. Por ejemplo, en 2010, uno de los m\u00e1s lluviosos de las \u00faltimas d\u00e9cadas, el conjunto de minicentrales hidroel\u00e9ctricas generaron casi 300 GWh de electricidad, mientras que en 2012 no llegaron a los 100 GWh.\u00a0<\/p>\n<p>Pero la situaci\u00f3n de las centrales hidroel\u00e9ctricas granadinas cambiar\u00e1 radicalmente si se aprueban las <a href=\"https:\/\/www.elindependientedegranada.es\/economia\/gobierno-tramita-tres-centrales-hidroelectricas-reversibles-granada-ellas-emblematico\">tres grandes centrales reversiles (de bombeo) proyectadas,<\/a> dos en el embalse de Rules y una en el Negrat\u00edn, ubicada en el cerro Jabalc\u00f3n. Entre las tres sumar\u00edan nada menos de <strong>1.680 megavatios<\/strong> de potencia el\u00e9ctrica, <strong>m\u00e1s que todas las instalaciones el\u00e9ctricas<\/strong> (renovables o no) ubicadas actualmente en la provincia.\u00a0<\/p>\n<h4>Centrales de cogeneraci\u00f3n<\/h4>\n<p>Adem\u00e1s de la instalaciones de energ\u00eda renovable, Granada tambi\u00e9n genera electricidad mediante combustibles f\u00f3siles a trav\u00e9s de 19 plantas de cogeneraci\u00f3n que usan gas natural, fuel-oil o gas\u00f3leo. En total suman <strong>137 Mw <\/strong>de potencia que en 2021 generaron 675 GWh de electricidad, el 22,5% del consumo el\u00e9ctrico de la provincia. Las plantas de cogeneraci\u00f3n, como sucede con las de ciclo combinado (usan gas natural), son imprescindibles para el sistema el\u00e9ctrico, ya que permiten suplir la intermitencia de las renovables (cuando no hay sol ni viento, o escaso caudal en los r\u00edos) y dan estabilidad al suministro.\u00a0<\/p>\n<\/div>\n<div>\n<div id=\"disqus_thread\" style=\"text-align: justify;\"><strong>J.M.M.<\/strong><\/div>\n<div style=\"text-align: justify;\">\u00a0<\/div>\n<div style=\"text-align: justify;\">FOTOVerbund v\u00eda Europa Press<\/div>\n<div>\n<div class=\"pie\">Una de las tres plantas solares fotovoltaicas inauguradas en 2022 por la empresa<\/div>\n<div>\u00a0<\/div>\n<p>http:\/\/www.elindependientedegranada.es\/economia\/granada-ya-produce-con-energias-renovables-mas-70-electricidad-que-consume<\/p><\/div>\n<\/div>\n","protected":false},"excerpt":{"rendered":"<p>Es la provincia andaluza que m\u00e1s ha incrementado su potencia de &#8216;energ\u00edas limpias&#8217;, con casi&#8230;<\/p>\n","protected":false},"author":1,"featured_media":60992,"comment_status":"closed","ping_status":"closed","sticky":false,"template":"","format":"standard","meta":{"_coblocks_attr":"","_coblocks_dimensions":"","_coblocks_responsive_height":"","_coblocks_accordion_ie_support":"","jetpack_post_was_ever_published":false,"_jetpack_newsletter_access":"","_jetpack_dont_email_post_to_subs":false,"_jetpack_newsletter_tier_id":0,"_jetpack_memberships_contains_paywalled_content":false,"_jetpack_memberships_contains_paid_content":false,"footnotes":"","jetpack_publicize_message":"","jetpack_publicize_feature_enabled":true,"jetpack_social_post_already_shared":false,"jetpack_social_options":{"image_generator_settings":{"template":"highway","default_image_id":0,"enabled":false},"version":2}},"categories":[7725,1161,9,44,15,10],"tags":[208,129],"class_list":["post-60991","post","type-post","status-publish","format-standard","has-post-thumbnail","hentry","category-atarfe-sostenible","category-ciudadania","category-medio-ambiente","category-noticias-de-hoy","category-ultimas-noticias","category-salud","tag-energia-renovable","tag-granada"],"jetpack_publicize_connections":[],"jetpack_featured_media_url":"https:\/\/i0.wp.com\/miradordeatarfe.es\/wp-content\/uploads\/2023\/04\/fotonoticia_20220929145133_1920.jpg?fit=750%2C441&ssl=1","jetpack_likes_enabled":true,"jetpack_sharing_enabled":true,"_links":{"self":[{"href":"https:\/\/miradordeatarfe.es\/index.php?rest_route=\/wp\/v2\/posts\/60991","targetHints":{"allow":["GET"]}}],"collection":[{"href":"https:\/\/miradordeatarfe.es\/index.php?rest_route=\/wp\/v2\/posts"}],"about":[{"href":"https:\/\/miradordeatarfe.es\/index.php?rest_route=\/wp\/v2\/types\/post"}],"author":[{"embeddable":true,"href":"https:\/\/miradordeatarfe.es\/index.php?rest_route=\/wp\/v2\/users\/1"}],"replies":[{"embeddable":true,"href":"https:\/\/miradordeatarfe.es\/index.php?rest_route=%2Fwp%2Fv2%2Fcomments&post=60991"}],"version-history":[{"count":1,"href":"https:\/\/miradordeatarfe.es\/index.php?rest_route=\/wp\/v2\/posts\/60991\/revisions"}],"predecessor-version":[{"id":60993,"href":"https:\/\/miradordeatarfe.es\/index.php?rest_route=\/wp\/v2\/posts\/60991\/revisions\/60993"}],"wp:featuredmedia":[{"embeddable":true,"href":"https:\/\/miradordeatarfe.es\/index.php?rest_route=\/wp\/v2\/media\/60992"}],"wp:attachment":[{"href":"https:\/\/miradordeatarfe.es\/index.php?rest_route=%2Fwp%2Fv2%2Fmedia&parent=60991"}],"wp:term":[{"taxonomy":"category","embeddable":true,"href":"https:\/\/miradordeatarfe.es\/index.php?rest_route=%2Fwp%2Fv2%2Fcategories&post=60991"},{"taxonomy":"post_tag","embeddable":true,"href":"https:\/\/miradordeatarfe.es\/index.php?rest_route=%2Fwp%2Fv2%2Ftags&post=60991"}],"curies":[{"name":"wp","href":"https:\/\/api.w.org\/{rel}","templated":true}]}}