{"id":60997,"date":"2023-05-01T09:09:17","date_gmt":"2023-05-01T07:09:17","guid":{"rendered":"https:\/\/miradordeatarfe.es\/?p=60997"},"modified":"2023-04-29T11:58:40","modified_gmt":"2023-04-29T09:58:40","slug":"fuente-vaqueros-acogera-la-fuente-music-festival-para-celebrar-el-125-aniversario-del-nacimiento-de-lorca","status":"publish","type":"post","link":"https:\/\/miradordeatarfe.es\/?p=60997","title":{"rendered":"Fuente Vaqueros acoger\u00e1 &#8216;La Fuente Music Festival&#8217; para celebrar el 125 aniversario del nacimiento de Lorca"},"content":{"rendered":"<h3 class=\"single-subtitle\">Arco, Jos\u00e9 Antonio Garc\u00eda, Nacha Pop y Carmencita Calavera actuar\u00e1n en este evento que se celebrar\u00e1 los d\u00edas 2 y 3 de junio<\/h3>\n<p style=\"text-align: justify;\">Los cantantes Arco &#8211; exmiembro de El puchero del hortelano- y Jos\u00e9 Antonio Garc\u00eda (091) y los grupos Nacha Pop y Carmencita Calavera actuar\u00e1n en <strong>Fuente Vaqueros<\/strong> los pr\u00f3ximos d\u00edas 2 y 3 de junio, en el marco de las actividades organizadas por el Ayuntamiento fuenterino y la Diputaci\u00f3n de Granada para conmemorar el <strong>125 aniversario del nacimiento de Federico Garc\u00eda Lorca<\/strong> con motivo del \u20185 a las 5\u2019.<\/p>\n<p style=\"text-align: justify;\">Todos ellos participar\u00e1n en el primer<strong> \u2018La Fuente Music Festival\u2019,<\/strong> un festival musical que se celebrar\u00e1 <strong>los d\u00edas 2 y 3 de junio en el Paseo del Prado,<\/strong> junto al Consistorio, con entrada libre y gratuita.<\/p>\n<p style=\"text-align: justify;\">As\u00ed, Arco y Jos\u00e9 Antonio Garc\u00eda actuar\u00e1n el viernes 2 de junio, y Nacha Pop y Carmencita Calavera lo har\u00e1n el s\u00e1bado 3 de junio, en ambos casos a partir de las 22:00 horas. \u201c\u2018La Fuente Music Festival\u2019, el primer festival de este tipo que acoge Fuente Vaqueros, formar\u00e1 parte de las actividades que organizamos desde el Ayuntamiento, y que incluyen la entrega del Pozo de Plata o del premio del Certamen de Poes\u00eda \u2018El 5 a las 5\u2019, organizado por la concejal\u00eda de Cultura\u201d, ha destacado el alcalde de Fuente Vaqueros, Jos\u00e9 Manuel Molino.<\/p>\n<p style=\"text-align: justify;\">El edil se ha mostrado \u201cmuy ilusionado por este importante evento musical, organizado por la concejal\u00eda de Fiestas\u00bb. \u00abEstamos convencidos de que traer\u00e1 hasta nuestro municipio a gente de toda la provincia\u00bb, ha a\u00f1adido.<\/p>\n<p><span class=\"single-new-date\"><strong>\u00a0<\/strong><\/span><strong><span class=\"single-new-author\">Gabinete<\/span><\/strong> GRANADA DIGITAL<\/p>\n<div class=\"single-new-img\">\n<figure><figcaption class=\"caption wp-caption-text\">Jos\u00e9 Antonio Garc\u00eda ser\u00e1 uno de los artistas que actuar\u00e1 en el festival que se celebra en Fuente Vaqueros | Foto: Javi Gea<\/figcaption><\/figure>\n<\/div>\n<div class=\"row single-new-content\">\n<div class=\"col-md-8 content-left\">\n<div class=\"single-new-header-meta text-muted\">\n<div class=\"single-new-date-author\"><span class=\"single-new-date\"><time class=\"updated\" datetime=\"2023-04-26T20:42:14+02:00\">https:\/\/www.granadadigital.es\/fuente-vaqueros-la-fuente-music-festival-celebrar-125-aniversario-nacimiento-lorca\/<\/time><\/span><\/div>\n<p><i class=\"far fa-comment\"><\/i><\/div>\n<\/div>\n<\/div>\n<p>&nbsp;<\/p>\n","protected":false},"excerpt":{"rendered":"<p>Arco, Jos\u00e9 Antonio Garc\u00eda, Nacha Pop y Carmencita Calavera actuar\u00e1n en este evento que se&#8230;<\/p>\n","protected":false},"author":1,"featured_media":60998,"comment_status":"closed","ping_status":"closed","sticky":false,"template":"","format":"standard","meta":{"_coblocks_attr":"","_coblocks_dimensions":"","_coblocks_responsive_height":"","_coblocks_accordion_ie_support":"","jetpack_post_was_ever_published":false,"_jetpack_newsletter_access":"","_jetpack_dont_email_post_to_subs":false,"_jetpack_newsletter_tier_id":0,"_jetpack_memberships_contains_paywalled_content":false,"_jetpack_memberships_contains_paid_content":false,"footnotes":"","jetpack_publicize_message":"","jetpack_publicize_feature_enabled":true,"jetpack_social_post_already_shared":false,"jetpack_social_options":{"image_generator_settings":{"template":"highway","default_image_id":0,"enabled":false},"version":2}},"categories":[1161,44,6937,15,10],"tags":[10298,10297,797],"class_list":["post-60997","post","type-post","status-publish","format-standard","has-post-thumbnail","hentry","category-ciudadania","category-noticias-de-hoy","category-sociedad","category-ultimas-noticias","category-salud","tag-aniversario-lorca","tag-fiesta-d","tag-fuente-vaqueros"],"jetpack_publicize_connections":[],"jetpack_featured_media_url":"https:\/\/i0.wp.com\/miradordeatarfe.es\/wp-content\/uploads\/2023\/04\/FOTOS-CONCIERTO-091-GRANADA-Javi-Gea-8-1010x673-1.jpg?fit=1010%2C673&ssl=1","jetpack_likes_enabled":true,"jetpack_sharing_enabled":true,"_links":{"self":[{"href":"https:\/\/miradordeatarfe.es\/index.php?rest_route=\/wp\/v2\/posts\/60997","targetHints":{"allow":["GET"]}}],"collection":[{"href":"https:\/\/miradordeatarfe.es\/index.php?rest_route=\/wp\/v2\/posts"}],"about":[{"href":"https:\/\/miradordeatarfe.es\/index.php?rest_route=\/wp\/v2\/types\/post"}],"author":[{"embeddable":true,"href":"https:\/\/miradordeatarfe.es\/index.php?rest_route=\/wp\/v2\/users\/1"}],"replies":[{"embeddable":true,"href":"https:\/\/miradordeatarfe.es\/index.php?rest_route=%2Fwp%2Fv2%2Fcomments&post=60997"}],"version-history":[{"count":1,"href":"https:\/\/miradordeatarfe.es\/index.php?rest_route=\/wp\/v2\/posts\/60997\/revisions"}],"predecessor-version":[{"id":60999,"href":"https:\/\/miradordeatarfe.es\/index.php?rest_route=\/wp\/v2\/posts\/60997\/revisions\/60999"}],"wp:featuredmedia":[{"embeddable":true,"href":"https:\/\/miradordeatarfe.es\/index.php?rest_route=\/wp\/v2\/media\/60998"}],"wp:attachment":[{"href":"https:\/\/miradordeatarfe.es\/index.php?rest_route=%2Fwp%2Fv2%2Fmedia&parent=60997"}],"wp:term":[{"taxonomy":"category","embeddable":true,"href":"https:\/\/miradordeatarfe.es\/index.php?rest_route=%2Fwp%2Fv2%2Fcategories&post=60997"},{"taxonomy":"post_tag","embeddable":true,"href":"https:\/\/miradordeatarfe.es\/index.php?rest_route=%2Fwp%2Fv2%2Ftags&post=60997"}],"curies":[{"name":"wp","href":"https:\/\/api.w.org\/{rel}","templated":true}]}}