{"id":61025,"date":"2023-04-30T09:10:18","date_gmt":"2023-04-30T07:10:18","guid":{"rendered":"https:\/\/miradordeatarfe.es\/?p=61025"},"modified":"2023-04-30T09:47:21","modified_gmt":"2023-04-30T07:47:21","slug":"primero-de-mayo-en-granada-para-exigir-que-suban-los-salarios-y-bajen-los-precios","status":"publish","type":"post","link":"https:\/\/miradordeatarfe.es\/?p=61025","title":{"rendered":"\u00abSubir salarios, bajar precios y repartir beneficios\u00bb, reivindicaciones de UGT y CCOO para el 1 de mayo"},"content":{"rendered":"<h3 style=\"text-align: justify;\">El secretario general de CCOO Granada, Daniel Mesa, y el secretario general de UGT Granada, Luis Miguel Guti\u00e9rrez, han presentado las <strong>movilizaciones del 1 de mayo<\/strong> en la provincia granadina. Ser\u00e1n dos manifestaciones, una en Granada desde el Triunfo y otra en Motril desde la avenida P\u00edo XII, ambas con salida a las 12:00 horas, que en esta ocasi\u00f3n tendr\u00e1n como lema &#8216;Subir salarios, bajar precios y repartir beneficios&#8217;.<\/h3>\n<p>&nbsp;<\/p>\n<p><a href=\"https:\/\/i0.wp.com\/miradordeatarfe.es\/wp-content\/uploads\/2023\/04\/1.png?ssl=1\"><img data-recalc-dims=\"1\" loading=\"lazy\" decoding=\"async\" class=\"wp-image-61029 size-full aligncenter\" src=\"https:\/\/i0.wp.com\/miradordeatarfe.es\/wp-content\/uploads\/2023\/04\/1.png?resize=640%2C88&#038;ssl=1\" alt=\"\" width=\"640\" height=\"88\" srcset=\"https:\/\/i0.wp.com\/miradordeatarfe.es\/wp-content\/uploads\/2023\/04\/1.png?w=865&amp;ssl=1 865w, https:\/\/i0.wp.com\/miradordeatarfe.es\/wp-content\/uploads\/2023\/04\/1.png?resize=300%2C41&amp;ssl=1 300w, https:\/\/i0.wp.com\/miradordeatarfe.es\/wp-content\/uploads\/2023\/04\/1.png?resize=768%2C106&amp;ssl=1 768w\" sizes=\"auto, (max-width: 640px) 100vw, 640px\" \/><\/a><a href=\"https:\/\/i0.wp.com\/miradordeatarfe.es\/wp-content\/uploads\/2023\/04\/2-1.png?ssl=1\"><img data-recalc-dims=\"1\" loading=\"lazy\" decoding=\"async\" class=\"wp-image-61033 size-full aligncenter\" src=\"https:\/\/i0.wp.com\/miradordeatarfe.es\/wp-content\/uploads\/2023\/04\/2-1.png?resize=640%2C82&#038;ssl=1\" alt=\"\" width=\"640\" height=\"82\" srcset=\"https:\/\/i0.wp.com\/miradordeatarfe.es\/wp-content\/uploads\/2023\/04\/2-1.png?w=980&amp;ssl=1 980w, https:\/\/i0.wp.com\/miradordeatarfe.es\/wp-content\/uploads\/2023\/04\/2-1.png?resize=300%2C39&amp;ssl=1 300w, https:\/\/i0.wp.com\/miradordeatarfe.es\/wp-content\/uploads\/2023\/04\/2-1.png?resize=768%2C99&amp;ssl=1 768w\" sizes=\"auto, (max-width: 640px) 100vw, 640px\" \/><\/a><\/p>\n<p style=\"text-align: justify;\">Luis Miguel Guti\u00e9rrez ha manifestado que en UGT preocupa<strong> la inflaci\u00f3n<\/strong>. \u00abSuben los alimentos la luz, los carburantes, etc, y las cuentas no le salen a la clase trabajadora granadina. Los presupuestos familiares no llegan, el carro de la compra cada vez es m\u00e1s inaccesible y mientras, el incremento medio salarial en Granada es de s\u00f3lo el 2,58%. As\u00ed, con estos salarios, un IPC provincial en variaci\u00f3n anual del 3,6%, la inflaci\u00f3n empobrece a las familias, en especial a los 79.269 granadinos y granadinas desempleados, mientras los bancos y empresas presumen de beneficios\u00bb, ha indicado.<ins id=\"revive-0-2\" data-revive-zoneid=\"106\" data-revive-id=\"3675e576db6d1cc6cb6554b6e5954dc7\" data-revive-seq=\"2\" data-revive-loaded=\"1\"><\/ins><\/p>\n<p style=\"text-align: justify;\">\u00abEn los \u00faltimos a\u00f1os, los sindicatos de clase han conseguido muchas conquistas sociales y laborales , a trav\u00e9s del di\u00e1logo social con el Gobierno. Conquistas que han supuesto ganar derechos y mejorar la vida de las personas trabajadoras, por lo que ha manifestado su compromiso para seguir trabajando para lograr m\u00e1s y mejores derechos. No obstante, la reivindicaci\u00f3n sindical debe continuar. Hay que consolidar la reforma laboral desde el punto de vista pol\u00edtico, el SMI debe seguir subiendo, y hay que aumentar el precio del despido. Adem\u00e1s, hay problemas que se tienen que abordar y que tienen que ver con la seguridad y salud en el trabajo, con la falta de efectivos en la Inspecci\u00f3n de Trabajo, con una fiscalidad justa, con la necesidad de continuar implementando pol\u00edticas sociales o con preservar los servicios p\u00fablicos fundamentales para la ciudadan\u00eda, como la sanidad, la educaci\u00f3n, la dependencia y ayuda a domicilio, o la justicia\u00bb, ha se\u00f1alado Guti\u00e9rrez.<ins id=\"revive-0-3\" data-revive-zoneid=\"36\" data-revive-id=\"3675e576db6d1cc6cb6554b6e5954dc7\" data-revive-seq=\"3\" data-revive-loaded=\"1\"><\/ins><\/p>\n<p style=\"text-align: justify;\">Seg\u00fan ha explicado el representante de UGT, usar\u00e1n una de las \u00abarmas\u00bb m\u00e1s efectivas, \u00abque es la negociaci\u00f3n colectiva\u00bb, porque \u00abla mejora de las condiciones sociolaborales de los trabajadores y trabajadoras pasa por una subida de los salarios\u00bb. \u00abCon los beneficios empresariales que tiene nuestro pa\u00eds, los tiene que repartir. El problema no son las pymes y los aut\u00f3nomos, sino las grandes empresas que subcontratan y se quedan con una parte del beneficio, dejando margen escaso a las pymes y a los salarios de las personas trabajadoras\u00bb, ha apuntado Guti\u00e9rrez. Por ello, ha reiterado que es \u00abfundamental\u00bb que la patronal \u00abretome las negociaciones para un nuevo AENC, y que el acuerdo tiene que llegar antes de las vacaciones\u00bb. \u00abNo se va a dejar para septiembre la negociaci\u00f3n de los convenios\u00bb, ha advertido.<ins id=\"revive-0-4\" data-revive-zoneid=\"107\" data-revive-id=\"3675e576db6d1cc6cb6554b6e5954dc7\" data-revive-seq=\"4\" data-revive-loaded=\"1\"><\/ins><\/p>\n<p style=\"text-align: justify;\">Por \u00faltimo, el secretario general de UGT en Granada considera \u00abfundamental que las administraciones p\u00fablicas pongan los medios para que los desempleados y desempleadas, en especial los de larga duraci\u00f3n, tengan la oportunidad de orientarse, formarse y emplearse, y exigir a los empresarios granadinos que sit\u00faen las necesidades de empleo que tienen y que mejoren las condiciones de los trabajadores y trabajadoras de la provincia\u00bb.<ins id=\"revive-0-5\" data-revive-zoneid=\"86\" data-revive-id=\"3675e576db6d1cc6cb6554b6e5954dc7\" data-revive-seq=\"5\" data-revive-loaded=\"1\"><\/ins><\/p>\n<p style=\"text-align: justify;\">Por su parte, el secretario general de CCOO Granada, Daniel Mesa, ha recordado que este 1 de mayo es \u00abuna fecha reivindicativa\u00bb y ha hecho un llamamiento \u00aba salir a la calle en las manifestaciones convocadas en Granada y Motril\u00bb. \u00abEste<strong> 1 de mayo<\/strong> salimos a la calle para poner en valor las conquistas logradas como la subida del SMI, la reforma laboral o el pacto que ha logrado blindar las pensiones de nuestros mayores, ha asegurado Mesa, quien tambi\u00e9n ha indicado que quieren que este 1 de mayo \u00absea un punto de inflexi\u00f3n para reclamar al Gobierno medidas reales en la contenci\u00f3n de los precios y pedir a la patronal el fin de la avaricia empresarial, porque si no suben los salarios de la clase trabajadora, la movilizaci\u00f3n en las calles est\u00e1 servida\u00bb.<\/p>\n<p><strong>REDACCI\u00d3N<\/strong><\/p>\n<p>FOTO: Los secretarios generales de CCOO Granada y de UGT Granada han presentado las movilizaciones del 1 de mayo en la provincia granadina | Foto: Gabinete\u00a0<\/p>\n<p>https:\/\/www.granadadigital.es\/subir-salarios-bajar-precios-repartir-beneficios-reivindicaciones-ugt-ccoo-1-mayo\/<\/p>\n","protected":false},"excerpt":{"rendered":"<p>El secretario general de CCOO Granada, Daniel Mesa, y el secretario general de UGT Granada,&#8230;<\/p>\n","protected":false},"author":1,"featured_media":61026,"comment_status":"closed","ping_status":"closed","sticky":false,"template":"","format":"standard","meta":{"_coblocks_attr":"","_coblocks_dimensions":"","_coblocks_responsive_height":"","_coblocks_accordion_ie_support":"","jetpack_post_was_ever_published":false,"_jetpack_newsletter_access":"","_jetpack_dont_email_post_to_subs":false,"_jetpack_newsletter_tier_id":0,"_jetpack_memberships_contains_paywalled_content":false,"_jetpack_memberships_contains_paid_content":false,"footnotes":"","jetpack_publicize_message":"","jetpack_publicize_feature_enabled":true,"jetpack_social_post_already_shared":false,"jetpack_social_options":{"image_generator_settings":{"template":"highway","default_image_id":0,"enabled":false},"version":2}},"categories":[1161,44,7671,15],"tags":[2587,192],"class_list":["post-61025","post","type-post","status-publish","format-standard","has-post-thumbnail","hentry","category-ciudadania","category-noticias-de-hoy","category-politica","category-ultimas-noticias","tag-1o-de-mayo","tag-manifestacion"],"jetpack_publicize_connections":[],"jetpack_featured_media_url":"https:\/\/i0.wp.com\/miradordeatarfe.es\/wp-content\/uploads\/2023\/04\/Presentacion-manifestacion-1-de-mayo.jpg?fit=970%2C544&ssl=1","jetpack_likes_enabled":true,"jetpack_sharing_enabled":true,"_links":{"self":[{"href":"https:\/\/miradordeatarfe.es\/index.php?rest_route=\/wp\/v2\/posts\/61025","targetHints":{"allow":["GET"]}}],"collection":[{"href":"https:\/\/miradordeatarfe.es\/index.php?rest_route=\/wp\/v2\/posts"}],"about":[{"href":"https:\/\/miradordeatarfe.es\/index.php?rest_route=\/wp\/v2\/types\/post"}],"author":[{"embeddable":true,"href":"https:\/\/miradordeatarfe.es\/index.php?rest_route=\/wp\/v2\/users\/1"}],"replies":[{"embeddable":true,"href":"https:\/\/miradordeatarfe.es\/index.php?rest_route=%2Fwp%2Fv2%2Fcomments&post=61025"}],"version-history":[{"count":5,"href":"https:\/\/miradordeatarfe.es\/index.php?rest_route=\/wp\/v2\/posts\/61025\/revisions"}],"predecessor-version":[{"id":61034,"href":"https:\/\/miradordeatarfe.es\/index.php?rest_route=\/wp\/v2\/posts\/61025\/revisions\/61034"}],"wp:featuredmedia":[{"embeddable":true,"href":"https:\/\/miradordeatarfe.es\/index.php?rest_route=\/wp\/v2\/media\/61026"}],"wp:attachment":[{"href":"https:\/\/miradordeatarfe.es\/index.php?rest_route=%2Fwp%2Fv2%2Fmedia&parent=61025"}],"wp:term":[{"taxonomy":"category","embeddable":true,"href":"https:\/\/miradordeatarfe.es\/index.php?rest_route=%2Fwp%2Fv2%2Fcategories&post=61025"},{"taxonomy":"post_tag","embeddable":true,"href":"https:\/\/miradordeatarfe.es\/index.php?rest_route=%2Fwp%2Fv2%2Ftags&post=61025"}],"curies":[{"name":"wp","href":"https:\/\/api.w.org\/{rel}","templated":true}]}}