{"id":6104,"date":"2016-01-22T06:06:35","date_gmt":"2016-01-22T06:06:35","guid":{"rendered":"http:\/\/miradordeatarfe.es\/?p=6104"},"modified":"2016-01-19T10:11:00","modified_gmt":"2016-01-19T10:11:00","slug":"la-policia-holandesa-denuncia-la-presencia-de-traficantes-de-personas-en-los-alrededores-de-centros-de-refugiados","status":"publish","type":"post","link":"https:\/\/miradordeatarfe.es\/?p=6104","title":{"rendered":"La Polic\u00eda holandesa denuncia la presencia de traficantes de personas en los alrededores de centros de refugiados"},"content":{"rendered":"<p>Un informe de la Agencia Central de Recepci\u00f3n de Solicitantes de Asilo a\u00f1ade que docenas de mujeres que viajaban solas han desaparecido de los centros y que son \u00abobjetivos f\u00e1ciles\u00bb porque no tienen dinero y son f\u00e1ciles de convencer al no saber d\u00f3nde acudir para pedir ayuda.<!--more-->Seg\u00fan informa el diario Volksrant, la Polic\u00eda ha pedido a los centros \u00abque registren y comuniquen incidentes potenciales\u00bb para esclarecer el problema, ya que la falta de informaci\u00f3n y testimonios no les permite iniciar una investigaci\u00f3n penal.<\/p>\n<section>\n<article>La Polic\u00eda holandesa ha denunciado \u00absignos claros\u00bb de <strong>presencia de traficantes de personas activos por los alrededores de centros de refugiados<\/strong> en Holanda con el objetivo de captar a mujeres j\u00f3venes para que ejerzan la prostituci\u00f3n, informa el diario Volksrant.<\/p>\n<p>La Polic\u00eda pidi\u00f3 a todos los centros<strong> \u00abque registren y comuniquen incidentes potenciales\u00bb<\/strong> para que se pueda tener una perspectiva certera del alcance del problema.<\/p>\n<p>Los traficantes se ubicar\u00edan a las afueras de centros de la regi\u00f3n Drenthe y en las ciudades de Nijmegen y Rotterdam. Sin embargo, al no tener testimonios de v\u00edctimas ni suficiente informaci\u00f3n concreta las autoridades<strong> no pueden iniciar una investigaci\u00f3n penal para esclarecer este asunto<\/strong>, seg\u00fan Volksrant.<\/p>\n<p>La Agencia Central de Recepci\u00f3n de Solicitantes de Asilo (COA, por sus siglas en neerland\u00e9s) fue la que dio la voz de alarma sobre las actividades de presuntos traficantes en los alrededores de los centros de refugiados.<\/p>\n<p>Un informe de esta organizaci\u00f3n indic\u00f3 que <strong>docenas de mujeres solicitantes de asilo que viajaban solas han desaparecido de sus centro<\/strong>s, y que se les sit\u00faa en manos de traficantes de personas.<\/p>\n<p>El an\u00e1lisis de la COA detall\u00f3 que estas mujeres <strong>\u00abson objetivos f\u00e1ciles\u00bb porque no tienen dinero, son f\u00e1ciles de convencer <\/strong>y no saben ad\u00f3nde acudir para pedir ayuda. Esta entidad ya denunci\u00f3 la semana pasada posibles abusos a menores en una iglesia de la comunidad eritrea de Rotterdam, donde un n\u00famero elevado de chicas j\u00f3venes se hab\u00edan quedado embarazadas, seg\u00fan inform\u00f3 el portal de noticias Dutch News.<\/p>\n<\/article>\n<p><a href=\"http:\/\/www.antena3.com\/noticias\/mundo\/policia-holandesa-denuncia-presencia-traficantes-personas-alrededores-centros-refugiados_2016011800340.html\">http:\/\/www.antena3.com\/noticias\/mundo\/policia-holandesa-denuncia-presencia-traficantes-personas-alrededores-centros-refugiados_2016011800340.html<\/a><\/p>\n<\/section>\n","protected":false},"excerpt":{"rendered":"<p>Un informe de la Agencia Central de Recepci\u00f3n de Solicitantes de Asilo a\u00f1ade que docenas&#8230;<\/p>\n","protected":false},"author":1,"featured_media":6105,"comment_status":"closed","ping_status":"closed","sticky":false,"template":"","format":"standard","meta":{"_coblocks_attr":"","_coblocks_dimensions":"","_coblocks_responsive_height":"","_coblocks_accordion_ie_support":"","jetpack_post_was_ever_published":false,"_jetpack_newsletter_access":"","_jetpack_dont_email_post_to_subs":false,"_jetpack_newsletter_tier_id":0,"_jetpack_memberships_contains_paywalled_content":false,"_jetpack_memberships_contains_paid_content":false,"footnotes":"","jetpack_publicize_message":"","jetpack_publicize_feature_enabled":true,"jetpack_social_post_already_shared":false,"jetpack_social_options":{"image_generator_settings":{"template":"highway","default_image_id":0,"enabled":false},"version":2}},"categories":[1161,186,44,15],"tags":[679,1864,2056],"class_list":["post-6104","post","type-post","status-publish","format-standard","has-post-thumbnail","hentry","category-ciudadania","category-instituciones","category-noticias-de-hoy","category-ultimas-noticias","tag-refugiados","tag-solidaridad","tag-traficantes-de-personas"],"jetpack_publicize_connections":[],"jetpack_featured_media_url":"https:\/\/i0.wp.com\/miradordeatarfe.es\/wp-content\/uploads\/2016\/01\/239160-944-628.jpg?fit=944%2C628&ssl=1","jetpack_likes_enabled":true,"jetpack_sharing_enabled":true,"_links":{"self":[{"href":"https:\/\/miradordeatarfe.es\/index.php?rest_route=\/wp\/v2\/posts\/6104","targetHints":{"allow":["GET"]}}],"collection":[{"href":"https:\/\/miradordeatarfe.es\/index.php?rest_route=\/wp\/v2\/posts"}],"about":[{"href":"https:\/\/miradordeatarfe.es\/index.php?rest_route=\/wp\/v2\/types\/post"}],"author":[{"embeddable":true,"href":"https:\/\/miradordeatarfe.es\/index.php?rest_route=\/wp\/v2\/users\/1"}],"replies":[{"embeddable":true,"href":"https:\/\/miradordeatarfe.es\/index.php?rest_route=%2Fwp%2Fv2%2Fcomments&post=6104"}],"version-history":[{"count":1,"href":"https:\/\/miradordeatarfe.es\/index.php?rest_route=\/wp\/v2\/posts\/6104\/revisions"}],"predecessor-version":[{"id":6106,"href":"https:\/\/miradordeatarfe.es\/index.php?rest_route=\/wp\/v2\/posts\/6104\/revisions\/6106"}],"wp:featuredmedia":[{"embeddable":true,"href":"https:\/\/miradordeatarfe.es\/index.php?rest_route=\/wp\/v2\/media\/6105"}],"wp:attachment":[{"href":"https:\/\/miradordeatarfe.es\/index.php?rest_route=%2Fwp%2Fv2%2Fmedia&parent=6104"}],"wp:term":[{"taxonomy":"category","embeddable":true,"href":"https:\/\/miradordeatarfe.es\/index.php?rest_route=%2Fwp%2Fv2%2Fcategories&post=6104"},{"taxonomy":"post_tag","embeddable":true,"href":"https:\/\/miradordeatarfe.es\/index.php?rest_route=%2Fwp%2Fv2%2Ftags&post=6104"}],"curies":[{"name":"wp","href":"https:\/\/api.w.org\/{rel}","templated":true}]}}