{"id":61086,"date":"2023-04-30T09:30:54","date_gmt":"2023-04-30T07:30:54","guid":{"rendered":"https:\/\/miradordeatarfe.es\/?p=61086"},"modified":"2023-04-30T09:47:38","modified_gmt":"2023-04-30T07:47:38","slug":"atarfe-sergio-pimentel-a-nadie-del-equipo-le-entra-el-balon","status":"publish","type":"post","link":"https:\/\/miradordeatarfe.es\/?p=61086","title":{"rendered":"ATARFE: \u00abSergio Pimentel: A nadie del equipo le entra el bal\u00f3n\u00bb"},"content":{"rendered":"<h2 style=\"text-align: justify;\">ENTREVISTA | El centrocampista del Atarfe Industrial destac\u00f3 que est\u00e1n fallando muchas ocasiones claras en la segunda vuelta<\/h2>\n<p style=\"text-align: justify;\">El Atarfe Industrial se tendr\u00e1 que jugar la permanencia en las dos jornadas que quedan para que finalice la Divisi\u00f3n de Honor. La falta de definici\u00f3n en el \u00e1rea rival ha hecho que el conjunto blanquiverde llegue en una delicada situaci\u00f3n, pero a\u00fan restan dos partidos para poder enmendar la situaci\u00f3n. Adem\u00e1s, el equipo atarfe\u00f1o tiene jugadores de calidad para poder salir de la zona peligrosa como es el caso de Sergio Pimentel, que tiene un gran futuro por delante.\u00a0<\/p>\n<p style=\"text-align: justify;\">A sus 21 a\u00f1os ,Sergio Pimentel recal\u00f3 en el Atarfe Industrial tras militar la pasada campa\u00f1a en el Berja, filial del Polideportivo El Ejido. Esta temporada, Pimentel estuvo a prueba en el Atl\u00e9tico Malague\u00f1o donde no se qued\u00f3 y firm\u00f3 en el CF Motril. La apuesta del conjunto costero de entrenador y jugadores de fuera de la provincia hizo que no tuviese muchas oportunidades por lo que se march\u00f3 al conjunto metropolitano<\/p>\n<p style=\"text-align: justify;\">Sergio Pimentel, en declaraciones a nuestro programa de radio, destac\u00f3 que \u201cen la segunda vuelta estamos con ese problema de que no entra el bal\u00f3n\u201d.Sobre las dos jornada que restan, el centrocampista reconoci\u00f3 que \u201cson partidos complicados porque ellos se la est\u00e1n jugando como nosotros, pero ya nos toca ganar, meter las ocasiones y poder sacar los seis puntos en juego\u201d.<\/p>\n<p style=\"text-align: justify;\">Pimentel destac\u00f3 su pasado en el Berja CF, rival del Atarfe este domingo, \u00abel a\u00f1o pasado jugu\u00e9 all\u00ed y estuve bastante a gusto. Me dar\u00eda pena que el Berja descendiera. Est\u00e1n como nosotros y dependen de ellos\u201d.El futbolista atarfe\u00f1o solicit\u00f3 el apoyo de la afici\u00f3n para el encuentro ante el Berja. \u00abEl presidente se est\u00e1 moviendo para intentar llenar el campo este doming, porque estas \u00faltimas jornadas no est\u00e1 viniendo mucha gente y necesitamos el apoyo\u201d, dijo.<\/p>\n<p style=\"text-align: justify;\">Sergio Pimentel aspira a salvarse porque ascender desde Primera Andaluza es muy dif\u00edcil ya que \u201ces complicado porque puedes quedar primero, pero juegan cuatro equipos el play off y son dos partidos, puedes tener mala suerte. Un equipo puede hacer muy buena temporada, pero sino est\u00e1s bien en los play off te quedas sin ascenso\u201d.En lo personal, Pimentel apunt\u00f3 que \u00abeste a\u00f1o se me est\u00e1 atascando el gol, estoy teniendo ocasiones pero no s\u00e9 que pasa. Ni a mi, ni a nadie del equipo le entra el bal\u00f3n. Toni Iglesias y Rub\u00e9n Osuna han marcado diez tantos cada unos, pero podr\u00edan llevar muchos m\u00e1s\u00bb.<\/p>\n<p>David Contreras \u00a0|\u00a0 <i class=\"fa-calendar-o\"><\/i> 27 de abril de 2023 \u00a0|\u00a0 <i class=\"fa-twitter\"><\/i> <a href=\"https:\/\/twitter.com\/@DavidContreras4\" target=\"_blank\" rel=\"noopener\">@DavidContreras4 <\/a> \u00a0|\u00a0 <i class=\"fa-envelope\"><\/i> <a href=\"mailto:dcontreras@granadaenjuego.com\">dcontreras@granadaenjuego.com <\/a><\/p>\n<p>FOTO: <i>Sergio Pimentel, jugador del Atarfe Industrial, durante un partido (J. PALMA)<\/i><\/p>\n<p>https:\/\/www.granadaenjuego.com\/atarfe-industrial-\/sergio-pimentel&#8211;a-nadie-del-equipo-le-entra-el-balon-<\/p>\n","protected":false},"excerpt":{"rendered":"<p>ENTREVISTA | El centrocampista del Atarfe Industrial destac\u00f3 que est\u00e1n fallando muchas ocasiones claras en&#8230;<\/p>\n","protected":false},"author":1,"featured_media":61087,"comment_status":"closed","ping_status":"closed","sticky":false,"template":"","format":"standard","meta":{"_coblocks_attr":"","_coblocks_dimensions":"","_coblocks_responsive_height":"","_coblocks_accordion_ie_support":"","jetpack_post_was_ever_published":false,"_jetpack_newsletter_access":"","_jetpack_dont_email_post_to_subs":false,"_jetpack_newsletter_tier_id":0,"_jetpack_memberships_contains_paywalled_content":false,"_jetpack_memberships_contains_paid_content":false,"footnotes":"","jetpack_publicize_message":"","jetpack_publicize_feature_enabled":true,"jetpack_social_post_already_shared":false,"jetpack_social_options":{"image_generator_settings":{"template":"highway","default_image_id":0,"enabled":false},"version":2}},"categories":[2,1161,182,44,15],"tags":[3984,123,666],"class_list":["post-61086","post","type-post","status-publish","format-standard","has-post-thumbnail","hentry","category-atarfe","category-ciudadania","category-deportes","category-noticias-de-hoy","category-ultimas-noticias","tag-atarfe-industrialc-f","tag-deportes","tag-futbol"],"jetpack_publicize_connections":[],"jetpack_featured_media_url":"https:\/\/i0.wp.com\/miradordeatarfe.es\/wp-content\/uploads\/2023\/04\/imagen52201_0_original.jpg?fit=1000%2C775&ssl=1","jetpack_likes_enabled":true,"jetpack_sharing_enabled":true,"_links":{"self":[{"href":"https:\/\/miradordeatarfe.es\/index.php?rest_route=\/wp\/v2\/posts\/61086","targetHints":{"allow":["GET"]}}],"collection":[{"href":"https:\/\/miradordeatarfe.es\/index.php?rest_route=\/wp\/v2\/posts"}],"about":[{"href":"https:\/\/miradordeatarfe.es\/index.php?rest_route=\/wp\/v2\/types\/post"}],"author":[{"embeddable":true,"href":"https:\/\/miradordeatarfe.es\/index.php?rest_route=\/wp\/v2\/users\/1"}],"replies":[{"embeddable":true,"href":"https:\/\/miradordeatarfe.es\/index.php?rest_route=%2Fwp%2Fv2%2Fcomments&post=61086"}],"version-history":[{"count":1,"href":"https:\/\/miradordeatarfe.es\/index.php?rest_route=\/wp\/v2\/posts\/61086\/revisions"}],"predecessor-version":[{"id":61088,"href":"https:\/\/miradordeatarfe.es\/index.php?rest_route=\/wp\/v2\/posts\/61086\/revisions\/61088"}],"wp:featuredmedia":[{"embeddable":true,"href":"https:\/\/miradordeatarfe.es\/index.php?rest_route=\/wp\/v2\/media\/61087"}],"wp:attachment":[{"href":"https:\/\/miradordeatarfe.es\/index.php?rest_route=%2Fwp%2Fv2%2Fmedia&parent=61086"}],"wp:term":[{"taxonomy":"category","embeddable":true,"href":"https:\/\/miradordeatarfe.es\/index.php?rest_route=%2Fwp%2Fv2%2Fcategories&post=61086"},{"taxonomy":"post_tag","embeddable":true,"href":"https:\/\/miradordeatarfe.es\/index.php?rest_route=%2Fwp%2Fv2%2Ftags&post=61086"}],"curies":[{"name":"wp","href":"https:\/\/api.w.org\/{rel}","templated":true}]}}