{"id":61179,"date":"2023-05-06T10:00:04","date_gmt":"2023-05-06T08:00:04","guid":{"rendered":"https:\/\/miradordeatarfe.es\/?p=61179"},"modified":"2023-05-08T08:32:02","modified_gmt":"2023-05-08T06:32:02","slug":"sindicatos-y-gentes-por-juan-de-dios-villanueva-roa","status":"publish","type":"post","link":"https:\/\/miradordeatarfe.es\/?p=61179","title":{"rendered":"\u00abSindicatos y gentes\u00bb por Juan de Dios Villanueva Roa"},"content":{"rendered":"<h3>Que s\u00ed, que hay muchas gentes con opiniones rotundas sobre los sindicatos, y sobre lo del Primero de Mayo y sobre eso de manifestarse por conseguir mejores salarios, mejores condiciones laborales, mayor reparto de la riqueza que produce con su trabajo, mayor seguridad en el tajo.<\/h3>\n<p>Ya s\u00e9 que hay quien defiende a los patrones a capa y a espada porque son los que pusieron su capital, que lo pudieron conseguir luchando solos contra los elementos o por herencias venidas. Es cierto que a\u00fan hay quien cree que cuando le suben la n\u00f3mina, cuando le rebajan la jornada laboral, al cuidar mejor las condiciones laborales son las sociedades an\u00f3nimas quienes han pensado en ese bien y lo han aplicado por obra y gracia de que pretenden que todo est\u00e9 m\u00e1s seguro, mejor y la gente trabaje en armon\u00eda y sosiego pagando m\u00e1s, adem\u00e1s; que el trabajo sea una adenda de la vida y no la misma vida.<\/p>\n<p>Lo s\u00e9 porque lo he visto y escuchado, a gentes que anteponen lo mejor para el patrono antes que lo mejor para quienes hacen que esa empresa pueda levantar cada d\u00eda las persianas y obtenga beneficios. Esas gentes que no acuden a votar porque esto de los sindicatos es de tiempos pasados y adem\u00e1s los sindicalistas son una panda.<\/p>\n<p>Esas gentes que luego, cuando se logran las mejoras salariales, son los primeros en reclamarlas y quienes se suman a los avances laborales y usan las mejoras con todas sus extensiones. Aun as\u00ed, el lunes pasado nos seguimos echando a la calle para recordar, tambi\u00e9n a esas gentes, que sin los sindicatos no habr\u00eda derechos, por ejemplo, para esas gentes que miran desde la acera, tampoco.<\/p>\n","protected":false},"excerpt":{"rendered":"<p>Que s\u00ed, que hay muchas gentes con opiniones rotundas sobre los sindicatos, y sobre lo&#8230;<\/p>\n","protected":false},"author":1,"featured_media":61182,"comment_status":"closed","ping_status":"closed","sticky":false,"template":"","format":"standard","meta":{"_coblocks_attr":"","_coblocks_dimensions":"","_coblocks_responsive_height":"","_coblocks_accordion_ie_support":"","jetpack_post_was_ever_published":false,"_jetpack_newsletter_access":"","_jetpack_dont_email_post_to_subs":false,"_jetpack_newsletter_tier_id":0,"_jetpack_memberships_contains_paywalled_content":false,"_jetpack_memberships_contains_paid_content":false,"footnotes":"","jetpack_publicize_message":"","jetpack_publicize_feature_enabled":true,"jetpack_social_post_already_shared":false,"jetpack_social_options":{"image_generator_settings":{"template":"highway","default_image_id":0,"enabled":false},"version":2}},"categories":[1161,9772,44,7671,6937,15],"tags":[2587,9845,559],"class_list":["post-61179","post","type-post","status-publish","format-standard","has-post-thumbnail","hentry","category-ciudadania","category-opinion-de-juan-de-dios-villanueva","category-noticias-de-hoy","category-politica","category-sociedad","category-ultimas-noticias","tag-1o-de-mayo","tag-9845","tag-trabajadores"],"jetpack_publicize_connections":[],"jetpack_featured_media_url":"https:\/\/i0.wp.com\/miradordeatarfe.es\/wp-content\/uploads\/2023\/05\/Manifestacion-del-Primero-de-Mayo-por-el-dia-del-Trabajador-AC-17-2.jpg?fit=896%2C506&ssl=1","jetpack_likes_enabled":true,"jetpack_sharing_enabled":true,"_links":{"self":[{"href":"https:\/\/miradordeatarfe.es\/index.php?rest_route=\/wp\/v2\/posts\/61179","targetHints":{"allow":["GET"]}}],"collection":[{"href":"https:\/\/miradordeatarfe.es\/index.php?rest_route=\/wp\/v2\/posts"}],"about":[{"href":"https:\/\/miradordeatarfe.es\/index.php?rest_route=\/wp\/v2\/types\/post"}],"author":[{"embeddable":true,"href":"https:\/\/miradordeatarfe.es\/index.php?rest_route=\/wp\/v2\/users\/1"}],"replies":[{"embeddable":true,"href":"https:\/\/miradordeatarfe.es\/index.php?rest_route=%2Fwp%2Fv2%2Fcomments&post=61179"}],"version-history":[{"count":1,"href":"https:\/\/miradordeatarfe.es\/index.php?rest_route=\/wp\/v2\/posts\/61179\/revisions"}],"predecessor-version":[{"id":61180,"href":"https:\/\/miradordeatarfe.es\/index.php?rest_route=\/wp\/v2\/posts\/61179\/revisions\/61180"}],"wp:featuredmedia":[{"embeddable":true,"href":"https:\/\/miradordeatarfe.es\/index.php?rest_route=\/wp\/v2\/media\/61182"}],"wp:attachment":[{"href":"https:\/\/miradordeatarfe.es\/index.php?rest_route=%2Fwp%2Fv2%2Fmedia&parent=61179"}],"wp:term":[{"taxonomy":"category","embeddable":true,"href":"https:\/\/miradordeatarfe.es\/index.php?rest_route=%2Fwp%2Fv2%2Fcategories&post=61179"},{"taxonomy":"post_tag","embeddable":true,"href":"https:\/\/miradordeatarfe.es\/index.php?rest_route=%2Fwp%2Fv2%2Ftags&post=61179"}],"curies":[{"name":"wp","href":"https:\/\/api.w.org\/{rel}","templated":true}]}}